{"id":1224135,"date":"2026-08-08T14:10:28","date_gmt":"2026-08-08T14:10:28","guid":{"rendered":"https:\/\/www.europesays.com\/de\/1224135\/"},"modified":"2026-08-08T14:10:28","modified_gmt":"2026-08-08T14:10:28","slug":"nach-18-tagen-waldbrand-in-frankreich-eingedaemmt","status":"publish","type":"post","link":"https:\/\/www.europesays.com\/de\/1224135\/","title":{"rendered":"Nach 18 Tagen Waldbrand in Frankreich einged\u00e4mmt"},"content":{"rendered":"<p>        <img decoding=\"async\" src=\"https:\/\/www.europesays.com\/de\/wp-content\/uploads\/2026\/08\/63690011494437576_BLD_Online.jpg\" data-fullscreen-src=\"https:\/\/www.bvz.at\/image\/3840x0-jpg\/6571415\/63690011494437576_BLD_Online.jpg\" bad-src=\"https:\/\/www.europesays.com\/de\/wp-content\/uploads\/2026\/08\/63690011494437576_BLD_Online.jpg\" data-teaser-member=\"image\" alt=\"\u00dcber 18 Tage breitete sich das Feuer in S\u00fcdostfrankreich aus\"\/><\/p>\n<p>\n                \u00dcber 18 Tage breitete sich das Feuer in S\u00fcdostfrankreich aus            <\/p>\n<p>\n                Foto:<br \/>\n                APA\/AFP                            <\/p>\n<p>\n        <strong>N<\/strong>ach 18 Tagen haben Einsatzkr\u00e4fte die Ausbreitung eines gro\u00dfen Waldbrands im S\u00fcdosten Frankreichs gestoppt. Das Feuer am Gros Bessillon im D\u00e9partement Var sei nun offiziell &#8222;fixiert&#8220;, teilte die Pr\u00e4fektur am Freitag mit. Es habe sich auf rund 6.300 Hektar ausgebreitet, mehrere Ortschaften bedroht und dutzende H\u00e4user zerst\u00f6rt.    <\/p>\n<p>Bis der Brand unter Kontrolle und schlie\u00dflich vollst\u00e4ndig gel\u00f6scht sei, w\u00fcrden allerdings noch mehrere Tage vergehen, erkl\u00e4rten die Beh\u00f6rden. Rund 450 Feuerwehrleute blieben zum Ende der Woche im Einsatz. Auch die \u00dcberwachung der Waldgebiete werde fortgesetzt.<\/p>\n","protected":false},"excerpt":{"rendered":"\u00dcber 18 Tage breitete sich das Feuer in S\u00fcdostfrankreich aus Foto: APA\/AFP Nach 18 Tagen haben Einsatzkr\u00e4fte die&hellip;\n","protected":false},"author":2,"featured_media":1224136,"comment_status":"","ping_status":"","sticky":false,"template":"","format":"standard","meta":{"footnotes":"","_share_on_mastodon":"0"},"categories":[3974],"tags":[2064,4652,331,332,986,548,663,3934,3980,156,13,14,15,12,383],"class_list":["post-1224135","post","type-post","status-publish","format-standard","has-post-thumbnail","category-frankreich","tag-_apafeed","tag-wald","tag-aktuelle-nachrichten","tag-aktuelle-news","tag-braende","tag-eu","tag-europa","tag-europe","tag-france","tag-frankreich","tag-headlines","tag-nachrichten","tag-news","tag-schlagzeilen","tag-umwelt"],"share_on_mastodon":{"url":"https:\/\/pubeurope.com\/@de\/117060295339209133","error":""},"_links":{"self":[{"href":"https:\/\/www.europesays.com\/de\/wp-json\/wp\/v2\/posts\/1224135","targetHints":{"allow":["GET"]}}],"collection":[{"href":"https:\/\/www.europesays.com\/de\/wp-json\/wp\/v2\/posts"}],"about":[{"href":"https:\/\/www.europesays.com\/de\/wp-json\/wp\/v2\/types\/post"}],"author":[{"embeddable":true,"href":"https:\/\/www.europesays.com\/de\/wp-json\/wp\/v2\/users\/2"}],"replies":[{"embeddable":true,"href":"https:\/\/www.europesays.com\/de\/wp-json\/wp\/v2\/comments?post=1224135"}],"version-history":[{"count":0,"href":"https:\/\/www.europesays.com\/de\/wp-json\/wp\/v2\/posts\/1224135\/revisions"}],"wp:featuredmedia":[{"embeddable":true,"href":"https:\/\/www.europesays.com\/de\/wp-json\/wp\/v2\/media\/1224136"}],"wp:attachment":[{"href":"https:\/\/www.europesays.com\/de\/wp-json\/wp\/v2\/media?parent=1224135"}],"wp:term":[{"taxonomy":"category","embeddable":true,"href":"https:\/\/www.europesays.com\/de\/wp-json\/wp\/v2\/categories?post=1224135"},{"taxonomy":"post_tag","embeddable":true,"href":"https:\/\/www.europesays.com\/de\/wp-json\/wp\/v2\/tags?post=1224135"}],"curies":[{"name":"wp","href":"https:\/\/api.w.org\/{rel}","templated":true}]}}