{"id":1224176,"date":"2026-08-08T14:34:30","date_gmt":"2026-08-08T14:34:30","guid":{"rendered":"https:\/\/www.europesays.com\/de\/1224176\/"},"modified":"2026-08-08T14:34:30","modified_gmt":"2026-08-08T14:34:30","slug":"ukraine-news-russland-macht-kiew-fuer-drohnen-vorfall-in-leipzig-verantwortlich","status":"publish","type":"post","link":"https:\/\/www.europesays.com\/de\/1224176\/","title":{"rendered":"Ukraine-News: Russland macht Kiew f\u00fcr Drohnen-Vorfall in Leipzig verantwortlich"},"content":{"rendered":"<p>        <img decoding=\"async\" src=\"https:\/\/www.europesays.com\/de\/wp-content\/uploads\/2026\/08\/antonow-flugzeuge-100.webp\" alt=\"Ukrainische Antonow-Transportflugzeuge am Flughafen Leipzig\/Halle.\" title=\"Ukrainische Antonow-Transportflugzeuge am Flughafen Leipzig\/Halle. | picture alliance\/dpa | Hendrik Schmidt\" class=\"responsive\"\/><\/p>\n<p class=\"topline\">Ukraine-News<\/p>\n<p class=\"author\">von MDR AKTUELL<\/p>\n<p>\n                Stand: 08.08.2026 15:23 Uhr<\/p>\n<p>\n        15:15 Uhr\n    <\/p>\n<p>    Selenskyj: Ukraine hat kein intaktes W\u00e4rmekraftwerk mehr<\/p>\n<p class=\"\">Die Ukraine verf\u00fcgt nach Angaben von Pr\u00e4sident Wolodymyr Selenskyj vor dem kommenden Winter \u00fcber praktisch keine intakten W\u00e4rmekraftwerke mehr. Grund seien die nahezu t\u00e4glichen russischen Angriffe, sagte Selenskyj bei seinem Besuch in Serbien: &#8222;Die russischen Raketen zielen ganz konkret darauf ab, das Leben der Ukrainer unertr\u00e4glich zu machen.&#8220; Er habe mit dem serbischen Pr\u00e4sidenten Aleksandar Vu\u010di\u0107 deshalb auch \u00fcber die &#8222;Herausforderungen gesprochen, vor denen die Ukraine in diesem Winter stehen wird&#8220;.<\/p>\n<p>\n        15:05 Uhr\n    <\/p>\n<p>    Serbien und Ukraine vereinbaren engere Zusammenarbeit<\/p>\n<p class=\"\">Serbien und die Ukraine wollen enger zusammenarbeiten. Das machten die beiden Pr\u00e4sidenten Aleksandar Vu\u010di\u0107 und Wolodymyr Selenskyj in Belgrad deutlich. Selenskyj erkl\u00e4rte, bis Jahresende solle ein Freihandelsabkommen unterzeichnet werden. Er dankte auch humanit\u00e4re Hilfe Serbiens f\u00fcr den Medizin- und Energiebereich in der Ukraine.<\/p>\n<p>                    <a href=\"https:\/\/www.europesays.com\/de\/wp-content\/uploads\/2026\/08\/vucic-selenskyj-100.webp\" class=\"zoomimage\" title=\"Bild vergr\u00f6\u00dfern\"><\/p>\n<p>        <img decoding=\"async\" src=\"https:\/\/www.europesays.com\/de\/wp-content\/uploads\/2026\/08\/vucic-selenskyj-100.webp\" alt=\"Der ukrainische Pr\u00e4sident Selenskyj und der serbische Pr\u00e4sident Vucic geben sich die Hand\" title=\"Wollen enger zusammenarbeiten: der ukrainische Pr\u00e4sident Wolodymyr Selenskyj und Serbiens Pr\u00e4sident Aleksandar Vu\u010di\u0107 | picture alliance\/dpa\/AP | Darko Vojinovic\" class=\"responsive\" loading=\"lazy\"\/><\/p>\n<p>                    <\/a><\/p>\n<p>                    Wollen enger zusammenarbeiten: der ukrainische Pr\u00e4sident Wolodymyr Selenskyj und Serbiens Pr\u00e4sident Aleksandar Vu\u010di\u0107<\/p>\n<p class=\"\">Vu\u010di\u0107 erkl\u00e4rte, dass sein Land die territoriale Integrit\u00e4t der Ukraine unterst\u00fctze. Er dankte Kiew daf\u00fcr, im Fall Serbien dasselbe zu tun. Die Ukraine erkennt im Gegensatz zu vielen EU-L\u00e4ndern die Unabh\u00e4ngigkeit des Kosovo nicht an.<\/p>\n<p class=\"\">Eine milit\u00e4rische Zusammenarbeit mit der Ukraine schloss Vu\u010di\u0107 aus. Serbien unterh\u00e4lt gute Beziehungen zu Russland und hat sich als eines von wenigen europ\u00e4ischen L\u00e4ndern nicht den EU-Sanktionen gegen Moskau angeschlossen.<\/p>\n<p>\n        13:22 Uhr\n    <\/p>\n<p>    Russland meldet Einnahme von Ortschaft in Region Charkiw<\/p>\n<p class=\"\">Russland meldet die Einnahme der Ortschaft Iwaniwka in der ukrainischen Region Charkiw. Die Streitkr\u00e4fte h\u00e4tten die Siedlung unter ihre Kontrolle gebracht, teilte das Verteidigungsministerium in Moskau mit. Eine Stellungnahme der Ukraine lag zun\u00e4chst nicht vor. (Quelle: Reuters)<\/p>\n<p>\n        12:22 Uhr\n    <\/p>\n<p>    Drohne dringt im Luftraum von Bulgarien ein<\/p>\n<p class=\"\">Im Luftraum des Nato-Staates Bulgarien ist eine Drohne eingedrungen. Ministerpr\u00e4sident Rumen Radew nach einer Sitzung des Sicherheitsrates, das Flugobjekt sei auf bulgarischem Staatsgebiet in einer Entfernung von 100 Metern von der rum\u00e4nischen Grenze explodiert. Die Drohne hatte demnach eine Gro\u00dfmenge Sprengstoff. Teams der bulgarischen Grenzpolizei und des Verteidigungsministeriums seien dabei, die Herkunft der Drohne festzustellen. Es gebe keine Verletzten und auch keine Sachsch\u00e4den. (Quelle: dpa)<\/p>\n<p>\n        10:28 Uhr\n    <\/p>\n<p>    Angriff auf Waffentransporter im Schwarzen Meer<\/p>\n<p class=\"\">Russland hat nach eigenen Angaben ein Frachtschiff im Schwarzen Meer mit einer Milit\u00e4rdrohne angegriffen. Wie die Nachrichtenagentur Interfax unter Berufung auf das russische Verteidigungsministerium meldet, soll das Schiff Waffen f\u00fcr die ukrainischen Streitkr\u00e4fte transportiert haben. Der Angriff habe sich bereits am Freitag \u00f6stlich von Odessa ereignet. Angaben zu m\u00f6glichen Sch\u00e4den wurden nicht gemacht. (Quelle: Reuters)<\/p>\n<p>\n        09:42 Uhr\n    <\/p>\n<p>    Update: Russland meldet Treffer auf Kiewer R\u00fcstungsfabrik Fire Point<\/p>\n<p class=\"\">Das russische Milit\u00e4r spricht nach dem n\u00e4chtlichen Luftangriff auf Kiew von einem Schlag gegen den ukrainischen R\u00fcstungshersteller Fire Point. Das Verteidigungsministerium in Moskau teilte mit, es sei eine Produktionsst\u00e4tte getroffen worden, die Teile und Sprengk\u00f6pfe f\u00fcr den ukrainischen Marschflugk\u00f6rper FP-5 Flamingo herstelle. Au\u00dferdem sei ein Treibstofflager vernichtet worden, das die ukrainischen Truppen im Osten des Landes beliefere. Der Kiewer B\u00fcrgermeister Vitali Klitschko schrieb auf Telegram von Berichten \u00fcber brennende \u00d6ltanks im Stadtteil Obolon. Schwerpunkt des Luftangriffs mit Raketen und Kampfdrohnen war nach ukrainischen Angaben erneut der Vorort Browary mit seinen Logistikzentren. (Quellen: dpa, <a href=\"https:\/\/t.me\/mod_russia\/66352\" title=\"Telegram: Verteidigungsministerium Russland zu Raketenangriffen in Kiew\" class=\"extlink-preface\" data-type=\"external\" rel=\"nofollow\">Telegram<\/a>)<\/p>\n<p>\n        09:00 Uhr\n    <\/p>\n<p>    Verletzte nach Drohnenangriff auf \u00d6lraffinerie in S\u00fcdrussland<\/p>\n<p class=\"\">Bei einem ukrainischen Drohnenangriff auf die \u00d6lraffinerie Ilski in der s\u00fcdrussischen Region Krasnodar sind \u00f6rtlichen Beh\u00f6rden zufolge f\u00fcnf Menschen verletzt worden. Auf dem Gel\u00e4nde sei ein Feuer ausgebrochen, hie\u00df es. Zudem werden Drohnenangriffe auf eine Industrieanlage in der russischen Region Samara gemeldet, wie der dortige Gouverneur mitteilt. Das Unternehmen wird nicht namentlich genannt. Das russische Verteidigungsministerium erkl\u00e4rte, die Luftabwehr habe in der Nacht 397 ukrainische Drohnen \u00fcber mehreren Regionen zerst\u00f6rt. (Quelle: Reuters)<\/p>\n<p>\n        05:48 Uhr\n    <\/p>\n<p>    EU importiert wieder mehr Fl\u00fcssiggas aus Russland<\/p>\n<p class=\"\">Die EU hat im Juni einem Medienbericht zufolge 14 Prozent mehr russisches Fl\u00fcssiggas (LNG) importiert als ein Jahr zuvor. Das berichtet die &#8222;Welt am Sonntag&#8220; unter Berufung auf Daten des Forschungszentrums CREA. Moskau nahm demnach mit LNG-Verk\u00e4ufen zuletzt rund 60 Millionen Euro pro Tag ein. Gr\u00f6\u00dfter Abnehmer innerhalb der EU war Frankreich. Trotz der Sanktionen wegen des russischen Angriffskriegs gegen die Ukraine 2022 beziehen EU-Staaten weiterhin Energie aus Russland. Die EU will ab 2027 kein russisches Fl\u00fcssiggas mehr importieren. (Quelle: AFP)<\/p>\n<p>\n        05:44 Uhr\n    <\/p>\n<p>    Drei Tote bei russischen Angriffen auf Region Kiew<\/p>\n<p class=\"\">Bei neuen russischen Luftangriffen auf Kiew und die umliegende Region sind nach ukrainischen Angaben mindestens drei Menschen get\u00f6tet worden, darunter ein Kind. Drei weitere Menschen wurden verletzt. Wohnh\u00e4user, andere Geb\u00e4ude und Fahrzeuge wurden besch\u00e4digt. Auch in der Hauptstadt wurden nach Angriffen Br\u00e4nde gemeldet. Bei der n\u00e4chtlichen Angriffswelle kamen den Angaben zufolge unter anderem ballistische Raketen, Drohnen und Gleitbomben zum Einsatz. Der Ukraine fehlt weiterhin Munition f\u00fcr ihre Luftabwehr, insbesondere zur Abwehr ballistischer Raketen. (Quellen: AFP, dpa, Reuters)<\/p>\n<p>\n        04:23 Uhr\n    <\/p>\n<p>    Russland-Experte sieht offene Fragen bei Drohnen-Vorfall in Leipzig<\/p>\n<p class=\"\">Nach dem Fund einer Sprengstoff-Drohne am Flughafen Leipzig\/Halle h\u00e4lt der Russland-Experte Matthias Uhl eine Beteiligung russischer Geheimdienste f\u00fcr m\u00f6glich, sieht daf\u00fcr aber keine eindeutigen Belege. F\u00fcr Russland als m\u00f6glichen Akteur spreche das mutma\u00dfliche Ziel: In der N\u00e4he stand ein ukrainisches Transportflugzeug vom Typ Antonow An-124, das f\u00fcr westliche Waffen- und Munitionslieferungen an die Ukraine eingesetzt wird.<\/p>\n<p class=\"\">Gegen eine russische Beteiligung spricht laut Uhl unter anderem die Komplexit\u00e4t einer solchen Operation. Auch eine Aktion unter &#8222;falscher Flagge&#8220; h\u00e4lt der Experte f\u00fcr m\u00f6glich. Die Bundesanwaltschaft ermittelt, ein konkreter Verdacht gegen einen Verantwortlichen ist bislang nicht bekannt. (Quelle: dpa)<\/p>\n<p>\n        03:17 Uhr\n    <\/p>\n<p>    CDU-Politiker h\u00e4lt russische Darstellung zu Drohnenvorfall f\u00fcr unglaubw\u00fcrdig<\/p>\n<p class=\"\">Der Vorsitzende des Geheimdienst-Kontrollgremiums des Bundestags, Marc Henrichmann (CDU), h\u00e4lt die russische Darstellung zum Fund einer Sprengstoff-Drohne am Flughafen Leipzig\/Halle f\u00fcr unglaubw\u00fcrdig. Russland spiele &#8222;ein Spiel ohne Regeln&#8220;, sagte Henrichmann im ZDF. Moskau versuche angesichts des stockenden Angriffskriegs gegen die Ukraine, den Druck auf EU- und Nato-Staaten zu erh\u00f6hen. (Quelle: dpa)<\/p>\n<p>\n        02:09 Uhr\n    <\/p>\n<p>    Russland weist Verantwortung f\u00fcr Drohnenvorfall in Leipzig zur\u00fcck<\/p>\n<p class=\"\">Russland hat eine Verantwortung f\u00fcr den Fund einer mit Sprengstoff best\u00fcckten Drohne am Flughafen Leipzig\/Halle zur\u00fcckgewiesen. Die russische Botschaft in Berlin sprach von einer gegen Moskau gerichteten &#8222;Provokation&#8220; und beschuldigte ihrerseits die Ukraine, hinter dem Vorfall zu stehen. Belege daf\u00fcr nannte sie nicht.<\/p>\n<p>                    <a href=\"https:\/\/www.europesays.com\/de\/wp-content\/uploads\/2026\/08\/russland-botschaft-berlin-106.webp\" class=\"zoomimage\" title=\"Bild vergr\u00f6\u00dfern\"><\/p>\n<p>        <img decoding=\"async\" src=\"https:\/\/www.europesays.com\/de\/wp-content\/uploads\/2026\/08\/russland-botschaft-berlin-106.webp\" alt=\"Die russische Botschaft in Berlin. \" title=\"Die russische Botschaft in Berlin.  | picture alliance\/dpa | Soeren Stache\" class=\"responsive\" loading=\"lazy\"\/><\/p>\n<p>                    <\/a><\/p>\n<p class=\"\">Die Drohne war im Sicherheitsbereich des Frachtbetriebs nahe ukrainischer Transportflugzeuge entdeckt worden. Die Bundesanwaltschaft ermittelt unter anderem wegen des Verdachts des versuchten Herbeif\u00fchrens einer Sprengstoffexplosion. Bundesinnenminister Alexander Dobrindt sprach von einem m\u00f6glichen hybriden Angriff &#8222;fremder M\u00e4chte&#8220;, ohne Russland ausdr\u00fccklich verantwortlich zu machen. (Quellen: AFP, dpa)<\/p>\n<p>\n        01:19 Uhr\n    <\/p>\n<p>    Selenskyj erstmals seit Kriegsbeginn zu Besuch in Serbien<\/p>\n<p class=\"\">Der ukrainische Pr\u00e4sident Wolodymyr Selenskyj ist erstmals seit Beginn des russischen Angriffskriegs 2022 nach Serbien gereist. In Belgrad traf er Pr\u00e4sident Aleksandar Vucic. Bei den offiziellen Gespr\u00e4chen am Samstag soll es unter anderem um Sicherheitsfragen, die wirtschaftliche Zusammenarbeit und die Beziehungen zur EU gehen.<\/p>\n<p class=\"\">Der Besuch gilt als politisch heikel, da Serbien traditionell enge Beziehungen zu Russland unterh\u00e4lt und sich den westlichen Sanktionen gegen Moskau nicht angeschlossen hat. Kiew bem\u00fcht sich darum, Belgrad st\u00e4rker von Russland zu l\u00f6sen. (Quelle: AFP)<\/p>\n<p>\n        00:05 Uhr\n    <\/p>\n<p>    Die Ereignisse gestern \u2013 7. August 2026<\/p>\n<p class=\"\">Bei russischen Angriffen auf mehrere ukrainische Gebiete sind mindestens elf Menschen get\u00f6tet worden. Im Gebiet Dnipropetrowsk kamen bei Angriffen auf Pawlohrad und die Gemeinde Wyschnewe f\u00fcnf Menschen ums Leben. In Isjum im Gebiet Charkiw wurden zwei Menschen get\u00f6tet und vier weitere verletzt. Nach ukrainischen Angaben setzte Russland dabei Streumunition ein. Bei einem Drohnenangriff auf den Bahnhof von Losowa starben zwei weitere Menschen. Acht wurden verletzt.<\/p>\n<p class=\"\">Auch aus Balaklija wurden Verletzte gemeldet. Im Gebiet Sumy erlitten bei einem Angriff auf einen Markt zehn Menschen Verletzungen. In Odessa wurde das Stadion des Fu\u00dfball-Erstligisten Tschornomorez besch\u00e4digt. Dabei wurde eine Frau verletzt. Der ukrainische Energiekonzern Naftogaz meldete zudem Sch\u00e4den an sieben \u00d6l- und Erdgasf\u00f6rderanlagen im Osten des Landes.<\/p>\n<p class=\"\">Bei einem ukrainischen Drohnenangriff auf der von Russland annektierten Halbinsel Krim wurden nach Angaben der dortigen Beh\u00f6rden zwei Menschen get\u00f6tet. Ein weiterer Mensch wurde verletzt. In Jekaterinburg geriet nach Drohnenangriffen erneut ein Logistikzentrum des russischen Online-H\u00e4ndlers Wildberries in Brand. Nach Unternehmensangaben blieben die Sch\u00e4den gering.<\/p>\n<p class=\"\">Der US-Senat stimmte f\u00fcr ein Gesetz, das weitere Sanktionen gegen Russland erm\u00f6glicht. Die Ma\u00dfnahmen richten sich unter anderem gegen russische Politiker und Unternehmen sowie gegen Abnehmer russischer Energie. Das Repr\u00e4sentantenhaus muss dem Gesetz noch zustimmen. Die Abstimmung ist voraussichtlich f\u00fcr September geplant.<\/p>\n<p>\n        00:00 Uhr\n    <\/p>\n<p>    Ukraine-News am Samstag, 8. August 2026<\/p>\n<p class=\"\">Guten Tag! In unseren Ukraine-News halten wir Sie weiterhin \u00fcber die Entwicklungen im Krieg gegen die Ukraine auf dem aktuellen Stand. Alle wichtigen Nachrichten dazu erscheinen hier im Lauf des Tages.<\/p>\n<p class=\"\">Die Berichterstattung \u00fcber den Russland-Ukraine-Krieg ist komplex. Angaben zu Kriegsverlauf, Beschuss und Opfern durch offizielle Stellen der russischen und der ukrainischen Konfliktparteien k\u00f6nnen in der aktuellen Lage nicht unmittelbar von unabh\u00e4ngiger Stelle \u00fcberpr\u00fcft werden. Es gibt eine Vielzahl von Medienvertretern vor Ort, darunter auch unabh\u00e4ngige Journalisten aus verschiedenen L\u00e4ndern. Bei der Bewertung von Informationen sind verschiedene Quellen und eine kritische Haltung unerl\u00e4sslich, um ein m\u00f6glichst umfassendes Bild zu erhalten. Alles das ber\u00fccksichtigt der MDR in seinen Berichten \u00fcber den Russland-Ukraine-Krieg.<\/p>\n<p>        <img decoding=\"async\" src=\"https:\/\/www.europesays.com\/de\/wp-content\/uploads\/2026\/06\/ukraine-276.webp\" alt=\"Rettungskr\u00e4fte beseitigen Tr\u00fcmmer und suchen nach Menschen in einem Wohnblock, der von einer Rakete getroffen wurde.\" title=\"Rettungskr\u00e4fte beseitigen Tr\u00fcmmer und suchen nach Menschen in einem Wohnblock, der von einer Rakete getroffen wurde. | picture alliance\/dpa\/Ukrinform | -\" class=\"responsive\" loading=\"lazy\"\/><\/p>\n<p>        <img decoding=\"async\" src=\"https:\/\/www.europesays.com\/de\/wp-content\/uploads\/2026\/06\/podcast-cover-was-tun-herr-general-100.webp\" alt=\"Der fr\u00fchere NATO-General und Generalleutnant a.D. Erhard B\u00fchler\" title=\"Der fr\u00fchere NATO-General und Generalleutnant a.D. Erhard B\u00fchler | MDR \/ Erhard B\u00fchler \" class=\"responsive\" loading=\"lazy\"\/><\/p>\n<p>        <img decoding=\"async\" src=\"https:\/\/www.europesays.com\/de\/wp-content\/uploads\/2026\/06\/podcast-putins-krieg-100.webp\" alt=\"Podcast Putins Krieg\" title=\"Podcast Putins Krieg | dpa\/MDR\" class=\"responsive\" loading=\"lazy\"\/><\/p>\n","protected":false},"excerpt":{"rendered":"Ukraine-News von MDR AKTUELL Stand: 08.08.2026 15:23 Uhr 15:15 Uhr Selenskyj: Ukraine hat kein intaktes W\u00e4rmekraftwerk mehr Die&hellip;\n","protected":false},"author":2,"featured_media":1224177,"comment_status":"","ping_status":"","sticky":false,"template":"","format":"standard","meta":{"footnotes":"","_share_on_mastodon":"0"},"categories":[1832],"tags":[11696,18330,3364,29,1478,2109,30,5793,4046,71,22066,307,859,116,5157,11187,317,15940],"class_list":["post-1224176","post","type-post","status-publish","format-standard","has-post-thumbnail","category-leipzig","tag-botschaft","tag-bundesanwaltschaft","tag-de","tag-deutschland","tag-drohne","tag-flughafen","tag-germany","tag-kiew","tag-krieg","tag-leipzig","tag-russische","tag-russland","tag-sachsen","tag-selenskyj","tag-serbien","tag-sprengstoff","tag-ukraine","tag-vucic"],"share_on_mastodon":{"url":"https:\/\/pubeurope.com\/@de\/117060391086458326","error":""},"_links":{"self":[{"href":"https:\/\/www.europesays.com\/de\/wp-json\/wp\/v2\/posts\/1224176","targetHints":{"allow":["GET"]}}],"collection":[{"href":"https:\/\/www.europesays.com\/de\/wp-json\/wp\/v2\/posts"}],"about":[{"href":"https:\/\/www.europesays.com\/de\/wp-json\/wp\/v2\/types\/post"}],"author":[{"embeddable":true,"href":"https:\/\/www.europesays.com\/de\/wp-json\/wp\/v2\/users\/2"}],"replies":[{"embeddable":true,"href":"https:\/\/www.europesays.com\/de\/wp-json\/wp\/v2\/comments?post=1224176"}],"version-history":[{"count":0,"href":"https:\/\/www.europesays.com\/de\/wp-json\/wp\/v2\/posts\/1224176\/revisions"}],"wp:featuredmedia":[{"embeddable":true,"href":"https:\/\/www.europesays.com\/de\/wp-json\/wp\/v2\/media\/1224177"}],"wp:attachment":[{"href":"https:\/\/www.europesays.com\/de\/wp-json\/wp\/v2\/media?parent=1224176"}],"wp:term":[{"taxonomy":"category","embeddable":true,"href":"https:\/\/www.europesays.com\/de\/wp-json\/wp\/v2\/categories?post=1224176"},{"taxonomy":"post_tag","embeddable":true,"href":"https:\/\/www.europesays.com\/de\/wp-json\/wp\/v2\/tags?post=1224176"}],"curies":[{"name":"wp","href":"https:\/\/api.w.org\/{rel}","templated":true}]}}