{"id":1224493,"date":"2026-08-08T17:59:28","date_gmt":"2026-08-08T17:59:28","guid":{"rendered":"https:\/\/www.europesays.com\/de\/1224493\/"},"modified":"2026-08-08T17:59:28","modified_gmt":"2026-08-08T17:59:28","slug":"hilfe-die-tante-kommt-schon-wieder-sieben-tipps-fuer-ausfluege-mit-dem-berlin-besuch","status":"publish","type":"post","link":"https:\/\/www.europesays.com\/de\/1224493\/","title":{"rendered":"Hilfe, die Tante kommt schon wieder!: Sieben Tipps f\u00fcr Ausfl\u00fcge mit dem Berlin-Besuch"},"content":{"rendered":"<p class=\"tspBKln tspBKlo\">Zugezogene Berliner:innen erleben es meist sehr regelm\u00e4\u00dfig: Erst ein verl\u00e4ngertes Wochenende, an dem sich der Onkel ank\u00fcndigt, dann ein paar Tage, an denen sich die alten Schulfreund:innen auf der Couch einquartieren. Gerade in den Sommermonaten ist Berlin ein beliebtes Ziel f\u00fcr Kurztrips, auf die sich mehr oder weniger enge Verwandte oder Bekannte aus der ganzen Republik begeben. Doch irgendwann sind ihnen die typischen Touri-Aktivit\u00e4ten zu langweilig. Damit Berling\u00e4ste auch weiterhin begeistert von der Gro\u00dfstadt sind, verr\u00e4t die Redaktion ihre Lieblingstipps.<\/p>\n<p> 1  Picknick im Schlossgarten Sch\u00f6nhausen <img decoding=\"async\" src=\"https:\/\/www.europesays.com\/de\/wp-content\/uploads\/2026\/08\/berlin-pankow-ot-niederschonhausen-schloss-schonhausen-und-park-berlin-24-09-2023-berlin-pankow-berl.jpeg\"   alt=\"Berlin Pankow OT Niedersch\u00f6nhausen Schloss Sch\u00f6nhausen und Park Berlin - 24.09.2023 Berlin Pankow *** Berlin Pankow OT Niedersch\u00f6nhausen Sch\u00f6nhausen Castle and Park Berlin 24 09 2023 Berlin Pankow\" aria-labelledby=\"caption-15825990\" width=\"440\" height=\"330\" loading=\"lazy\" class=\"tspAVin\"\/> Neben dem Picknick im Park k\u00f6nnen Besucher:innen sich verschiedene Ausstellungen im Schloss anschauen. <\/p>\n<p class=\"tspABgk\"> \u00a9 imago\/J\u00fcrgen Ritter <\/p>\n<p class=\"tspBKln\">Garten- und Botanikfans von au\u00dferhalb lassen sich garantiert f\u00fcr ein entspanntes Picknick im Schlossgarten Sch\u00f6nhausen begeistern. Auf einer Fl\u00e4che von 30 Hektar erstrecken sich 300 Jahre Gartengeschichte \u2013 vom Barock \u00fcber Landschaftsgarten bis hin zur Moderne der 1950er Jahre. Damit geh\u00f6rt der Schlossgarten Sch\u00f6nhausen im Pankower Ortsteil Niedersch\u00f6nhausen zu den interessantesten Gartenanlagen Berlins.<\/p>\n<p class=\"tspBKln\">Die Gesellschaftsterrasse, das Teehaus, die Springbrunnen, die geometrischen Blumenbeete, die Wasserbecken und kleine Gartenr\u00e4ume gestaltete Gartenarchitekt Reinhold Lingner im Stil der klassischen Moderne.<\/p>\n<p class=\"tspBKln\">Der Schlossgarten hat eine lange Geschichte. Friedrich der Gro\u00dfe schenkte seiner Frau Elisabeth Christine das Schloss nach seiner Thronbesteigung 1740. Sie lie\u00df das Schloss erweitern und verbrachte dort ihre Sommer. Im 19. Jahrhundert gestaltete Peter Joseph Lenn\u00e9 den Garten zu einem Landschaftspark um. Seit 1949 teilt eine Mauer den Park in zwei Bereiche.<\/p>\n<p class=\"tspBKln\">Der eine ist ein lebendiger, baumreicher Volkspark au\u00dferhalb der Mauer mit Kleing\u00e4rten, Sportpl\u00e4tzen und einem Spielplatz. Geschwungene Wege und die Panke pr\u00e4gen das Landschaftsbild. Der andere ist ein ruhiger, abgeschiedener Schlossgarten innerhalb der Mauer.<\/p>\n<p class=\"tspBKln\"><strong>Wo:<\/strong> Tschaikowskistra\u00dfe 1, Pankow. <strong>\u00d6ffnungszeiten: <\/strong>April bis Oktober, t\u00e4glich von 5 bis 20.30\u00a0Uhr. November bis M\u00e4rz, t\u00e4glich 5 bis 19 Uhr. Eintritt frei. Mehr Infos finden Sie auf der <a href=\"https:\/\/www.spsg.de\/schloesser-gaerten\/objekt\/schlossgarten-schoenhausen\" target=\"_blank\" rel=\"noopener nofollow\" class=\"link link--external\" data-gtm-class=\"article-text-link\" data-gtm-val=\"external\" aria-describedby=\"message-target-blank\">Webseite der Stiftung Preu\u00dfische Schl\u00f6sser und G\u00e4rten Berlin-Brandenburg<\/a><\/p>\n<p> 2  Tante Emma in Kreuzberg <img decoding=\"async\" src=\"https:\/\/www.europesays.com\/de\/wp-content\/uploads\/2026\/08\/man-and-woman-toast-with-a-refreshing-cocktail-at-an-outdoor-table.jpeg\"   alt=\"Man and woman toast with a refreshing cocktail at an outdoor table model released, Symbolfoto, CATF01062\" aria-labelledby=\"caption-15826004\" width=\"440\" height=\"330\" loading=\"lazy\" class=\"tspAVin\"\/> F\u00fcr warme Tage bietet Tante Emma Sitzpl\u00e4tze im Freien auf Bierb\u00e4nken an. <\/p>\n<p class=\"tspABgk\"> \u00a9 imago\/Westend61\/Caterina Trimarchi <\/p>\n<p class=\"tspBKln\">Manche Freund:innen m\u00f6gen Longdrinks, andere lieber Cappuccino. Bei Tante Emma im Zentrum von Kreuzberg gibt es beides: tags\u00fcber ein Caf\u00e9, abends eine Bar. Ob Fr\u00fchst\u00fcck, Mittagessen oder Drinks am Abend zu Live-Musik und wechselnden DJs \u2013 hier kommt beides zusammen. Die Bar ist im wilden 70er-Jahre-Stil gestaltet.<\/p>\n<p class=\"tspBKln\"><strong>Wo:<\/strong> K\u00f6penicker Stra\u00dfe 1, Kreuzberg. <strong>Wann: <\/strong>t\u00e4glich von 9 bis 4 Uhr ge\u00f6ffnet.<\/p>\n<p> 3  Wie Berliner fr\u00fcher wohnten: Zur\u00fcck in die Biedermeierzeit im Knoblauchhaus\u00a0in Mitte <img decoding=\"async\" src=\"https:\/\/www.europesays.com\/de\/wp-content\/uploads\/2026\/08\/berliner-salon-humboldt-schinkel-und-familie-knoblauch-museum-knoblauchhaus-eroeffnet-wieder-mit-neu.jpeg\"   alt=\"Berliner Salon \u00d0 Humboldt, Schinkel und Familie Knoblauch, Museum Knoblauchhaus eroeffnet wieder mit neuer Pr\u00e4sentation, in Berlin, Nikolaiviertel, buergerliches Leben im 19.Jahrhundert, Biedermeier, Wohnzimmer, Salon, Berlin Deutschland, Germany *** Berlin Salon \u00d0 Humboldt, Schinkel and Family Garlic, Museum Garlic house opened again with New Presentation, in Berlin, Nikolai quarter, Lichen citizens Life at 19 Century, Biedermeier, Living room, Salon, Berlin Germany, Germany\" aria-labelledby=\"caption-15826011\" width=\"440\" height=\"330\" loading=\"lazy\" class=\"tspAVin\"\/> Das Haus der Kaufmannsfamilie Knoblauch ist heute ein Museum des Stadtmuseums Berlin e.V. <\/p>\n<p class=\"tspABgk\"> \u00a9 IMAGO\/Berlinfoto <\/p>\n<p class=\"tspBKln\">Keine Lust auf Berliner Mauer oder Schloss Charlottenburg? F\u00fcr geschichtsinteressierte Familien oder Freund:innen, die zu Besuch in der Hauptstadt sind, hat Berlin noch weit mehr zu bieten\u00a0\u2013 etwa das Knoblauchhaus, das einen anschaulichen Einblick in die Welt des Biedermeier er\u00f6ffnet. Das Knoblauchhaus ist ein B\u00fcrgerhaus aus dem 18. Jahrhundert der Kaufmannsfamilie Knoblauch. Es zeigt, wie einflussreiche Kaufleute vor 200 Jahren lebten, und veranschaulicht damit die Berliner Wohnkultur des Biedermeier.<\/p>\n<p class=\"tspBKln\">Die Biedermeier-Periode in der ersten H\u00e4lfte des 19. Jahrhunderts ist durch den R\u00fcckzug der Menschen ins Private gepr\u00e4gt. Nachdem sich Preu\u00dfen von Napoleon l\u00f6ste, versuchten verschiedene politische Str\u00f6mungen, einen deutschen Nationalstaat mit Meinungsfreiheit und mehr Mitbestimmung zu errichten. Die Anstrengungen scheiterten, weshalb sich ein Gro\u00dfteil der Bev\u00f6lkerung politisch ins H\u00e4usliche und Private zur\u00fcckzog. Die Familie Knoblauch nutzte das Haus knapp 170 Jahre als Wohn- und Gesch\u00e4ftssitz.<\/p>\n<p class=\"tspBKln\"><strong>Wo:<\/strong> Poststra\u00dfe 23, Mitte. <strong>Wann: <\/strong>Dienstag bis Sonntag und Feiertage von 10 bis 18 Uhr. <strong>Eintritt: <\/strong>sieben Euro. Mehr Infos auf der <a href=\"https:\/\/www.knoblauchhaus.de\/\" target=\"_blank\" rel=\"noopener nofollow\" class=\"link link--external\" data-gtm-class=\"article-text-link\" data-gtm-val=\"external\" aria-describedby=\"message-target-blank\">Webseite des Knoblauchhauses<\/a><\/p>\n<p> 4  Kajaktour durch Klein-Venedig in Spandau <img decoding=\"async\" src=\"https:\/\/www.europesays.com\/de\/wp-content\/uploads\/2026\/08\/sommer-in-berlin019.jpeg\"   alt=\"Ausfl\u00fcgler fahren mit Kanus auf der Spree. Am heutigen Mittwochnachmittag soll in der Bundeshauptstadt die 30-Grad-Marke erreicht werden. +++ dpa-Bildfunk +++\" aria-labelledby=\"caption-15826071\" width=\"440\" height=\"330\" loading=\"lazy\" class=\"tspAVin\"\/> Ausfl\u00fcgler k\u00f6nnen in Klein-Venedig Spandau auch als Anf\u00e4nger:innen Kanu fahren. <\/p>\n<p class=\"tspABgk\"> \u00a9 dpa\/Bernd von Jutrczenka <\/p>\n<p class=\"tspBKln\">Im Gebiet Tiefwerder an der Havel befindet sich Klein-Venedig. Von der Bootsvermietung am St\u00f6\u00dfensee im Ortsteil Wilhelmstadt f\u00e4hrt man \u00fcber den Hauptgraben und den J\u00fcrgengraben bis zum Spandauer S\u00fcdhafen. Die Tour f\u00fchrt rund um die waldige Halbinsel Pichelswerder.<\/p>\n<p><a href=\"https:\/\/www.tagesspiegel.de\/berlin\/berliner-ausflugsparadies-wie-lebt-es-sich-denn-so-in-klein-venedig-515784.html?icid=single-topic_15795080___\" data-gtm-class=\"article-mzt-link\" class=\"tspDEr8\" rel=\"nofollow noopener\" target=\"_blank\">Klein-Venedig, gro\u00dfe Perle! So lebt es sich im Berliner Ausflugsparadies <\/a><\/p>\n<p class=\"tspBKln\">Klein-Venedig bietet gute Bedingungen f\u00fcr Familie und Freund:innen, die noch nie Kajak oder Kanu gefahren sind, denn hier fahren keine Motorboote oder Segelyachten. Wer genau hinschaut, sieht am Ufer immer mal wieder Otter oder Biber.<\/p>\n<p class=\"tspBKln\"><strong>Wo:<\/strong> Brandensteinweg 37, Spandau. <strong>Wann: <\/strong>1. Juli bis 31. August, Mittwoch bis Freitag von 12 bis 19 Uhr, Samstag und Sonntag sowie Feiertage von 10 bis 19 Uhr. Ab 17 Uhr werden keine Boote mehr ins Wasser gelassen. <strong>Kosten: <\/strong>Ein Kayak f\u00fcr zwei Personen kostet f\u00fcr den ganzen Tag ab 36 Euro. Auch SUPs k\u00f6nnen ausgeliehen werden. Mehr Infos auf der <a href=\"https:\/\/der-bootsladen.de\/\" target=\"_blank\" rel=\"noopener nofollow\" class=\"link link--external\" data-gtm-class=\"article-text-link\" data-gtm-val=\"external\" aria-describedby=\"message-target-blank\">Webseite der-bootsladen.de<\/a><\/p>\n<p> 5  In den G\u00e4rten der Welt Kulturen entdecken <img decoding=\"async\" src=\"https:\/\/www.europesays.com\/de\/wp-content\/uploads\/2026\/08\/dsc4216a.jpeg\"   alt=\"Das Gel\u00e4nde der IGA 2017 (Internationale Garten-Ausstellung) in den G\u00e4rten der Welt und dem Kienbergpark mit Wuhleteich in Berlin-Marzahn und Hellersdorf, aufgenommen am 7. Juni 2017. &#10;Im Bild: Die Wasserg\u00e4rten Promenade Aquatica.&#10;&#10;Foto: Kitty Kleist-Heinrich\" aria-labelledby=\"caption-15826164\" width=\"440\" height=\"330\" loading=\"lazy\" class=\"tspAVin\"\/> Es flie\u00dft, blubbert, spritzt und rauscht. In der Wasserg\u00e4rten-Promenade Aquatica k\u00f6nnen Besucher:innen die verschiedenen Bewegungsformen von Wasser beobachten. <\/p>\n<p class=\"tspABgk\"> \u00a9 TSP\/Kitty Kleist-Heinrich  <\/p>\n<p class=\"tspBKln\">Auf einer Fl\u00e4che von 60 Fu\u00dfballfeldern verteilen sich in den G\u00e4rten der Welt in Marzahn verschiedene Themeng\u00e4rten mit Pflanzen aus unterschiedlichen L\u00e4ndern und Regionen. Abenteuerlustige und Adrenalinjunkies k\u00f6nnen mit der Natur-Bobbahn durch die Anlage fahren. Einen ruhigeren Blick auf die G\u00e4rten bietet die Seilbahn.<\/p>\n<p class=\"tspBKln\">Neben endlosen Spazierg\u00e4ngen durch die bunt angelegten G\u00e4rten stehen auch Teezeremonien oder Yoga-Sessions auf dem Programm. \u00dcber das Jahr verteilt bieten die G\u00e4rten der Welt verschiedene Veranstaltungen <a href=\"https:\/\/www.tagesspiegel.de\/berlin\/kirschbluten-guide-fur-berlin-an-diesen-orten-konnen-sie-das-rosarote-spektakel-bestaunen-15400966.html?icid=in-text-link_15795080\" class=\"link link--internal\" data-gtm-class=\"article-text-link\" data-gtm-val=\"internal\" rel=\"nofollow noopener\" target=\"_blank\">wie das Kirschbl\u00fctenfest<\/a> passend zur Saison an. Am 29. August etwa findet das j\u00e4hrliche \u201eViva la musica\u201c statt. Unter dem Motto<a href=\"https:\/\/www.gaertenderwelt.de\/viva-la-musica\/\" target=\"_blank\" rel=\"noopener nofollow\" class=\"link link--external\" data-gtm-class=\"article-text-link\" data-gtm-val=\"external\" aria-describedby=\"message-target-blank\"><strong>\u00a0<\/strong>\u201eViva la Vida \u2013 Es lebe das Leben\u201c<\/a> spielt die Dresdner Philharmonie mit spanischen und lateinamerikanischen Kl\u00e4ngen ein Open-Air-Konzert.<\/p>\n<p class=\"tspBKln\"><strong>Wo:<\/strong> Eingang \u00fcber die Seilbahn: An der Seilbahnstation \u201eKienbergpark\u201c (Hellersdorfer Stra\u00dfe 159, Marzahn-Hellersdorf) einsteigen und mit der Seilbahn \u00fcber den Kienberg bis zur Station \u201eG\u00e4rten der Welt\u201c schweben. Eingang durch den Haupteingang:<strong> <\/strong>Blumberger Damm 44. <strong>Wann: <\/strong>t\u00e4glich ab 9 Uhr bis zum Einbruch der Dunkelheit. <strong>Eintritt:<\/strong> Erwachsene:\u00a0neun Euro. Kinder bis einschlie\u00dflich f\u00fcnf Jahre:\u00a0frei. Kinder und Jugendliche ab sechs Jahren:\u00a0vier Euro. Mehr Infos hier zu den <a href=\"https:\/\/www.gaertenderwelt.de\/besuch-planen\/eintrittspreise\/\" target=\"_blank\" rel=\"noopener nofollow\" class=\"link link--external\" data-gtm-class=\"article-text-link\" data-gtm-val=\"external\" aria-describedby=\"message-target-blank\">G\u00e4rten der Welt und zum Programm finden Sie auf der Webseite<\/a><\/p>\n<p> 6  Berlin als Leinwand: Street-Art-Tour in Friedrichshain <img decoding=\"async\" src=\"https:\/\/www.europesays.com\/de\/wp-content\/uploads\/2026\/08\/graffiti-und-kunst-an-der-east-side-galery-in-berlin-friedrichshain-berlin-deutschland-graffiti-and-.jpeg\"   alt=\"Graffiti und Kunst an der East Side Galery in Berlin-Friedrichshain, Berlin, Deutschland *** Graffiti and Art to the East Side Galery in Berlin Friedrichshain, Berlin, Germany 1020925992\" aria-labelledby=\"caption-15824768\" width=\"440\" height=\"330\" loading=\"lazy\" class=\"tspAVin\"\/> In Friedrichshain findet sich seit den fr\u00fchen 2000er Jahren eine lebendige Streetart-Szene. <\/p>\n<p class=\"tspABgk\"> \u00a9 imago\/CHROMORANGE\/KARL HEINZ SPREMBERG <\/p>\n<p class=\"tspBKln\">Ihr Besuch kennt schon alle Kunstmuseen und m\u00f6chte mehr als nur Ausstellungen sehen? <a href=\"https:\/\/www.tagesspiegel.de\/themenspeziale\/unterwegsundfreizeit\/graffiti-metropole-berlin-die-stadt-ist-eine-einzige-leinwand-15463826.html?icid=in-text-link_15795080\" class=\"link link--internal\" data-gtm-class=\"article-text-link\" data-gtm-val=\"internal\" rel=\"nofollow noopener\" target=\"_blank\">\u201eBerlin ist eine einzige Leinwand\u201c<\/a>, sagt der Berliner Graffiti- und Street-Art-K\u00fcnstler Hendrik auf der Heidt. \u00dcberall in Berlin lassen sich unterschiedliche Graffiti-Werke und eine lebendige Street-Art-Szene entdecken. In Friedrichshain f\u00fchren mehrere Anbieter Touren durch, in denen man in die Welt der Graffiti- und Street-Art-Kultur eintauchen kann.<\/p>\n<p class=\"tspBKln\">Graffiti kommt urspr\u00fcnglich aus der Hip-Hop-Kultur und bezeichnet bis heute vor allem stilisierte Schriftz\u00fcge in verschiedensten Formen. Daraus entwickelte sich in den fr\u00fchen 2000er-Jahren Street-Art, bei der mehr Figuren und Gegenst\u00e4nde zum Motiv wurden. Wer mehr \u00fcber die Geschichte des Streetarts und ihrer K\u00fcnstler:innen speziell in Friedrichshain erfahren m\u00f6chte, kann entweder an einer Tour teilnehmen oder auf eigene Faust eine Route erkunden.<\/p>\n<p class=\"tspBKln\"><strong>Wo:<\/strong> in ganz Berlin, m\u00f6glicher Startpunkt am S-Bahnhof Warschauer Stra\u00dfe, Friedrichshain. <strong>Wann:<\/strong> Auf www.streetart-fuehrungen.de <a href=\"https:\/\/www.streetart-fuehrungen.de\/kontakt\/\" target=\"_blank\" rel=\"noopener nofollow\" class=\"link link--external\" data-gtm-class=\"article-text-link\" data-gtm-val=\"external\" aria-describedby=\"message-target-blank\">ver\u00f6ffentlicht ein Anbieter die n\u00e4chste F\u00fchrung.<\/a> <strong>Kosten: <\/strong>17 Euro pro Person.<\/p>\n<p>Mehr Berlin-Tipps<a href=\"https:\/\/www.tagesspiegel.de\/berlin\/bucketlist-fur-die-sommerferien-13-dinge-die-jedes-berliner-kind-einmal-erlebt-haben-sollte-15781748.html?icid=topic-list_15795080___\" data-gtm-class=\"article-mzt-link\" data-hydrate-fingerprint=\"09740a54944caac75fd2c0c63fd5c5df\" data-hydrate-props=\"{&amp;escapedquot;element&amp;escapedquot;:{&amp;escapedquot;type&amp;escapedquot;:&amp;escapedquot;relatedContent&amp;escapedquot;,&amp;escapedquot;fieldMap&amp;escapedquot;:{},&amp;escapedquot;relation&amp;escapedquot;:{&amp;escapedquot;fields&amp;escapedquot;:{&amp;escapedquot;isPaid&amp;escapedquot;:true},&amp;escapedquot;href&amp;escapedquot;:&amp;escapedquot;\/berlin\/bucketlist-fur-die-sommerferien-13-dinge-die-jedes-berliner-kind-einmal-erlebt-haben-sollte-15781748.html&amp;escapedquot;,&amp;escapedquot;teaserTitle&amp;escapedquot;:{&amp;escapedquot;kicker&amp;escapedquot;:&amp;escapedquot;Bucketlist f\u00fcr die Sommerferien&amp;escapedquot;,&amp;escapedquot;headline&amp;escapedquot;:&amp;escapedquot;13 Dinge, die jedes Berliner Kind einmal erlebt haben sollte&amp;escapedquot;},&amp;escapedquot;id&amp;escapedquot;:&amp;escapedquot;15781748&amp;escapedquot;,&amp;escapedquot;type&amp;escapedquot;:&amp;escapedquot;story&amp;escapedquot;},&amp;escapedquot;isPartOfList&amp;escapedquot;:true,&amp;escapedquot;topicListType&amp;escapedquot;:&amp;escapedquot;topic-list&amp;escapedquot;},&amp;escapedquot;showArrow&amp;escapedquot;:true}\" data-hydrate-slots=\"{&#039;default&#039;:[]}\" class=\"tspDEr8 tspDDr6\" rel=\"nofollow noopener\" target=\"_blank\">Bucketlist f\u00fcr die Sommerferien 13 Dinge, die jedes Berliner Kind einmal erlebt haben sollte <\/a><a href=\"https:\/\/www.tagesspiegel.de\/kultur\/kultur-am-wasser-xx-15818986.html?icid=topic-list_15795080___\" data-gtm-class=\"article-mzt-link\" data-hydrate-fingerprint=\"09740a54944caac75fd2c0c63fd5c5df\" data-hydrate-props=\"{&amp;escapedquot;element&amp;escapedquot;:{&amp;escapedquot;type&amp;escapedquot;:&amp;escapedquot;relatedContent&amp;escapedquot;,&amp;escapedquot;fieldMap&amp;escapedquot;:{},&amp;escapedquot;relation&amp;escapedquot;:{&amp;escapedquot;fields&amp;escapedquot;:{&amp;escapedquot;isPaid&amp;escapedquot;:true},&amp;escapedquot;href&amp;escapedquot;:&amp;escapedquot;\/kultur\/kultur-am-wasser-xx-15818986.html&amp;escapedquot;,&amp;escapedquot;teaserTitle&amp;escapedquot;:{&amp;escapedquot;kicker&amp;escapedquot;:&amp;escapedquot;Von Techno bis Literatur&amp;escapedquot;,&amp;escapedquot;headline&amp;escapedquot;:&amp;escapedquot;Sommer-Highlights an Berlins sch\u00f6nsten Ufern&amp;escapedquot;},&amp;escapedquot;id&amp;escapedquot;:&amp;escapedquot;15818986&amp;escapedquot;,&amp;escapedquot;type&amp;escapedquot;:&amp;escapedquot;story&amp;escapedquot;},&amp;escapedquot;isPartOfList&amp;escapedquot;:true,&amp;escapedquot;topicListType&amp;escapedquot;:&amp;escapedquot;topic-list&amp;escapedquot;},&amp;escapedquot;showArrow&amp;escapedquot;:true}\" data-hydrate-slots=\"{&#039;default&#039;:[]}\" class=\"tspDEr8 tspDDr6\" rel=\"nofollow noopener\" target=\"_blank\">Von Techno bis Literatur Sommer-Highlights an Berlins sch\u00f6nsten Ufern <\/a><a href=\"https:\/\/www.tagesspiegel.de\/berlin\/kleines-budget-grosse-freude-funf-kostenlose-sommeraktivitaten-fur-kinder-in-berlin-15782837.html?icid=topic-list_15795080___\" data-gtm-class=\"article-mzt-link\" data-hydrate-fingerprint=\"09740a54944caac75fd2c0c63fd5c5df\" data-hydrate-props=\"{&amp;escapedquot;element&amp;escapedquot;:{&amp;escapedquot;type&amp;escapedquot;:&amp;escapedquot;relatedContent&amp;escapedquot;,&amp;escapedquot;fieldMap&amp;escapedquot;:{},&amp;escapedquot;relation&amp;escapedquot;:{&amp;escapedquot;fields&amp;escapedquot;:{&amp;escapedquot;isPaid&amp;escapedquot;:true},&amp;escapedquot;href&amp;escapedquot;:&amp;escapedquot;\/berlin\/kleines-budget-grosse-freude-funf-kostenlose-sommeraktivitaten-fur-kinder-in-berlin-15782837.html&amp;escapedquot;,&amp;escapedquot;teaserTitle&amp;escapedquot;:{&amp;escapedquot;kicker&amp;escapedquot;:&amp;escapedquot;Kleines Budget, gro\u00dfe Freude&amp;escapedquot;,&amp;escapedquot;headline&amp;escapedquot;:&amp;escapedquot;Diese kostenlosen Aktivit\u00e4ten f\u00fcr Kinder vers\u00fc\u00dfen die Berliner Sommerferien&amp;escapedquot;},&amp;escapedquot;id&amp;escapedquot;:&amp;escapedquot;15782837&amp;escapedquot;,&amp;escapedquot;type&amp;escapedquot;:&amp;escapedquot;story&amp;escapedquot;},&amp;escapedquot;isPartOfList&amp;escapedquot;:true,&amp;escapedquot;topicListType&amp;escapedquot;:&amp;escapedquot;topic-list&amp;escapedquot;},&amp;escapedquot;showArrow&amp;escapedquot;:true}\" data-hydrate-slots=\"{&#039;default&#039;:[]}\" class=\"tspDEr8 tspDDr6\" rel=\"nofollow noopener\" target=\"_blank\">Kleines Budget, gro\u00dfe Freude Diese kostenlosen Aktivit\u00e4ten f\u00fcr Kinder vers\u00fc\u00dfen die Berliner Sommerferien <\/a> 7  Pfaueninsel: Dem Stadttrubel entkommen und Pfauen beobachten <img decoding=\"async\" src=\"https:\/\/www.europesays.com\/de\/wp-content\/uploads\/2026\/08\/pfaueninsel-94.jpeg\"   alt=\"Mirko Wunderlich k\u00fcmmert sich seit 15 Jahren um die Tiere auf der Berliner Pfaueninsel. Fotografiert am 28. Mai 2026 in Berlin.\" aria-labelledby=\"caption-15662627\" width=\"440\" height=\"330\" loading=\"lazy\" class=\"tspAVin\"\/> Um die Tiere auf der Berliner Pfaueninsel k\u00fcmmert sich seit 15 Jahren Mirko Wunderlich. <\/p>\n<p class=\"tspABgk\"> \u00a9 TSP\/Mario Heller <\/p>\n<p class=\"tspBKln\">F\u00fcr einen entspannten Nachmittag abseits des Gro\u00dfstadttrubels lohnt sich eine F\u00e4hrfahrt auf die Pfaueninsel in der Havel. <a href=\"https:\/\/www.tagesspiegel.de\/berlin\/der-mann-dem-die-pfauen-vertrauen-die-posieren-weil-sie-sich-fortpflanzen-wollen-wie-menschen-15661993.html?icid=in-text-link_15795080\" class=\"link link--internal\" data-gtm-class=\"article-text-link\" data-gtm-val=\"internal\" rel=\"nofollow noopener\" target=\"_blank\">Die Pfauen, durch die die Insel zu ihrem Namen gekommen ist<\/a>, lassen sich dort meist schnell entdecken, sie laufen frei herum. Auch einige Wasserb\u00fcffel leben hier.<\/p>\n<p class=\"tspBKln\">Die unter Naturschutz stehende Insel geh\u00f6rt zum UNESCO-Weltkulturerbe und eignet sich mit ihren 1,5 Kilometern L\u00e4nge und 0,5 Kilometern Breite gut f\u00fcr ausgedehnte Spazierg\u00e4nge. Dabei lassen sich fremdl\u00e4ndische B\u00e4ume und Pflanzen, rund 400 alte Eichen und der \u00e4lteste Rosengarten Berlins bestaunen. Neben Pfauen, Wasserb\u00fcffeln und der Natur gibt es auf der Insel ein Schl\u00f6sschen, die Russische Rutschbahn, den Fregattenhafen, das Schweizerhaus und das Kavaliershaus.<\/p>\n<p class=\"tspBKln\"><strong>Wo:<\/strong> Die Anlegestelle hat keine postalische Adresse. Bei Google Maps oder Karten k\u00f6nnen Besucher:innen folgende Adresse eingeben: Pfaueninselchaussee 100, Steglitz-Zehlendorf. <strong>\u00d6ffnungszeiten:<\/strong> Von M\u00e4rz bis Oktober t\u00e4glich von 10 bis 18\u00a0Uhr. Im November und Dezember t\u00e4glich von 10 bis 16 Uhr. <strong>Eintritt:<\/strong> sechs Euro, erm\u00e4\u00dfigt f\u00fcnf Euro. Mehr Infos finden Sie auf der <a href=\"https:\/\/www.spsg.de\/schloesser-gaerten\/kombitickets-ermaessigungen#c18177\" target=\"_blank\" rel=\"noopener nofollow\" class=\"link link--external\" data-gtm-class=\"article-text-link\" data-gtm-val=\"external\" aria-describedby=\"message-target-blank\">Webseite der Stiftung Preu\u00dfische Schl\u00f6sser und G\u00e4rten Berlin-Brandenburg<\/a><\/p>\n","protected":false},"excerpt":{"rendered":"Zugezogene Berliner:innen erleben es meist sehr regelm\u00e4\u00dfig: Erst ein verl\u00e4ngertes Wochenende, an dem sich der Onkel ank\u00fcndigt, dann&hellip;\n","protected":false},"author":2,"featured_media":1224494,"comment_status":"","ping_status":"","sticky":false,"template":"","format":"standard","meta":{"footnotes":"","_share_on_mastodon":"0"},"categories":[1825],"tags":[296,29,30,1635,27668,2191,61744,12385,28548],"class_list":["post-1224493","post","type-post","status-publish","format-standard","has-post-thumbnail","category-berlin","tag-berlin","tag-deutschland","tag-germany","tag-jugend","tag-kunst-in-berlin","tag-pflanzen","tag-werder-havel","tag-wohnen-in-berlin","tag-yoga"],"share_on_mastodon":{"url":"https:\/\/pubeurope.com\/@de\/117061194725391654","error":""},"_links":{"self":[{"href":"https:\/\/www.europesays.com\/de\/wp-json\/wp\/v2\/posts\/1224493","targetHints":{"allow":["GET"]}}],"collection":[{"href":"https:\/\/www.europesays.com\/de\/wp-json\/wp\/v2\/posts"}],"about":[{"href":"https:\/\/www.europesays.com\/de\/wp-json\/wp\/v2\/types\/post"}],"author":[{"embeddable":true,"href":"https:\/\/www.europesays.com\/de\/wp-json\/wp\/v2\/users\/2"}],"replies":[{"embeddable":true,"href":"https:\/\/www.europesays.com\/de\/wp-json\/wp\/v2\/comments?post=1224493"}],"version-history":[{"count":0,"href":"https:\/\/www.europesays.com\/de\/wp-json\/wp\/v2\/posts\/1224493\/revisions"}],"wp:featuredmedia":[{"embeddable":true,"href":"https:\/\/www.europesays.com\/de\/wp-json\/wp\/v2\/media\/1224494"}],"wp:attachment":[{"href":"https:\/\/www.europesays.com\/de\/wp-json\/wp\/v2\/media?parent=1224493"}],"wp:term":[{"taxonomy":"category","embeddable":true,"href":"https:\/\/www.europesays.com\/de\/wp-json\/wp\/v2\/categories?post=1224493"},{"taxonomy":"post_tag","embeddable":true,"href":"https:\/\/www.europesays.com\/de\/wp-json\/wp\/v2\/tags?post=1224493"}],"curies":[{"name":"wp","href":"https:\/\/api.w.org\/{rel}","templated":true}]}}