{"id":1224497,"date":"2026-08-08T18:01:39","date_gmt":"2026-08-08T18:01:39","guid":{"rendered":"https:\/\/www.europesays.com\/de\/1224497\/"},"modified":"2026-08-08T18:01:39","modified_gmt":"2026-08-08T18:01:39","slug":"bremerhaven-neues-logo-zum-200-stadtjubilaeum","status":"publish","type":"post","link":"https:\/\/www.europesays.com\/de\/1224497\/","title":{"rendered":"Bremerhaven: Neues Logo zum 200. Stadtjubil\u00e4um"},"content":{"rendered":"<p>Nach der breiten Diskussion in der Stadtgesellschaft f\u00fchrt Erlebnis Bremerhaven die St\u00e4rken zweier Entw\u00fcrfe zusammen. Das Ergebnis soll Tradition und Zukunft verbinden. <\/p>\n<p>Bremerhaven erh\u00e4lt f\u00fcr seinen 200. Geburtstag im Jahr 2027 ein weiterentwickeltes Erscheinungsbild. <a href=\"https:\/\/www.bremerhaven-erleben.de\/zusatzmodule-funktionen\/destinationnews\/detail\/logo-fusion-zum-stadtjubilaeum-2027\" target=\"_blank\" rel=\"noopener nofollow\" title=\"Erlebnis Bremerhaven Website\">Erlebnis Bremerhaven hat die beiden bisherigen Logo-Entw\u00fcrfe zu einer gemeinsamen L\u00f6sung verbunden<\/a>. Dabei bleiben markante Elemente des Siegerlogos aus dem Studierendenwettbewerb erhalten. Erg\u00e4nzt werden sie durch die Leitidee \u201eWelt.Stadt.Bremerhaven.\u201c und die Symbolik der Weltkugel. <\/p>\n<p>Die \u00dcberarbeitung ist eine Reaktion auf die breite \u00f6ffentliche Diskussion nach der Vorstellung des urspr\u00fcnglichen Jubil\u00e4umslogos. R\u00fcckmeldungen aus der Stadtgesellschaft flossen in die weitere Entwicklung ein. <\/p>\n<p>            &#13;<br \/>\n              Wiedererkennungswert und Zukunftsidee werden verbunden <\/p>\n<p>Die Fusion soll die markanten Seiten beider Konzepte zusammenf\u00fchren. Nach <a href=\"https:\/\/www.bremerhaven-erleben.de\/zusatzmodule-funktionen\/destinationnews\/detail\/logo-fusion-zum-stadtjubilaeum-2027\" target=\"_blank\" rel=\"noopener nofollow\" title=\"Erlebnis Bremerhaven Website\">Angaben von Erlebnis Bremerhaven<\/a> stehen dabei drei Elemente im Mittelpunkt: <\/p>\n<ul class=\"disc\">\n<li>der hohe Wiedererkennungswert des Siegerentwurfs<\/li>\n<li>die Leitidee \u201eWelt.Stadt.Bremerhaven.\u201c<\/li>\n<li>die Symbolik der Weltkugel als Zeichen f\u00fcr die internationale Ausrichtung der Seestadt<\/li>\n<\/ul>\n<p>Jury-Mitglied war an Entwicklung beteiligt <\/p>\n<p>Die Zusammenf\u00fchrung der beiden Entw\u00fcrfe erfolgte unter Einbindung eines Jury-Mitglieds des urspr\u00fcnglichen Studierendenwettbewerbs. Ziel war es, die gestalterische Idee des Siegerlogos zu bewahren und zugleich die St\u00e4rken des zweiten Ansatzes einzubeziehen. <\/p>\n<p>Das weiterentwickelte Erscheinungsbild soll f\u00fcr die Vielfalt Bremerhavens stehen. Unterschiedliche Perspektiven werden darin zu einem gemeinsamen Auftritt f\u00fcr das Stadtjubil\u00e4um 2027 verbunden. <\/p>\n<p>Das Wichtigste in K\u00fcrze <\/p>\n<ul class=\"disc\">\n<li>Bremerhaven feiert 2027 seinen 200. Geburtstag.<\/li>\n<li>F\u00fcr das Jubil\u00e4um werden zwei bisherige Logo-Entw\u00fcrfe miteinander verbunden.<\/li>\n<li>Elemente des Siegerlogos aus einem Studierendenwettbewerb bleiben erhalten.<\/li>\n<li>Erg\u00e4nzt werden sie durch \u201eWelt.Stadt.Bremerhaven.\u201c und die Symbolik der Weltkugel.<\/li>\n<li>Die Weiterentwicklung entstand auch aufgrund \u00f6ffentlicher R\u00fcckmeldungen.<\/li>\n<\/ul>\n","protected":false},"excerpt":{"rendered":"Nach der breiten Diskussion in der Stadtgesellschaft f\u00fchrt Erlebnis Bremerhaven die St\u00e4rken zweier Entw\u00fcrfe zusammen. Das Ergebnis soll&hellip;\n","protected":false},"author":2,"featured_media":1224498,"comment_status":"","ping_status":"","sticky":false,"template":"","format":"standard","meta":{"footnotes":"","_share_on_mastodon":"0"},"categories":[1775],"tags":[1793,6703,29,214,2701,30,17762,1794,13839,254404,18100,215],"class_list":["post-1224497","post","type-post","status-publish","format-standard","has-post-thumbnail","category-kunst-und-design","tag-art-and-design","tag-bremerhaven","tag-deutschland","tag-entertainment","tag-geburtstag","tag-germany","tag-jubilum","tag-kunst-und-design","tag-logo","tag-studierendenwettbewerb","tag-symbol","tag-unterhaltung"],"share_on_mastodon":{"url":"https:\/\/pubeurope.com\/@de\/117061201858358302","error":""},"_links":{"self":[{"href":"https:\/\/www.europesays.com\/de\/wp-json\/wp\/v2\/posts\/1224497","targetHints":{"allow":["GET"]}}],"collection":[{"href":"https:\/\/www.europesays.com\/de\/wp-json\/wp\/v2\/posts"}],"about":[{"href":"https:\/\/www.europesays.com\/de\/wp-json\/wp\/v2\/types\/post"}],"author":[{"embeddable":true,"href":"https:\/\/www.europesays.com\/de\/wp-json\/wp\/v2\/users\/2"}],"replies":[{"embeddable":true,"href":"https:\/\/www.europesays.com\/de\/wp-json\/wp\/v2\/comments?post=1224497"}],"version-history":[{"count":0,"href":"https:\/\/www.europesays.com\/de\/wp-json\/wp\/v2\/posts\/1224497\/revisions"}],"wp:featuredmedia":[{"embeddable":true,"href":"https:\/\/www.europesays.com\/de\/wp-json\/wp\/v2\/media\/1224498"}],"wp:attachment":[{"href":"https:\/\/www.europesays.com\/de\/wp-json\/wp\/v2\/media?parent=1224497"}],"wp:term":[{"taxonomy":"category","embeddable":true,"href":"https:\/\/www.europesays.com\/de\/wp-json\/wp\/v2\/categories?post=1224497"},{"taxonomy":"post_tag","embeddable":true,"href":"https:\/\/www.europesays.com\/de\/wp-json\/wp\/v2\/tags?post=1224497"}],"curies":[{"name":"wp","href":"https:\/\/api.w.org\/{rel}","templated":true}]}}