{"id":122454,"date":"2025-05-19T09:02:08","date_gmt":"2025-05-19T09:02:08","guid":{"rendered":"https:\/\/www.europesays.com\/de\/122454\/"},"modified":"2025-05-19T09:02:08","modified_gmt":"2025-05-19T09:02:08","slug":"essen-jugendliche-nach-lachgas-konsum-bewusstlos-im-zug-regional","status":"publish","type":"post","link":"https:\/\/www.europesays.com\/de\/122454\/","title":{"rendered":"Essen: Jugendliche nach Lachgas-Konsum bewusstlos im Zug | Regional"},"content":{"rendered":"<p>Essen \u2013 <b>In einem Zug in Essen kam es am 18. Mai zu einem Vorfall, bei dem mehrere Jugendliche gesundheitliche Probleme durch Lachgas erlitten.<\/b><\/p>\n<p>Ein Bahnmitarbeiter informierte die Bundespolizei gegen 9 Uhr \u00fcber den Vorfall im RE1 (Aachen &#8211; Hamm). Die Beamten fanden einen bewusstlosen 15-J\u00e4hrigen und riefen sofort einen Rettungswagen. Der Jugendliche, ein ukrainischer Staatsb\u00fcrger, war mit zwei jungen Erwachsenen unterwegs, die ebenfalls gesundheitliche Probleme hatten. Der 20-j\u00e4hrige Syrer hatte Atembeschwerden, w\u00e4hrend die 21-j\u00e4hrige Deutsche benommen wirkte.<\/p>\n<p>Auch interessant<\/p>\n<p>Anzeige<\/p>\n<p>Auch interessant<\/p>\n<p>Anzeige<\/p>\n<p>Eine Zeugin berichtete, dass der Wuppertaler dem Dortmunder M\u00e4dchen Lachgas aus einem Luftballon verabreicht hatte, woraufhin diese das Bewusstsein verlor. Die Polizei stellte zwei Flaschen des Gases sicher. Die beiden jungen Erwachsenen gaben an, auch Alkohol und Cannabis konsumiert zu haben. Da die 21-J\u00e4hrige ihre Identit\u00e4t nicht preisgab, wurde sie zur Bundespolizeiwache gebracht. In ihrer Tasche fanden die Beamten Marihuana. Ein Alkoholtest ergab 0,9 Promille. Sie verweigerte den Transport ins Krankenhaus.<\/p>\n<p>Der 15-J\u00e4hrige wurde von Sanit\u00e4tern, einem Notarzt und der Feuerwehr medizinisch versorgt. Trotz Beruhigungsmitteln reagierte er aggressiv und musste fixiert werden. Im Rettungswagen spuckte er um sich und verletzte eine Sanit\u00e4terin leicht. Er wurde zur weiteren Behandlung ins Krankenhaus gebracht. Die Eltern des Jugendlichen wurden \u00fcber den Vorfall informiert.<\/p>\n<p>Dieser Text basiert auf einer offiziellen Beh\u00f6rden-Information und wurde mit Hilfe von KI erstellt.<\/p>\n","protected":false},"excerpt":{"rendered":"Essen \u2013 In einem Zug in Essen kam es am 18. Mai zu einem Vorfall, bei dem mehrere&hellip;\n","protected":false},"author":2,"featured_media":78493,"comment_status":"","ping_status":"","sticky":false,"template":"","format":"standard","meta":{"footnotes":""},"categories":[1834],"tags":[3364,29,1994,3688,30,1000,2509,1209,121,45],"class_list":{"0":"post-122454","1":"post","2":"type-post","3":"status-publish","4":"format-standard","5":"has-post-thumbnail","7":"category-essen","8":"tag-de","9":"tag-deutschland","10":"tag-drogenhandel","11":"tag-essen","12":"tag-germany","13":"tag-gewalt","14":"tag-ki-ots","15":"tag-nordrhein-westfalen","16":"tag-polizei","17":"tag-texttospeech"},"share_on_mastodon":{"url":"https:\/\/pubeurope.com\/@de\/114533691895448954","error":""},"_links":{"self":[{"href":"https:\/\/www.europesays.com\/de\/wp-json\/wp\/v2\/posts\/122454","targetHints":{"allow":["GET"]}}],"collection":[{"href":"https:\/\/www.europesays.com\/de\/wp-json\/wp\/v2\/posts"}],"about":[{"href":"https:\/\/www.europesays.com\/de\/wp-json\/wp\/v2\/types\/post"}],"author":[{"embeddable":true,"href":"https:\/\/www.europesays.com\/de\/wp-json\/wp\/v2\/users\/2"}],"replies":[{"embeddable":true,"href":"https:\/\/www.europesays.com\/de\/wp-json\/wp\/v2\/comments?post=122454"}],"version-history":[{"count":0,"href":"https:\/\/www.europesays.com\/de\/wp-json\/wp\/v2\/posts\/122454\/revisions"}],"wp:featuredmedia":[{"embeddable":true,"href":"https:\/\/www.europesays.com\/de\/wp-json\/wp\/v2\/media\/78493"}],"wp:attachment":[{"href":"https:\/\/www.europesays.com\/de\/wp-json\/wp\/v2\/media?parent=122454"}],"wp:term":[{"taxonomy":"category","embeddable":true,"href":"https:\/\/www.europesays.com\/de\/wp-json\/wp\/v2\/categories?post=122454"},{"taxonomy":"post_tag","embeddable":true,"href":"https:\/\/www.europesays.com\/de\/wp-json\/wp\/v2\/tags?post=122454"}],"curies":[{"name":"wp","href":"https:\/\/api.w.org\/{rel}","templated":true}]}}