{"id":122462,"date":"2025-05-19T09:07:12","date_gmt":"2025-05-19T09:07:12","guid":{"rendered":"https:\/\/www.europesays.com\/de\/122462\/"},"modified":"2025-05-19T09:07:12","modified_gmt":"2025-05-19T09:07:12","slug":"lange-wartelisten-bei-kleingaerten-auch-ohne-corona-touristen","status":"publish","type":"post","link":"https:\/\/www.europesays.com\/de\/122462\/","title":{"rendered":"Lange Wartelisten bei Kleing\u00e4rten auch ohne &#8222;Corona-Touristen&#8220;"},"content":{"rendered":"<p>Erholung im Gr\u00fcnen boomt <\/p>\n<p>Wartelisten bei Kleing\u00e4rten auch ohne &#8222;Corona-Touristen&#8220;<\/p>\n<p>Aktualisiert am 19.05.2025 &#8211; 10:34 UhrLesedauer: 1 Min.<\/p>\n<p><a href=\"#focus-0\" class=\"transition-colors duration-200 focus-within:text-magenta block text-current relative\" data-sctrack=\"FocusGalleryImage.Reference\"><img fetchpriority=\"high\" data-testid=\"Opener.Image\" style=\"--lqipURL:url('https:\/\/images.t-online.de\/2025\/05\/YVvq7No6Fp-T\/0x41:2048x1152\/fit-in\/150x0\/filters:blur(25)\/in-nrw-sind-die-wartelisten-fuer-kleingaerten-noch-immer-lang-archivbild.jpg')\"   loading=\"eager\" src=\"https:\/\/www.europesays.com\/de\/wp-content\/uploads\/2025\/05\/in-nrw-sind-die-wartelisten-fuer-kleingaerten-noch-immer-lang-archivbild.jpg\" alt=\"Kleingarten\" title=\"Kleingarten\" width=\"2048\" height=\"1152\" class=\"bg-[url:var(--lqipURL)] bg-cover bg-center flex w-full max-w-full h-full\" decoding=\"async\"\/><img style=\"--width:32;--height:32\" loading=\"lazy\" src=\"https:\/\/www.europesays.com\/de\/wp-content\/uploads\/2025\/05\/zoom-in.f7dae02f.svg.svg+xml\" alt=\"Vergr\u00f6\u00dfern des Bildes\" title=\"Vergr\u00f6\u00dfern des Bildes\" class=\"&#10;        block&#10;        h-[calc(var(--height)_\/_16_*_1rem)]&#10;        w-[calc(var(--width)_\/_16_*_1rem)]&#10;        max-w-none&#10;        absolute bottom-8 right-8 rounded-4 bg-snow p-8\" decoding=\"async\"\/><\/a><\/p>\n<p>Ein Kleingarten (Archivbild): In NRW sind die Wartelisten f\u00fcr Kleing\u00e4rten noch immer lang. (Quelle: Patrick Pleul\/dpa\/dpa-bilder)<\/p>\n<p class=\"font-bold text-18 leading-17\">Auch nach dem R\u00fcckzug der &#8222;Corona-Touristen&#8220; bleiben Kleing\u00e4rten beliebt. Lange Wartelisten zeigen das anhaltend hohe Interesse.<\/p>\n<p class=\"text-18 leading-17\">Das Interesse an Kleing\u00e4rten in Nordrhein-Westfalen ist nach Angaben der Dachverb\u00e4nde ungebrochen gro\u00df. Vor allem in Ballungsgebieten gebe es lange Wartelisten, sagte Ralf Kr\u00fccken, Gesch\u00e4ftsf\u00fchrer des Landesverbands Rheinland der Gartenfreunde. In <a class=\"transition-colors duration-200 cursor-pointer text-inherit no-underline text-salemsfur md:hover:text-magenta md:hover:border-magenta md:focus:text-magenta border-current border-b border-solid break-words\" href=\"https:\/\/www.t-online.de\/region\/duesseldorf\/\" data-sctrack=\"BodyAnchor\" rel=\"nofollow noopener\" target=\"_blank\">D\u00fcsseldorf<\/a> etwa betrage die Wartezeit mehrere Jahre.<\/p>\n<p class=\"text-18 leading-17\">Damit setze sich ein Trend fort, der bereits seit L\u00e4ngerem zu beobachten sei und w\u00e4hrend der Corona-Pandemie seinen H\u00f6hepunkt erreicht habe. Allerdings h\u00e4tten damals auch Menschen Schlange gestanden, die einen Garten absehbar nur f\u00fcr kurze Zeit \u2013 um mal aus der Wohnung zu kommen \u2013 nutzen wollten. &#8222;Diese Corona-Touristen sind aber nun verschwunden, und die Nachfrage ist immer noch hoch&#8220;, sagte Kr\u00fccken.<\/p>\n<p class=\"text-18 leading-17\">Zwar st\u00fcnden in vielen G\u00e4rten auch Trampolins und Pools, doch das Hauptinteresse junger Familien sei mittlerweile klar der \u00f6kologische Anbau von Obst und Gem\u00fcse, berichtete Kr\u00fccken. &#8222;Es sind Menschen, die Wert auf gesunde Ern\u00e4hrung legen und ihren Kindern zeigen wollen, dass Brokkoli nicht nur in Folie verschwei\u00dft im Supermarkt liegt.&#8220; In ganz NRW gibt es nach Verbandsangaben rund 120.000 Kleing\u00e4rten.<\/p>\n","protected":false},"excerpt":{"rendered":"Erholung im Gr\u00fcnen boomt Wartelisten bei Kleing\u00e4rten auch ohne &#8222;Corona-Touristen&#8220; Aktualisiert am 19.05.2025 &#8211; 10:34 UhrLesedauer: 1 Min.&hellip;\n","protected":false},"author":2,"featured_media":122463,"comment_status":"","ping_status":"","sticky":false,"template":"","format":"standard","meta":{"footnotes":""},"categories":[1831],"tags":[3364,29,3405,30,8824,27521,46287,46286,1209,46285,2802,46284],"class_list":{"0":"post-122462","1":"post","2":"type-post","3":"status-publish","4":"format-standard","5":"has-post-thumbnail","7":"category-duesseldorf","8":"tag-de","9":"tag-deutschland","10":"tag-duesseldorf","11":"tag-germany","12":"tag-kleingarten","13":"tag-kleingartenanlage","14":"tag-kleingartensiedlung","15":"tag-kleingartenverein","16":"tag-nordrhein-westfalen","17":"tag-ralf-kruecken","18":"tag-rheinland","19":"tag-warteliste"},"share_on_mastodon":{"url":"https:\/\/pubeurope.com\/@de\/114533711620851550","error":""},"_links":{"self":[{"href":"https:\/\/www.europesays.com\/de\/wp-json\/wp\/v2\/posts\/122462","targetHints":{"allow":["GET"]}}],"collection":[{"href":"https:\/\/www.europesays.com\/de\/wp-json\/wp\/v2\/posts"}],"about":[{"href":"https:\/\/www.europesays.com\/de\/wp-json\/wp\/v2\/types\/post"}],"author":[{"embeddable":true,"href":"https:\/\/www.europesays.com\/de\/wp-json\/wp\/v2\/users\/2"}],"replies":[{"embeddable":true,"href":"https:\/\/www.europesays.com\/de\/wp-json\/wp\/v2\/comments?post=122462"}],"version-history":[{"count":0,"href":"https:\/\/www.europesays.com\/de\/wp-json\/wp\/v2\/posts\/122462\/revisions"}],"wp:featuredmedia":[{"embeddable":true,"href":"https:\/\/www.europesays.com\/de\/wp-json\/wp\/v2\/media\/122463"}],"wp:attachment":[{"href":"https:\/\/www.europesays.com\/de\/wp-json\/wp\/v2\/media?parent=122462"}],"wp:term":[{"taxonomy":"category","embeddable":true,"href":"https:\/\/www.europesays.com\/de\/wp-json\/wp\/v2\/categories?post=122462"},{"taxonomy":"post_tag","embeddable":true,"href":"https:\/\/www.europesays.com\/de\/wp-json\/wp\/v2\/tags?post=122462"}],"curies":[{"name":"wp","href":"https:\/\/api.w.org\/{rel}","templated":true}]}}