{"id":1224706,"date":"2026-08-08T20:16:21","date_gmt":"2026-08-08T20:16:21","guid":{"rendered":"https:\/\/www.europesays.com\/de\/1224706\/"},"modified":"2026-08-08T20:16:21","modified_gmt":"2026-08-08T20:16:21","slug":"ukraine-krieg-aktuell-warnung-vor-50-000-nordkoreaner-fuer-russland","status":"publish","type":"post","link":"https:\/\/www.europesays.com\/de\/1224706\/","title":{"rendered":"Ukraine-Krieg aktuell: Warnung vor 50.000 Nordkoreaner f\u00fcr Russland"},"content":{"rendered":"<p>Newsblog zum Krieg in der Ukraine <\/p>\n<p>50.000 Nordkoreaner f\u00fcr Putin?<\/p>\n<p>Von <a href=\"https:\/\/www.t-online.de\/author\/id_100237118\/simon-cleven.html\" class=\"transition-colors cursor-pointer no-underline md:hover:text-magenta md:focus:text-magenta text-inherit\" rel=\"nofollow noopener\" target=\"_blank\">S. Cleven<\/a>, <a href=\"https:\/\/www.t-online.de\/author\/id_92437676\/julian-seiferth.html\" class=\"transition-colors cursor-pointer no-underline md:hover:text-magenta md:focus:text-magenta text-inherit\" rel=\"nofollow noopener\" target=\"_blank\">J. Seiferth<\/a>, <a href=\"https:\/\/www.t-online.de\/author\/id_100490570\/finn-michalski.html\" class=\"transition-colors cursor-pointer no-underline md:hover:text-magenta md:focus:text-magenta text-inherit\" rel=\"nofollow noopener\" target=\"_blank\">F. Michalski<\/a>, <a href=\"https:\/\/www.t-online.de\/author\/id_92328834\/charlotta-siemer.html\" class=\"transition-colors cursor-pointer no-underline md:hover:text-magenta md:focus:text-magenta text-inherit\" rel=\"nofollow noopener\" target=\"_blank\">C. Siemer<\/a>, <a href=\"https:\/\/www.t-online.de\/author\/id_83634734\/anna-lena-janzen.html\" class=\"transition-colors cursor-pointer no-underline md:hover:text-magenta md:focus:text-magenta text-inherit\" rel=\"nofollow noopener\" target=\"_blank\">A. Janzen<\/a>, <a href=\"https:\/\/www.t-online.de\/author\/id_90737704\/christoph-coeln.html\" class=\"transition-colors cursor-pointer no-underline md:hover:text-magenta md:focus:text-magenta text-inherit\" rel=\"nofollow noopener\" target=\"_blank\">C. C\u00f6ln<\/a>, <a href=\"https:\/\/www.t-online.de\/author\/id_89234910\/thomas-wanhoff.html\" class=\"transition-colors cursor-pointer no-underline md:hover:text-magenta md:focus:text-magenta text-inherit\" rel=\"nofollow noopener\" target=\"_blank\">T. Wanhoff<\/a>, <a href=\"https:\/\/www.t-online.de\/author\/id_83403284\/martin-kueper.html\" class=\"transition-colors cursor-pointer no-underline md:hover:text-magenta md:focus:text-magenta text-inherit\" rel=\"nofollow noopener\" target=\"_blank\">M. K\u00fcper<\/a>, <a href=\"https:\/\/www.t-online.de\/author\/id_100402234\/jakob-hartung.html\" class=\"transition-colors cursor-pointer no-underline md:hover:text-magenta md:focus:text-magenta text-inherit\" rel=\"nofollow noopener\" target=\"_blank\">J. Hartung<\/a>, <a href=\"https:\/\/www.t-online.de\/author\/id_87278814\/mauritius-kloft.html\" class=\"transition-colors cursor-pointer no-underline md:hover:text-magenta md:focus:text-magenta text-inherit\" rel=\"nofollow noopener\" target=\"_blank\">M. Kloft<\/a>, <a href=\"https:\/\/www.t-online.de\/author\/id_100365168\/julian-alexander-fischer.html\" class=\"transition-colors cursor-pointer no-underline md:hover:text-magenta md:focus:text-magenta text-inherit\" rel=\"nofollow noopener\" target=\"_blank\">J. Fischer<\/a><\/p>\n<p>Aktualisiert am 08.08.2026 &#8211; 22:07 UhrLesedauer: 19 Min.<\/p>\n<p><a href=\"#focus-0\" class=\"transition-colors block text-current relative\" data-sctrack=\"FocusGalleryImage.Reference\"><img fetchpriority=\"high\" data-testid=\"Opener.Image\"   loading=\"eager\" src=\"https:\/\/www.europesays.com\/de\/wp-content\/uploads\/2026\/08\/nordkoreanische-soldaten-auf-einer-militaerparade-in-moskau-im-mai-das-land-unterstuetzt-russland-be.jpeg\" alt=\"Nordkoreanische Soldaten auf einer Milit\u00e4rparade in Moskau im Mai: Das Land unterst\u00fctzt Russland beim Angriffskrieg in der Ukraine.\" title=\"Nordkoreanische Soldaten auf einer Milit\u00e4rparade in Moskau im Mai: Das Land unterst\u00fctzt Russland beim Angriffskrieg in der Ukraine.\" width=\"3679\" height=\"2069\" class=\"bg-[url:var(--lqipURL)] bg-cover bg-center flex h-full w-full max-w-full\" style=\"--lqipURL:url('https:\/\/images.t-online.de\/2026\/08\/BZCBeXet7xD1\/0x176:3679x2069\/fit-in\/150x0\/filters:blur(25)\/nordkoreanische-soldaten-auf-einer-militaerparade-in-moskau-im-mai-das-land-unterstuetzt-russland-beim-angriffskrieg-in-der-ukraine.jpg')\" decoding=\"async\"\/><img loading=\"lazy\" src=\"https:\/\/www.t-online.de\/s\/paper\/_next\/static\/media\/zoom-in.f7dae02f.svg\" alt=\"Vergr\u00f6\u00dfern des Bildes\" title=\"Vergr\u00f6\u00dfern des Bildes\" class=\"block h-[calc(var(--height)_\/_16_*_1rem)] w-[calc(var(--width)_\/_16_*_1rem)] max-w-none absolute right-8 bottom-8 rounded-4 bg-snow p-8\" style=\"--width:32;--height:32\" decoding=\"async\"\/><\/a><\/p>\n<p>Nordkoreanische Soldaten auf einer Milit\u00e4rparade in Moskau im Mai: Das Land unterst\u00fctzt Russland beim Angriffskrieg in der Ukraine. (Quelle: IMAGO\/Alexander Kazakov\/imago-images-bilder)<\/p>\n<p class=\"text-center\">Jetzt neu bei t-online:<\/p>\n<p class=\"text-center\">Schriftgr\u00f6\u00dfe anpassen!<\/p>\n<p><img loading=\"lazy\" src=\"https:\/\/www.t-online.de\/s\/paper\/_next\/static\/media\/font-sizes.32942e33.svg\" alt=\"\" title=\"\" class=\"block h-[calc(var(--height)_\/_16_*_1rem)] w-[calc(var(--width)_\/_16_*_1rem)] max-w-none group-hover:hidden group-aria-expanded:hidden\" style=\"--width:16;--height:16\" decoding=\"async\"\/><img loading=\"lazy\" src=\"https:\/\/www.t-online.de\/s\/paper\/_next\/static\/media\/font-sizes-dark-mode.e382645c.svg\" alt=\"\" title=\"\" class=\"block h-[calc(var(--height)_\/_16_*_1rem)] w-[calc(var(--width)_\/_16_*_1rem)] max-w-none hidden group-hover:block group-aria-expanded:block\" style=\"--width:16;--height:16\" decoding=\"async\"\/><img loading=\"lazy\" src=\"https:\/\/www.t-online.de\/s\/paper\/_next\/static\/media\/sharing-menu-icon.1eb71368.svg\" alt=\"\" title=\"\" class=\"block h-[calc(var(--height)_\/_16_*_1rem)] w-[calc(var(--width)_\/_16_*_1rem)] max-w-none group-hover:brightness-0 group-hover:invert\" style=\"--width:16;--height:16\" decoding=\"async\"\/>Artikel teilen<\/p>\n<p class=\"font-bold text-18 leading-17 user-text-lg:text-22 user-text-xl:text-24\">Selenskyj spricht von einer heimlichen Mobilisierung in Russland f\u00fcr den Ukraine-Krieg. Auch Nordkorea k\u00f6nnte in Putins Angriffskrieg eine Rolle spielen. Alle Entwicklungen im Newsblog.<\/p>\n<p>Selenskyj warnt vor Putins heimlicher Mobilisierung<\/p>\n<p class=\"text-18 leading-17 user-text-lg:text-22 user-text-xl:text-24\">Kremlchef <a href=\"https:\/\/www.t-online.de\/themen\/wladimir-putin\/\" class=\"transition-colors cursor-pointer no-underline md:hover:text-magenta md:focus:text-magenta border-b border-solid border-current text-salemsfur md:hover:border-magenta\" data-tracking=\"{&quot;action&quot;:&quot;click&quot;,&quot;category&quot;:&quot;intextLink&quot;,&quot;label&quot;:&quot;\/themen\/wladimir-putin\/&quot;}\" data-sctrack=\"BodyAnchor\" rel=\"nofollow noopener\" target=\"_blank\">Wladimir Putin<\/a> ist nach Ansicht des ukrainischen Pr\u00e4sidenten <a href=\"https:\/\/www.t-online.de\/themen\/wolodymyr-selenskyj\/\" class=\"transition-colors cursor-pointer no-underline md:hover:text-magenta md:focus:text-magenta border-b border-solid border-current text-salemsfur md:hover:border-magenta\" data-tracking=\"{&quot;action&quot;:&quot;click&quot;,&quot;category&quot;:&quot;intextLink&quot;,&quot;label&quot;:&quot;\/themen\/wolodymyr-selenskyj\/&quot;}\" data-sctrack=\"BodyAnchor\" rel=\"nofollow noopener\" target=\"_blank\">Wolodymyr Selenskyj<\/a> bereit zu einer weiteren Steigerung von Russlands Angriffskrieg gegen die <a href=\"https:\/\/www.t-online.de\/themen\/ukraine\/\" class=\"transition-colors cursor-pointer no-underline md:hover:text-magenta md:focus:text-magenta border-b border-solid border-current text-salemsfur md:hover:border-magenta\" data-tracking=\"{&quot;action&quot;:&quot;click&quot;,&quot;category&quot;:&quot;intextLink&quot;,&quot;label&quot;:&quot;\/themen\/ukraine\/&quot;}\" data-sctrack=\"BodyAnchor\" rel=\"nofollow noopener\" target=\"_blank\">Ukraine<\/a>. Mit einer m\u00f6glichen neuen Massen-Mobilmachung solle eventuell auch Europa unter Druck gesetzt werden, sagte Selenskyj in einem Interview mit ukrainischen Sendern.<\/p>\n<p class=\"text-18 leading-17 user-text-lg:text-22 user-text-xl:text-24\">Nach einer versteckten Einberufung von hunderttausenden Russen zum Milit\u00e4rdienst k\u00f6nnten diese Streitkr\u00e4fte nicht nur f\u00fcr den aktuellen Ukraine-Krieg, sondern auch zur psychologischen Beeinflussung europ\u00e4ischer L\u00e4nder vorgesehen sein. &#8222;Wozu? Um zu zeigen, dass ich im Herbst eine halbe Million Menschen mobilisieren werde. Und diese halbe Million werde ich nicht unbedingt nur in der Ukraine einsetzen&#8220;, erl\u00e4uterte Selenskyj.<\/p>\n<p class=\"text-18 leading-17 user-text-lg:text-22 user-text-xl:text-24\">Putin zeige weiterhin keine Bereitschaft, den Krieg zu gerechten Bedingungen zu beenden. &#8222;Stattdessen versucht er, zumindest symbolische Erfolge zu erzielen, mit denen er die enormen Verluste vor dem eigenen Volk rechtfertigen k\u00f6nnte&#8220;, sagte Selenskyj.<\/p>\n<p>Selenskyj: Nordkorea will 50.000 Soldaten in Russland stationieren<\/p>\n<p class=\"text-18 leading-17 user-text-lg:text-22 user-text-xl:text-24\">Nach Angaben von Wolodymyr Selenskyj sei beschlossen worden, dass 30.000 bis 50.000 nordkoreanische Soldaten auf russischem Territorium stationiert werden sollen. In einem Interview mit dem ukrainischen Medium &#8222;United News&#8220; sagte er weiter, dass <a href=\"https:\/\/www.t-online.de\/themen\/nordkorea\/\" class=\"transition-colors cursor-pointer no-underline md:hover:text-magenta md:focus:text-magenta border-b border-solid border-current text-salemsfur md:hover:border-magenta\" data-tracking=\"{&quot;action&quot;:&quot;click&quot;,&quot;category&quot;:&quot;intextLink&quot;,&quot;label&quot;:&quot;\/themen\/nordkorea\/&quot;}\" data-sctrack=\"BodyAnchor\" rel=\"nofollow noopener\" target=\"_blank\">Nordkorea<\/a> &#8222;diesen Krieg&#8220; studiere und eine Bedrohung f\u00fcr andere asiatische L\u00e4nder darstellen konnte, da es &#8222;unter russischer F\u00fchrung Erfahrungen in der modernen Kriegsf\u00fchrung sammeln&#8220; werde.<\/p>\n<p class=\"text-18 leading-17 user-text-lg:text-22 user-text-xl:text-24\">Der ukrainische Pr\u00e4sident erkl\u00e4rte, Nordkoreaner seien zun\u00e4chst zu Hunderten, dann zu Tausenden in Russlands Angriffskrieg in der Ukraine eingebunden worden, und durch diese &#8222;Entscheidung&#8220; w\u00fcrden es nun Zehntausende werden. &#8222;Wir haben bereits nordkoreanische Raketen auf dem Territorium der Ukraine gefunden. Das ist heute bereits eine feststehende Tatsache&#8220;, sagte Selenskyj. &#8222;Es ist absolut klar, dass Nordkorea weiterhin Erfahrungen in der modernen Kriegsf\u00fchrung sammeln, Lizenzen von <a href=\"https:\/\/www.t-online.de\/themen\/russland\/\" class=\"transition-colors cursor-pointer no-underline md:hover:text-magenta md:focus:text-magenta border-b border-solid border-current text-salemsfur md:hover:border-magenta\" data-tracking=\"{&quot;action&quot;:&quot;click&quot;,&quot;category&quot;:&quot;intextLink&quot;,&quot;label&quot;:&quot;\/themen\/russland\/&quot;}\" data-sctrack=\"BodyAnchor\" rel=\"nofollow noopener\" target=\"_blank\">Russland<\/a> erhalten und alle Arten von milit\u00e4rischer Ausr\u00fcstung von dort beziehen wird. Das ist uns sehr wohl bewusst.&#8220;<\/p>\n<p>Russland meldet Einnahme von Ortschaft in Region Charkiw<\/p>\n<p class=\"text-18 leading-17 user-text-lg:text-22 user-text-xl:text-24\">Russland meldet die Einnahme der Ortschaft Iwaniwka in der ukrainischen Region Charkiw. Die Streitkr\u00e4fte h\u00e4tten die Siedlung unter ihre Kontrolle gebracht, teilt das Verteidigungsministerium in <a href=\"https:\/\/www.t-online.de\/themen\/moskau\/\" class=\"transition-colors cursor-pointer no-underline md:hover:text-magenta md:focus:text-magenta border-b border-solid border-current text-salemsfur md:hover:border-magenta\" data-tracking=\"{&quot;action&quot;:&quot;click&quot;,&quot;category&quot;:&quot;intextLink&quot;,&quot;label&quot;:&quot;\/themen\/moskau\/&quot;}\" data-sctrack=\"BodyAnchor\" rel=\"nofollow noopener\" target=\"_blank\">Moskau<\/a> mit. Die Angaben lassen sich von der Nachrichtenagentur Reuters zun\u00e4chst nicht unabh\u00e4ngig \u00fcberpr\u00fcfen. Eine Stellungnahme der Ukraine liegt zun\u00e4chst nicht vor.<\/p>\n<p>Selenskyj: Dreij\u00e4hriger bei Angriff get\u00f6tet<\/p>\n<p class=\"text-18 leading-17 user-text-lg:text-22 user-text-xl:text-24\">Bei n\u00e4chtlichen russischen Angriffen auf die Ukraine sind Beh\u00f6rdenangaben zufolge vier Menschen get\u00f6tet worden &#8211; darunter ein dreij\u00e4hriger Junge und seine Gro\u00dfeltern. Pr\u00e4sident Wolodymyr Selenskyj teilte am Samstag mit, die drei seien in dem Dorf Puhiwka in der Region <a href=\"https:\/\/www.t-online.de\/themen\/kiew\/\" class=\"transition-colors cursor-pointer no-underline md:hover:text-magenta md:focus:text-magenta border-b border-solid border-current text-salemsfur md:hover:border-magenta\" data-tracking=\"{&quot;action&quot;:&quot;click&quot;,&quot;category&quot;:&quot;intextLink&quot;,&quot;label&quot;:&quot;\/themen\/kiew\/&quot;}\" data-sctrack=\"BodyAnchor\" rel=\"nofollow noopener\" target=\"_blank\">Kiew<\/a> durch russische Drohnen ums Leben gekommen. Ihr Haus sei in Brand geraten. Die Eltern des Jungen, sein 15-j\u00e4hriger Bruder und ein Nachbar seien verletzt worden. Eine weitere Person sei bei einem Angriff mit ballistischen Raketen auf die Hauptstadt Kiew ums Leben gekommen. Europa, Amerika und die Ukraine wollten den Krieg beenden. &#8222;Nur Putin will es nicht und klammert sich verzweifelt an seine ballistischen Raketen und Drohnen, um den Krieg am Laufen zu halten&#8220;, schrieb Selenskyj auf dem Kurznachrichtendienst Telegram. &#8222;Es ist mehr Druck n\u00f6tig.&#8220;<\/p>\n","protected":false},"excerpt":{"rendered":"Newsblog zum Krieg in der Ukraine 50.000 Nordkoreaner f\u00fcr Putin? Von S. Cleven, J. Seiferth, F. Michalski, C.&hellip;\n","protected":false},"author":2,"featured_media":1223540,"comment_status":"","ping_status":"","sticky":false,"template":"","format":"standard","meta":{"footnotes":"","_share_on_mastodon":"0"},"categories":[4012],"tags":[1217,326,6079,331,332,18983,163545,4960,106,1478,1479,663,13,851,236667,72570,5793,451,9978,104516,308,14,15,3129,885,18223,3186,307,41599,12,317,312,306,107],"class_list":["post-1224706","post","type-post","status-publish","format-standard","has-post-thumbnail","category-ukraine","tag-1217","tag-326","tag-6079","tag-aktuelle-nachrichten","tag-aktuelle-news","tag-angriffskrieg","tag-browary","tag-charkiw","tag-donald-trump","tag-drohne","tag-drohnenangriff","tag-europa","tag-headlines","tag-herbst","tag-iwaniwka","tag-jekaterinburg","tag-kiew","tag-militaer","tag-militaerparade","tag-mobilisierung","tag-moskau","tag-nachrichten","tag-news","tag-newsblog","tag-nordkorea","tag-odessa","tag-reuters","tag-russland","tag-sankt-petersburg","tag-schlagzeilen","tag-ukraine","tag-ukrainekrieg","tag-wladimir-putin","tag-wolodymyr-selenskyj"],"share_on_mastodon":{"url":"https:\/\/pubeurope.com\/@de\/117061733171471413","error":""},"_links":{"self":[{"href":"https:\/\/www.europesays.com\/de\/wp-json\/wp\/v2\/posts\/1224706","targetHints":{"allow":["GET"]}}],"collection":[{"href":"https:\/\/www.europesays.com\/de\/wp-json\/wp\/v2\/posts"}],"about":[{"href":"https:\/\/www.europesays.com\/de\/wp-json\/wp\/v2\/types\/post"}],"author":[{"embeddable":true,"href":"https:\/\/www.europesays.com\/de\/wp-json\/wp\/v2\/users\/2"}],"replies":[{"embeddable":true,"href":"https:\/\/www.europesays.com\/de\/wp-json\/wp\/v2\/comments?post=1224706"}],"version-history":[{"count":0,"href":"https:\/\/www.europesays.com\/de\/wp-json\/wp\/v2\/posts\/1224706\/revisions"}],"wp:featuredmedia":[{"embeddable":true,"href":"https:\/\/www.europesays.com\/de\/wp-json\/wp\/v2\/media\/1223540"}],"wp:attachment":[{"href":"https:\/\/www.europesays.com\/de\/wp-json\/wp\/v2\/media?parent=1224706"}],"wp:term":[{"taxonomy":"category","embeddable":true,"href":"https:\/\/www.europesays.com\/de\/wp-json\/wp\/v2\/categories?post=1224706"},{"taxonomy":"post_tag","embeddable":true,"href":"https:\/\/www.europesays.com\/de\/wp-json\/wp\/v2\/tags?post=1224706"}],"curies":[{"name":"wp","href":"https:\/\/api.w.org\/{rel}","templated":true}]}}