{"id":1224791,"date":"2026-08-08T21:15:04","date_gmt":"2026-08-08T21:15:04","guid":{"rendered":"https:\/\/www.europesays.com\/de\/1224791\/"},"modified":"2026-08-08T21:15:04","modified_gmt":"2026-08-08T21:15:04","slug":"neues-von-der-malerin-tina-blau-museum-pfalzgalerie","status":"publish","type":"post","link":"https:\/\/www.europesays.com\/de\/1224791\/","title":{"rendered":"Neues von der Malerin Tina Blau &#8211; Museum Pfalzgalerie"},"content":{"rendered":"<p class=\"rhp-dpa-teaser\"><b>Mit einer viel beachteten Ausstellung startete die Pfalzgalerie ins Veranstaltungsjahr 2026: Erstmals stellte sie die Malerin Tina Blau vor. Die Erfolgsgeschichte geht weiter.<\/b><\/p>\n<p>Ende Januar startete die Erfolgsschau \u201eTina Blau \u2013 Im Freien\u201c und wurde wegen des gro\u00dfen Publikumsinteresses \u00fcber die regul\u00e4re Laufzeit bis 7. Juni  verl\u00e4ngert. Rund 7000 Besucher sahen die in Kooperation mit dem Wiener Belvedere entstandene Schau. Sie kamen aus dem weiteren Umland, aber auch aus dem benachbarten Ausland, wie Kuratorin <a class=\"rtr-entity\" data-rtr-entity=\"Annette Reich\" data-rtr-id=\"bf2755b8b9a8d2324f1115cc7a263b55e60eb734\" data-rtr-score=\"11.550910316925153\" data-rtr-etype=\"person\" data-rtr-index=\"1\" href=\"https:\/\/www.rheinpfalz.de\/themen\/annette-reich\" rel=\"nofollow noopener\" target=\"_blank\">Annette Reich<\/a> ausf\u00fchrt. Nach der Lautrer Pr\u00e4sentation wanderte die Ausstellung weiter ins Kunstmuseum Ahlen (Laufzeit bis 1. November). Und auch dort wird sie laut  Direktorin Martina Padberg trotz Ferienzeit gut angenommen.<\/p>\n<p>Einerseits ist der Erfolg der Ausstellung sicherlich  der beeindruckenden Qualit\u00e4t der plein air entstandenen und detailversessenen  Arbeiten von Tina Blau (1845 bis 1916) zuzuschreiben. Andererseits machen  auch eine pers\u00f6nliche und eine gesellschaftliche Komponente die Besch\u00e4ftigung mit der \u00d6sterreicherin so spannend: Als eine der ersten wirklich emanzipierten Malerinnen ging sie beharrlich und erfolgreich ihren Weg in einer  m\u00e4nnerdominierten Kunstwelt. Alle drei Aspekte bringt nun ein neu erschienenes Katalogbuch  mit vielen Abbildungen, aber auch einem hohen Anteil spannender Texte zusammen. Es entsteht ein Zeitgem\u00e4lde und zugleich das Portr\u00e4t einer au\u00dfergew\u00f6hnlichen K\u00fcnstlerpers\u00f6nlichkeit. <\/p>\n<p class=\"rhp-closing-headline\">Buch-Tipp<\/p>\n<p class=\"rhp-closing-credits\">\u201eTina Blau \u2013 Im freien\u201c, Deutscher Kunstverlag 2026, 237 Seiten, Hardcover, im Buchhandel und im mpk f\u00fcr 42 Euro.<br \/>\u00a0<img decoding=\"async\" src=\"https:\/\/www.rheinpfalz.de\/pu_rhp\/images\/rheinpfalz-r-logo.svg\" alt=\"\"\/><\/p>\n","protected":false},"excerpt":{"rendered":"Mit einer viel beachteten Ausstellung startete die Pfalzgalerie ins Veranstaltungsjahr 2026: Erstmals stellte sie die Malerin Tina Blau&hellip;\n","protected":false},"author":2,"featured_media":1224792,"comment_status":"","ping_status":"","sticky":false,"template":"","format":"standard","meta":{"footnotes":"","_share_on_mastodon":"0"},"categories":[1775],"tags":[17788,254444,1793,135279,29,214,30,15352,1794,4060,167979,254443,215],"class_list":["post-1224791","post","type-post","status-publish","format-standard","has-post-thumbnail","category-kunst-und-design","tag-ahlen","tag-annette-reich","tag-art-and-design","tag-belvedere","tag-deutschland","tag-entertainment","tag-germany","tag-kaiserslautern","tag-kunst-und-design","tag-lokal","tag-pfalzgalerie","tag-tina-blau","tag-unterhaltung"],"share_on_mastodon":{"url":"https:\/\/pubeurope.com\/@de\/117061966307764385","error":""},"_links":{"self":[{"href":"https:\/\/www.europesays.com\/de\/wp-json\/wp\/v2\/posts\/1224791","targetHints":{"allow":["GET"]}}],"collection":[{"href":"https:\/\/www.europesays.com\/de\/wp-json\/wp\/v2\/posts"}],"about":[{"href":"https:\/\/www.europesays.com\/de\/wp-json\/wp\/v2\/types\/post"}],"author":[{"embeddable":true,"href":"https:\/\/www.europesays.com\/de\/wp-json\/wp\/v2\/users\/2"}],"replies":[{"embeddable":true,"href":"https:\/\/www.europesays.com\/de\/wp-json\/wp\/v2\/comments?post=1224791"}],"version-history":[{"count":0,"href":"https:\/\/www.europesays.com\/de\/wp-json\/wp\/v2\/posts\/1224791\/revisions"}],"wp:featuredmedia":[{"embeddable":true,"href":"https:\/\/www.europesays.com\/de\/wp-json\/wp\/v2\/media\/1224792"}],"wp:attachment":[{"href":"https:\/\/www.europesays.com\/de\/wp-json\/wp\/v2\/media?parent=1224791"}],"wp:term":[{"taxonomy":"category","embeddable":true,"href":"https:\/\/www.europesays.com\/de\/wp-json\/wp\/v2\/categories?post=1224791"},{"taxonomy":"post_tag","embeddable":true,"href":"https:\/\/www.europesays.com\/de\/wp-json\/wp\/v2\/tags?post=1224791"}],"curies":[{"name":"wp","href":"https:\/\/api.w.org\/{rel}","templated":true}]}}