{"id":1224803,"date":"2026-08-08T21:23:25","date_gmt":"2026-08-08T21:23:25","guid":{"rendered":"https:\/\/www.europesays.com\/de\/1224803\/"},"modified":"2026-08-08T21:23:25","modified_gmt":"2026-08-08T21:23:25","slug":"ihr-krebs-ist-unheilbar-ruehrendes-lebenszeichen-von-patrice-aminati-unterhaltung","status":"publish","type":"post","link":"https:\/\/www.europesays.com\/de\/1224803\/","title":{"rendered":"Ihr Krebs ist unheilbar: R\u00fchrendes Lebenszeichen von Patrice Aminati | Unterhaltung"},"content":{"rendered":"<p><a class=\"skip-content skip-content--link\" href=\"#in-content-skip-link-target-v-0-0\">TTS-Player \u00fcberspringen\u21b5<\/a><a id=\"in-content-skip-link-target-v-0-0\" class=\"skip-content--target-link-hidden skip-content skip-content--target-link\" href=\"#in-content-skip-link-target-v-0-0\">Artikel weiterlesen<\/a><\/p>\n<p data-32581ace=\"0-2476\">Dresden (Sachsen) \u2013 <b>Jeden Tag bangt Patrice Aminati (31) und hofft auf ein Wunder, nur eine kleine gute Nachricht. Sie wei\u00df aber, dass ihr schwarzer Hautkrebs nicht mehr heilbar ist. Er hat mittlerweile in zu viele Organe gestreut. Jetzt gibt sie ein r\u00fchrendes Update auf Instagram. Die letzte Kraft, die ihr noch bleibt, will sie ihrer geliebten Tochter schenken. <\/b><\/p>\n<p data-32581ace=\"0-2476\">Das Schicksal der Moderatorin und Influencerin r\u00fchrt ganz Deutschland. Nach Wochen der Sorge meldet sie sich jetzt mit bewegenden Worten: \u201eEin kleines Lebenszeichen von mir. Ich lebe noch. Ich lebe gern. Ich versuche, im Jetzt zu leben.\u201c<\/p>\n<p><img decoding=\"async\" width=\"992\" height=\"1178\" alt=\"Ein Teil der Botschaft, den Patrive jetzt bei Instagram ver\u00f6ffentlichte\" loading=\"lazy\" src=\"https:\/\/www.europesays.com\/de\/wp-content\/uploads\/2026\/08\/11a8e6c921b35d9a546f04e78ade094f,e0a35f97.jpeg\"   class=\"portrait\"\/><\/p>\n<p class=\"fig__caption__text\">Ein Teil der Botschaft, die Patrice jetzt bei Instagram ver\u00f6ffentlichte <\/p>\n<p>Foto: patrice.eva\/Instagram<\/p>\n<p data-32581ace=\"0-2476\">Wochenlang herrschte Funkstille. Viele Fans machten sich gro\u00dfe Sorgen um die Ex-Frau von Moderator<a href=\"https:\/\/www.bild.de\/unterhaltung\/leute\/daniel-aminati\/daniel-aminati-alle-infos-76664622.bild.html\" class=\"text-link\" rel=\"nofollow noopener\" target=\"_blank\"> Daniel Aminati <\/a>(52, seit Dezember 2025 getrennt). Nun erkl\u00e4rt sie, warum sie so lange geschwiegen hat.<\/p>\n<p>Sie ist f\u00fcr ihre geliebte Tochter (3) da<\/p>\n<p data-32581ace=\"0-2476\">\u201eVerzeiht mir, dass ich nicht antworte \u2013 nicht antworten kann. Doch all die Kraft, die ich habe, versuche ich meiner Tochter zu schenken\u201c, schreibt sie. Charly Malika ist drei Jahre alt. Lange versuchte Patrice, die Krankheit vor ihr zu verbergen. Doch mittlerweile ahnt das Kind, wie es um seine Mutter steht. <\/p>\n<p><img decoding=\"async\" width=\"992\" height=\"1684\" alt=\"Patrive mit ihrer geliebten Tochter Charly Malika (3). Ihre letzte Kraft opfert sie f\u00fcr das M\u00e4dchen auf\" loading=\"lazy\" src=\"https:\/\/www.europesays.com\/de\/wp-content\/uploads\/2026\/08\/664222fc7b24a2f44e39a75bb8c76d07,ad5d1ab7.jpeg\"   class=\"dynamic\"\/><\/p>\n<p class=\"fig__caption__text\">Patrice mit ihrer geliebten Tochter Charly Malika (3). Ihre letzte Kraft opfert sie f\u00fcr das M\u00e4dchen auf <\/p>\n<p>Foto: patrice.eva\/Instagram<\/p>\n<p data-32581ace=\"0-2476\">Doch die traurige Wahrheit bleibt: \u201eMeine Situation hat sich leider nicht ge\u00e4ndert. Das ist der Punkt. Aufgeben ist keine Option. So viele helfen, w\u00fcnschen und beten f\u00fcr mich.\u201c<\/p>\n<p data-32581ace=\"0-2476\">Die Influencerin k\u00e4mpft weiter gegen metastasierten schwarzen Hautkrebs im Stadium 4. Die Krankheit gilt als unheilbar. Der<a href=\"https:\/\/www.bild.de\/themen\/specials\/krebs\/gesundheit-news-fotos-videos-17039560.bild.html\" class=\"text-link\" rel=\"nofollow noopener\" target=\"_blank\"> Krebs <\/a>hat bereits in mehrere Organe gestreut, Aminati wird schon palliativ behandelt.<\/p>\n<p data-32581ace=\"0-2476\">Besonders bitter: Im Sommer 2026 zeigte ein MRT, dass die laufende Therapie bei einigen Metastasen nicht ausreichend anschl\u00e4gt. Deshalb musste zus\u00e4tzlich eine Strahlentherapie begonnen werden. Die Kr\u00e4fte der jungen Mutter werden immer wieder auf die Probe gestellt.<\/p>\n<p>Mehr zum Thema<\/p>\n<p data-32581ace=\"0-2476\">Auch ein weiterer Hoffnungsschimmer platzte: Eine neue, <a href=\"https:\/\/www.bild.de\/unterhaltung\/stars-und-leute\/krebskranke-patrice-aminati-koerper-springt-nicht-auf-neue-therapie-an-6a5863f7a4dd37e74df56bdf\" class=\"text-link\" rel=\"nofollow noopener\" target=\"_blank\">vielversprechende Krebstherapie <\/a>an der Uniklinik <a href=\"https:\/\/www.bild.de\/regional\/dresden\/dresden-regional\/home-16327670.bild.html\" class=\"text-link\" rel=\"nofollow noopener\" target=\"_blank\">Dresden<\/a> kommt f\u00fcr Aminati nicht infrage. Ihr humanes Leukozytenantigen-System ist nicht mit der Therapie kompatibel. <\/p>\n<p>Keine Krebstherapie hat bislang angeschlagen <\/p>\n<p data-32581ace=\"0-2476\">Doch in diesen schweren Stunden voll Kummer und Leid denkt sie nicht nur an sich. Sie schreibt weiter: \u201eSeht euch in die Augen, in eure Herzen, es gibt so viele, denen es so geht wie mir. So viele brauchen Hilfe.\u201c <a href=\"https:\/\/www.bild.de\/unterhaltung\/stars-und-leute\/patrice-aminati-eine-braune-peruecke-gibt-der-krebskranken-moderatorin-ein-neues-lebensgefuehl-69fed09230e98e4ac324f335\" class=\"text-link\" rel=\"nofollow noopener\" target=\"_blank\">Patrice Aminati <\/a>sendet mit ihrem bewegenden Instagram-Post vor allem eine Botschaft: Sie k\u00e4mpft weiter. F\u00fcr sich. F\u00fcr ihre Familie. Und vor allem f\u00fcr ihre Tochter.<\/p>\n","protected":false},"excerpt":{"rendered":"TTS-Player \u00fcberspringen\u21b5Artikel weiterlesen Dresden (Sachsen) \u2013 Jeden Tag bangt Patrice Aminati (31) und hofft auf ein Wunder, nur&hellip;\n","protected":false},"author":2,"featured_media":1224804,"comment_status":"","ping_status":"","sticky":false,"template":"","format":"standard","meta":{"footnotes":"","_share_on_mastodon":"0"},"categories":[155],"tags":[37997,254445,29,2386,254446,127,214,30,1080,1307,138370,37998,215],"class_list":["post-1224803","post","type-post","status-publish","format-standard","has-post-thumbnail","category-unterhaltung","tag-aminati-daniel","tag-aminati-patrice","tag-deutschland","tag-dresden","tag-dresden-regional-leute","tag-ehefrau","tag-entertainment","tag-germany","tag-krebs","tag-prosieben","tag-team-first","tag-tv-moderation","tag-unterhaltung"],"share_on_mastodon":{"url":"https:\/\/pubeurope.com\/@de\/117061997804174090","error":""},"_links":{"self":[{"href":"https:\/\/www.europesays.com\/de\/wp-json\/wp\/v2\/posts\/1224803","targetHints":{"allow":["GET"]}}],"collection":[{"href":"https:\/\/www.europesays.com\/de\/wp-json\/wp\/v2\/posts"}],"about":[{"href":"https:\/\/www.europesays.com\/de\/wp-json\/wp\/v2\/types\/post"}],"author":[{"embeddable":true,"href":"https:\/\/www.europesays.com\/de\/wp-json\/wp\/v2\/users\/2"}],"replies":[{"embeddable":true,"href":"https:\/\/www.europesays.com\/de\/wp-json\/wp\/v2\/comments?post=1224803"}],"version-history":[{"count":0,"href":"https:\/\/www.europesays.com\/de\/wp-json\/wp\/v2\/posts\/1224803\/revisions"}],"wp:featuredmedia":[{"embeddable":true,"href":"https:\/\/www.europesays.com\/de\/wp-json\/wp\/v2\/media\/1224804"}],"wp:attachment":[{"href":"https:\/\/www.europesays.com\/de\/wp-json\/wp\/v2\/media?parent=1224803"}],"wp:term":[{"taxonomy":"category","embeddable":true,"href":"https:\/\/www.europesays.com\/de\/wp-json\/wp\/v2\/categories?post=1224803"},{"taxonomy":"post_tag","embeddable":true,"href":"https:\/\/www.europesays.com\/de\/wp-json\/wp\/v2\/tags?post=1224803"}],"curies":[{"name":"wp","href":"https:\/\/api.w.org\/{rel}","templated":true}]}}