{"id":1225010,"date":"2026-08-08T23:39:59","date_gmt":"2026-08-08T23:39:59","guid":{"rendered":"https:\/\/www.europesays.com\/de\/1225010\/"},"modified":"2026-08-08T23:39:59","modified_gmt":"2026-08-08T23:39:59","slug":"polizei-hamburg-zwei-maenner-binnen-weniger-stunden-angeschossen","status":"publish","type":"post","link":"https:\/\/www.europesays.com\/de\/1225010\/","title":{"rendered":"Polizei Hamburg: Zwei M\u00e4nner binnen weniger Stunden angeschossen"},"content":{"rendered":"<p data-external=\"Article.FirstParagraph\"> Innerhalb weniger Stunden sind in Hamburg zwei M\u00e4nner durch Sch\u00fcsse verletzt worden. Nach einem Vorfall in Schnelsen in der Nacht zum Sonnabend fiel am Vormittag auch in Steilshoop mindestens ein Schuss. Die Polizei fahndete in beiden F\u00e4llen zun\u00e4chst ohne Erfolg nach den T\u00e4tern. Ein Zusammenhang zwischen den Taten ist nach bisherigem Ermittlungsstand unklar. <\/p>\n<p>In Steilshoop war es nach Polizeiangaben gegen 11.30 Uhr im Fritz-Flinte-Ring zu einer Auseinandersetzung zwischen mehreren Personen gekommen. Im Verlauf des Streits wurde ein 23-J\u00e4hriger angeschossen. Er wurde im Oberschenkel getroffen. Rettungskr\u00e4fte und ein Notarzt versorgten den Verletzten am Tatort und brachten ihn anschlie\u00dfend in ein Krankenhaus. Lebensgefahr bestand demnach nicht. <\/p>\n<p>Anwohner hatten die Polizei alarmiert, nachdem sie Sch\u00fcsse geh\u00f6rt und zwei fl\u00fcchtende M\u00e4nner gesehen hatten. Die Einsatzkr\u00e4fte leiteten daraufhin eine Gro\u00dffahndung ein. Laut NDR sperrten Polizisten mit Maschinenpistolen umliegende Stra\u00dfen ab, mehr als ein Dutzend Streifenwagen waren im Einsatz. Auch der Polizeihubschrauber \u201eLibelle\u201c unterst\u00fctzte die Suche aus der Luft. <\/p>\n<p>Bereits in der Nacht zum Sonnabend war in Schnelsen ein Mann angeschossen worden. Nach Angaben des NDR war der Mann an einer Haust\u00fcr in der Stra\u00dfe Burgwedel mit einem anderen Mann in Streit geraten. Daraufhin soll der T\u00e4ter ihm ins Bein geschossen haben. Der Verletzte kam in ein Krankenhaus; auch in diesem Fall sollen die Verletzungen nicht lebensgef\u00e4hrlich sein.<\/p>\n<p>Der Vorfall in Steilshoop l\u00f6ste zudem eine politische Debatte \u00fcber die Polizeipr\u00e4senz im Stadtteil aus. Der CDU-B\u00fcrgerschaftsabgeordnete Sandro Kappe forderte nach Angaben der \u201eHamburger Morgenpost\u201c eine eigene Polizeistation f\u00fcr Steilshoop. Dabei verwies er auf mehrere j\u00fcngere Polizeieins\u00e4tze in dem Stadtteil, betonte aber zugleich, man d\u00fcrfe die einzelnen Vorf\u00e4lle nicht einfach miteinander vermischen. <\/p>\n","protected":false},"excerpt":{"rendered":"Innerhalb weniger Stunden sind in Hamburg zwei M\u00e4nner durch Sch\u00fcsse verletzt worden. Nach einem Vorfall in Schnelsen in&hellip;\n","protected":false},"author":2,"featured_media":1225011,"comment_status":"","ping_status":"","sticky":false,"template":"","format":"standard","meta":{"footnotes":"","_share_on_mastodon":"0"},"categories":[5],"tags":[331,332,3364,29,30,692,13,8923,2183,14,15,121,12,45,6148],"class_list":["post-1225010","post","type-post","status-publish","format-standard","has-post-thumbnail","category-nachrichten","tag-aktuelle-nachrichten","tag-aktuelle-news","tag-de","tag-deutschland","tag-germany","tag-hamburg","tag-headlines","tag-lauterbach-joern","tag-mord","tag-nachrichten","tag-news","tag-polizei","tag-schlagzeilen","tag-texttospeech","tag-totschlag"],"share_on_mastodon":{"url":"https:\/\/pubeurope.com\/@de\/117062534605262714","error":""},"_links":{"self":[{"href":"https:\/\/www.europesays.com\/de\/wp-json\/wp\/v2\/posts\/1225010","targetHints":{"allow":["GET"]}}],"collection":[{"href":"https:\/\/www.europesays.com\/de\/wp-json\/wp\/v2\/posts"}],"about":[{"href":"https:\/\/www.europesays.com\/de\/wp-json\/wp\/v2\/types\/post"}],"author":[{"embeddable":true,"href":"https:\/\/www.europesays.com\/de\/wp-json\/wp\/v2\/users\/2"}],"replies":[{"embeddable":true,"href":"https:\/\/www.europesays.com\/de\/wp-json\/wp\/v2\/comments?post=1225010"}],"version-history":[{"count":0,"href":"https:\/\/www.europesays.com\/de\/wp-json\/wp\/v2\/posts\/1225010\/revisions"}],"wp:featuredmedia":[{"embeddable":true,"href":"https:\/\/www.europesays.com\/de\/wp-json\/wp\/v2\/media\/1225011"}],"wp:attachment":[{"href":"https:\/\/www.europesays.com\/de\/wp-json\/wp\/v2\/media?parent=1225010"}],"wp:term":[{"taxonomy":"category","embeddable":true,"href":"https:\/\/www.europesays.com\/de\/wp-json\/wp\/v2\/categories?post=1225010"},{"taxonomy":"post_tag","embeddable":true,"href":"https:\/\/www.europesays.com\/de\/wp-json\/wp\/v2\/tags?post=1225010"}],"curies":[{"name":"wp","href":"https:\/\/api.w.org\/{rel}","templated":true}]}}