{"id":1225234,"date":"2026-08-09T02:07:21","date_gmt":"2026-08-09T02:07:21","guid":{"rendered":"https:\/\/www.europesays.com\/de\/1225234\/"},"modified":"2026-08-09T02:07:21","modified_gmt":"2026-08-09T02:07:21","slug":"nationalmannschaft-weltmeister-ginter-tritt-gegen-nagelsmann-nach","status":"publish","type":"post","link":"https:\/\/www.europesays.com\/de\/1225234\/","title":{"rendered":"Nationalmannschaft: Weltmeister Ginter tritt gegen Nagelsmann nach"},"content":{"rendered":"<p>Kritik an fr\u00fcherem Bundestrainer <\/p>\n<p>Ex-Nationalspieler tritt gegen Nagelsmann nach<\/p>\n<p>08.08.2026 &#8211; 21:15 UhrLesedauer: 2 Min.<\/p>\n<p><a href=\"#focus-0\" class=\"transition-colors block text-current relative\" data-sctrack=\"FocusGalleryImage.Reference\"><img fetchpriority=\"high\" data-testid=\"Opener.Image\"   loading=\"eager\" src=\"https:\/\/www.europesays.com\/de\/wp-content\/uploads\/2026\/08\/gluecklos-bei-der-wm-bundestrainer-julian-nagelsmann-musste-nach-dem-turnier-in-den-usa-kanada-und-m.jpeg\" alt=\"Gl\u00fccklos bei der WM: Bundestrainer Julian Nagelsmann musste nach dem Turnier in den USA, Kanada und Mexiko gehen.\" title=\"Gl\u00fccklos bei der WM: Bundestrainer Julian Nagelsmann musste nach dem Turnier in den USA, Kanada und Mexiko gehen.\" width=\"2219\" height=\"1248\" class=\"bg-[url:var(--lqipURL)] bg-cover bg-center flex h-full w-full max-w-full\" style=\"--lqipURL:url('https:\/\/images.t-online.de\/2026\/08\/byeh35H8Of99\/0x156:2219x1248\/fit-in\/150x0\/filters:blur(25)\/gluecklos-bei-der-wm-bundestrainer-julian-nagelsmann-musste-nach-dem-turnier-in-den-usa-kanada-und-mexiko-gehen.jpg')\" decoding=\"async\"\/><img loading=\"lazy\" src=\"https:\/\/www.t-online.de\/s\/paper\/_next\/static\/media\/zoom-in.f7dae02f.svg\" alt=\"Vergr\u00f6\u00dfern des Bildes\" title=\"Vergr\u00f6\u00dfern des Bildes\" class=\"block h-[calc(var(--height)_\/_16_*_1rem)] w-[calc(var(--width)_\/_16_*_1rem)] max-w-none absolute right-8 bottom-8 rounded-4 bg-snow p-8\" style=\"--width:32;--height:32\" decoding=\"async\"\/><\/a><\/p>\n<p>Gl\u00fccklos bei der WM: Bundestrainer Julian Nagelsmann musste nach dem Turnier in den USA, Kanada und Mexiko gehen. (Quelle: IMAGO\/Moritz Mueller\/imago-images-bilder)<\/p>\n<p><img loading=\"lazy\" src=\"https:\/\/www.t-online.de\/s\/paper\/_next\/static\/media\/audio-volume.6689034c.svg\" alt=\"\" title=\"\" class=\"block h-[calc(var(--height)_\/_16_*_1rem)] w-[calc(var(--width)_\/_16_*_1rem)] max-w-none group-hover:brightness-0 group-hover:invert\" style=\"--width:16;--height:16\" decoding=\"async\"\/>Vorlesen<\/p>\n<p>Aktuelle Zeit:0:00Gesamtdauer:0:00<\/p>\n<p>1x<\/p>\n<p class=\"text-center\">Jetzt neu bei t-online:<\/p>\n<p class=\"text-center\">Schriftgr\u00f6\u00dfe anpassen!<\/p>\n<p><img loading=\"lazy\" src=\"https:\/\/www.t-online.de\/s\/paper\/_next\/static\/media\/font-sizes.32942e33.svg\" alt=\"\" title=\"\" class=\"block h-[calc(var(--height)_\/_16_*_1rem)] w-[calc(var(--width)_\/_16_*_1rem)] max-w-none group-hover:hidden group-aria-expanded:hidden\" style=\"--width:16;--height:16\" decoding=\"async\"\/><img loading=\"lazy\" src=\"https:\/\/www.t-online.de\/s\/paper\/_next\/static\/media\/font-sizes-dark-mode.e382645c.svg\" alt=\"\" title=\"\" class=\"block h-[calc(var(--height)_\/_16_*_1rem)] w-[calc(var(--width)_\/_16_*_1rem)] max-w-none hidden group-hover:block group-aria-expanded:block\" style=\"--width:16;--height:16\" decoding=\"async\"\/><img loading=\"lazy\" src=\"https:\/\/www.t-online.de\/s\/paper\/_next\/static\/media\/sharing-menu-icon.1eb71368.svg\" alt=\"\" title=\"\" class=\"block h-[calc(var(--height)_\/_16_*_1rem)] w-[calc(var(--width)_\/_16_*_1rem)] max-w-none group-hover:brightness-0 group-hover:invert\" style=\"--width:16;--height:16\" decoding=\"async\"\/>Artikel teilen<\/p>\n<p class=\"font-bold text-18 leading-17 user-text-lg:text-22 user-text-xl:text-24\">Julian Nagelsmann ist als Bundestrainer der deutschen Nationalmannschaft l\u00e4ngst Geschichte. Bedarf an der Aufarbeitung seiner Amtszeit besteht aber offenbar noch immer. Jetzt hat sich ein Weltmeister von 2014 ge\u00e4u\u00dfert \u2013 und l\u00e4sst tief blicken.<\/p>\n<p class=\"text-18 leading-17 user-text-lg:text-22 user-text-xl:text-24\">Der Deutsche Fu\u00dfball-Bund (DFB) will mit Neu-Bundestrainer <a href=\"https:\/\/www.t-online.de\/themen\/juergen-klopp\/\" class=\"transition-colors cursor-pointer no-underline md:hover:text-magenta md:focus:text-magenta border-b border-solid border-current text-salemsfur md:hover:border-magenta\" data-tracking=\"{&quot;action&quot;:&quot;click&quot;,&quot;category&quot;:&quot;intextLink&quot;,&quot;label&quot;:&quot;\/themen\/juergen-klopp\/&quot;}\" data-sctrack=\"BodyAnchor\" rel=\"nofollow noopener\" target=\"_blank\">J\u00fcrgen Klopp<\/a> eine neue \u00c4ra des Erfolgs einleiten. Auf den 59-J\u00e4hrigen kommen zahlreiche Aufgaben zu, bei der <a href=\"https:\/\/www.t-online.de\/themen\/nationalmannschaft-deutschland\/\" class=\"transition-colors cursor-pointer no-underline md:hover:text-magenta md:focus:text-magenta border-b border-solid border-current text-salemsfur md:hover:border-magenta\" data-tracking=\"{&quot;action&quot;:&quot;click&quot;,&quot;category&quot;:&quot;intextLink&quot;,&quot;label&quot;:&quot;\/themen\/nationalmannschaft-deutschland\/&quot;}\" data-sctrack=\"BodyAnchor\" rel=\"nofollow noopener\" target=\"_blank\">deutschen Nationalmannschaft<\/a> blickt man nach vorn \u2013 schon Ende September startet der viermalige Weltmeister in die <a href=\"https:\/\/www.t-online.de\/sport\/fussball\/nations-league\/\" class=\"transition-colors cursor-pointer no-underline md:hover:text-magenta md:focus:text-magenta border-b border-solid border-current text-salemsfur md:hover:border-magenta\" data-tracking=\"{&quot;action&quot;:&quot;click&quot;,&quot;category&quot;:&quot;intextLink&quot;,&quot;label&quot;:&quot;\/sport\/fussball\/nations-league\/&quot;}\" data-sctrack=\"BodyAnchor\" rel=\"nofollow noopener\" target=\"_blank\">Nations League<\/a>.<\/p>\n<p class=\"text-18 leading-17 user-text-lg:text-22 user-text-xl:text-24\">Doch noch immer besteht Aufarbeitungsbedarf bez\u00fcglich der Amtszeit seines umstrittenen Vorg\u00e4ngers <a href=\"https:\/\/www.t-online.de\/themen\/julian-nagelsmann\/\" class=\"transition-colors cursor-pointer no-underline md:hover:text-magenta md:focus:text-magenta border-b border-solid border-current text-salemsfur md:hover:border-magenta\" data-tracking=\"{&quot;action&quot;:&quot;click&quot;,&quot;category&quot;:&quot;intextLink&quot;,&quot;label&quot;:&quot;\/themen\/julian-nagelsmann\/&quot;}\" data-sctrack=\"BodyAnchor\" rel=\"nofollow noopener\" target=\"_blank\">Julian Nagelsmann<\/a>. Nun hat sich ein Weltmeister von 2014 ge\u00e4u\u00dfert \u2013 und den 38-J\u00e4hrigen, der nach dem entt\u00e4uschenden WM-Aus im Sechzehntelfinale gegen Paraguay gehen musste, scharf kritisiert.<\/p>\n<ul class=\"text-18 leading-17 block pl-24 *:pb-16 *:before:inline-block *:before:size-8 *:before:bg-magenta *:before:mt-0 *:before:mr-12 *:before:mb-2 *:before:-ml-[20px]\">\n<li><strong class=\"font-bold\">Ex-DFB-Profi im Pech:<\/strong> <a href=\"https:\/\/www.t-online.de\/sport\/fussball\/international\/id_101380350\/niclas-fuellkrug-wechsel-von-ex-dfb-profi-nach-venedig-wohl-geplatzt.html\" class=\"transition-colors cursor-pointer no-underline md:hover:text-magenta md:focus:text-magenta border-b border-solid border-current text-salemsfur md:hover:border-magenta\" data-tracking=\"{&quot;action&quot;:&quot;click&quot;,&quot;category&quot;:&quot;intextLink&quot;,&quot;label&quot;:&quot;\/sport\/fussball\/international\/id_101380350\/niclas-fuellkrug-wechsel-von-ex-dfb-profi-nach-venedig-wohl-geplatzt.html&quot;}\" data-sctrack=\"BodyAnchor\" rel=\"nofollow noopener\" target=\"_blank\">Wechsel wohl geplatzt<\/a><\/li>\n<li><strong class=\"font-bold\">Lionel Messi trauert:<\/strong> <a href=\"https:\/\/www.t-online.de\/sport\/fussball\/id_101380156\/lionel-messi-vater-jorge-messi-in-argentinien-verstorben.html\" class=\"transition-colors cursor-pointer no-underline md:hover:text-magenta md:focus:text-magenta border-b border-solid border-current text-salemsfur md:hover:border-magenta\" data-tracking=\"{&quot;action&quot;:&quot;click&quot;,&quot;category&quot;:&quot;intextLink&quot;,&quot;label&quot;:&quot;\/sport\/fussball\/id_101380156\/lionel-messi-vater-jorge-messi-in-argentinien-verstorben.html&quot;}\" data-sctrack=\"BodyAnchor\" rel=\"nofollow noopener\" target=\"_blank\">Vater von Weltstar ist tot<\/a><\/li>\n<\/ul>\n<p class=\"text-18 leading-17 user-text-lg:text-22 user-text-xl:text-24\">Denn <a href=\"https:\/\/www.t-online.de\/themen\/matthias-ginter\/\" class=\"transition-colors cursor-pointer no-underline md:hover:text-magenta md:focus:text-magenta border-b border-solid border-current text-salemsfur md:hover:border-magenta\" data-tracking=\"{&quot;action&quot;:&quot;click&quot;,&quot;category&quot;:&quot;intextLink&quot;,&quot;label&quot;:&quot;\/themen\/matthias-ginter\/&quot;}\" data-sctrack=\"BodyAnchor\" rel=\"nofollow noopener\" target=\"_blank\">Matthias Ginter<\/a> hatte sich nach eigenen Angaben noch bis zum Tag der Kader-Bekanntgabe Chancen auf einen Platz im Kader f\u00fcr das Turnier in den USA, Kanada und Mexiko ausgerechnet \u2013 und erfuhr trotz anders lautender Planung erst im letzten Moment von seiner Nicht-Ber\u00fccksichtigung. &#8222;Der Zeitpunkt war eigentlich anders geplant, gerade auch mit den ganzen vorher ver\u00f6ffentlichten Leaks, aber ich wurde erst am Donnerstag, dem Tag der Nominierung, informiert&#8220;, erinnert sich Ginter und kritisiert Nagelsmanns Kommunikation: &#8222;\u00dcber die Art und Weise, wie das generell drei Jahre lang abgelaufen ist, will ich nicht sprechen.&#8220;<\/p>\n<p>&#8222;Das Bitterste in der Karriere&#8220;<\/p>\n<p class=\"text-18 leading-17 user-text-lg:text-22 user-text-xl:text-24\">Die Absage habe ihn hart getroffen \u2013 erst Tags zuvor hatte der Abwehrspieler mit dem <a href=\"https:\/\/www.t-online.de\/themen\/sc-freiburg\/\" class=\"transition-colors cursor-pointer no-underline md:hover:text-magenta md:focus:text-magenta border-b border-solid border-current text-salemsfur md:hover:border-magenta\" data-tracking=\"{&quot;action&quot;:&quot;click&quot;,&quot;category&quot;:&quot;intextLink&quot;,&quot;label&quot;:&quot;\/themen\/sc-freiburg\/&quot;}\" data-sctrack=\"BodyAnchor\" rel=\"nofollow noopener\" target=\"_blank\">SC Freiburg<\/a> das Finale in der Europa League gegen <a href=\"https:\/\/www.t-online.de\/themen\/aston-villa\/\" class=\"transition-colors cursor-pointer no-underline md:hover:text-magenta md:focus:text-magenta border-b border-solid border-current text-salemsfur md:hover:border-magenta\" data-tracking=\"{&quot;action&quot;:&quot;click&quot;,&quot;category&quot;:&quot;intextLink&quot;,&quot;label&quot;:&quot;\/themen\/aston-villa\/&quot;}\" data-sctrack=\"BodyAnchor\" rel=\"nofollow noopener\" target=\"_blank\">Aston Villa<\/a> verloren. &#8222;Es war so ein Doppelpack. Ich glaube, zw\u00f6lf, dreizehn Stunden sp\u00e4ter kam noch die Nachricht mit der WM, dass ich nicht dabei bin.&#8220;<\/p>\n<p><a href=\"#focus-1\" class=\"transition-colors block text-current relative\" data-sctrack=\"FocusGalleryImage.Reference\"><img   loading=\"lazy\" src=\"https:\/\/www.europesays.com\/de\/wp-content\/uploads\/2026\/08\/auch-2026-27-beim-sc-freiburg-matthias-ginter.jpg\" alt=\"Auch 2026\/27 beim SC Freiburg: Matthias Ginter.\" title=\"Auch 2026\/27 beim SC Freiburg: Matthias Ginter.\" width=\"2468\" height=\"1388\" class=\"h-full w-full max-w-full rounded-8\" decoding=\"async\"\/><img loading=\"lazy\" src=\"https:\/\/www.t-online.de\/s\/paper\/_next\/static\/media\/zoom-in.f7dae02f.svg\" alt=\"Vergr\u00f6\u00dfern des Bildes\" title=\"Vergr\u00f6\u00dfern des Bildes\" class=\"block h-[calc(var(--height)_\/_16_*_1rem)] w-[calc(var(--width)_\/_16_*_1rem)] max-w-none absolute right-8 bottom-8 rounded-4 bg-snow p-8\" style=\"--width:32;--height:32\" decoding=\"async\"\/>Auch 2026\/27 beim SC Freiburg: Matthias Ginter. (Quelle: IMAGO\/Grant Hubbs\/imago-images-bilder)<\/a><\/p>\n<p class=\"text-18 leading-17 user-text-lg:text-22 user-text-xl:text-24\">Die Tragweite der Entscheidung habe er erst sp\u00e4ter begriffen: &#8222;Erst mit dem Er\u00f6ffnungsspiel der WM ist es mir dann so richtig bewusst geworden \u2013 und weil es ein Paket war, kam dann auch die Entt\u00e4uschung \u00fcber das verlorene Finale wieder.&#8220; Dies wirke noch immer nach: &#8222;Ich habe schon Entt\u00e4uschungen in meiner Karriere erlebt, aber nicht in diesem Paket binnen zw\u00f6lf Stunden.&#8220;<\/p>\n<p class=\"text-18 leading-17 user-text-lg:text-22 user-text-xl:text-24\">Ginter weiter: &#8222;Es waren keine zwei einzelnen Entt\u00e4uschungen, sondern eine gro\u00dfe. Das war nat\u00fcrlich mit das Bitterste in der Karriere. So ein Doppelschlag am Ende einer sehr, sehr besonderen Saison&#8220;.<\/p>\n","protected":false},"excerpt":{"rendered":"Kritik an fr\u00fcherem Bundestrainer Ex-Nationalspieler tritt gegen Nagelsmann nach 08.08.2026 &#8211; 21:15 UhrLesedauer: 2 Min. Gl\u00fccklos bei der&hellip;\n","protected":false},"author":2,"featured_media":1225235,"comment_status":"","ping_status":"","sticky":false,"template":"","format":"standard","meta":{"footnotes":"","_share_on_mastodon":"0"},"categories":[136],"tags":[2860,10475,21670,3476,29,481,30,2602,4665,53,13487,194668,208,10702,78182,298,265,64],"class_list":["post-1225234","post","type-post","status-publish","format-standard","has-post-thumbnail","category-sport","tag-amtszeit","tag-aufarbeitung","tag-bundestrainer","tag-deutscher-fussball-bund","tag-deutschland","tag-dfb","tag-germany","tag-julian-nagelsmann","tag-juergen-klopp","tag-kanada","tag-lionel-messi","tag-matthias-ginter","tag-mexiko","tag-nationalmannschaft","tag-paraguay","tag-sc-freiburg","tag-sport","tag-usa"],"share_on_mastodon":{"url":"https:\/\/pubeurope.com\/@de\/117063113575211049","error":""},"_links":{"self":[{"href":"https:\/\/www.europesays.com\/de\/wp-json\/wp\/v2\/posts\/1225234","targetHints":{"allow":["GET"]}}],"collection":[{"href":"https:\/\/www.europesays.com\/de\/wp-json\/wp\/v2\/posts"}],"about":[{"href":"https:\/\/www.europesays.com\/de\/wp-json\/wp\/v2\/types\/post"}],"author":[{"embeddable":true,"href":"https:\/\/www.europesays.com\/de\/wp-json\/wp\/v2\/users\/2"}],"replies":[{"embeddable":true,"href":"https:\/\/www.europesays.com\/de\/wp-json\/wp\/v2\/comments?post=1225234"}],"version-history":[{"count":0,"href":"https:\/\/www.europesays.com\/de\/wp-json\/wp\/v2\/posts\/1225234\/revisions"}],"wp:featuredmedia":[{"embeddable":true,"href":"https:\/\/www.europesays.com\/de\/wp-json\/wp\/v2\/media\/1225235"}],"wp:attachment":[{"href":"https:\/\/www.europesays.com\/de\/wp-json\/wp\/v2\/media?parent=1225234"}],"wp:term":[{"taxonomy":"category","embeddable":true,"href":"https:\/\/www.europesays.com\/de\/wp-json\/wp\/v2\/categories?post=1225234"},{"taxonomy":"post_tag","embeddable":true,"href":"https:\/\/www.europesays.com\/de\/wp-json\/wp\/v2\/tags?post=1225234"}],"curies":[{"name":"wp","href":"https:\/\/api.w.org\/{rel}","templated":true}]}}