{"id":1225245,"date":"2026-08-09T02:14:28","date_gmt":"2026-08-09T02:14:28","guid":{"rendered":"https:\/\/www.europesays.com\/de\/1225245\/"},"modified":"2026-08-09T02:14:28","modified_gmt":"2026-08-09T02:14:28","slug":"rundfunkrat-eingeschaltet-ard-journalist-teilt-irre-israel-theorie-zu-ceuta-krise-politik","status":"publish","type":"post","link":"https:\/\/www.europesays.com\/de\/1225245\/","title":{"rendered":"Rundfunkrat eingeschaltet: ARD-Journalist teilt irre Israel-Theorie zu Ceuta-Krise | Politik"},"content":{"rendered":"<p><a class=\"skip-content skip-content--link\" href=\"#in-content-skip-link-target-v-0-0\">TTS-Player \u00fcberspringen\u21b5<\/a><a id=\"in-content-skip-link-target-v-0-0\" class=\"skip-content--target-link-hidden skip-content skip-content--target-link\" href=\"#in-content-skip-link-target-v-0-0\">Artikel weiterlesen<\/a><\/p>\n<p data-83f060b9=\"0-4227\">Berlin \u2013\u00a0<b>Zehntausende Migranten in Nordafrika st\u00fcrmen die EU-Grenze zur spanischen Exklave Ceuta, sorgen f\u00fcr einen Ausnahmezustand, Dutzende Menschen sterben dabei im Chaos. Woher der pl\u00f6tzliche Ansturm? Verschw\u00f6rungstheoretiker im Internet haben sehr schnell eine ziemlich einfache Erkl\u00e4rung parat: Demnach stecke hinter dieser Krise eine finstere, marokkanisch-amerikanisch-israelische Verschw\u00f6rung. Angebliches Motiv: Spanien destabilisieren und Europa spalten. <\/b><\/p>\n<p data-83f060b9=\"0-4227\">Belege oder gar Indizien gibt es daf\u00fcr keine. Auch fragen Anh\u00e4nger solcher Thesen nicht, welches Interesse Israel daran h\u00e4tte, Europa mit Millionen Muslimen zu fluten. Dennoch teilten einschl\u00e4gige Verschw\u00f6rungstheoretiker wie der US-Meinungsmacher Tucker Carlson (politisch weit rechts) oder der spanische Oscar-Preistr\u00e4ger und Pal\u00e4stina-Aktivist Javier Bardem (politisch weit links) die These. Eine KI-Karikatur, bei der Migranten aus dem Mund von Israel-Premier Benjamin Netanjahu str\u00f6mten, wurde von Millionen Internet-Nutzern gesehen.<\/p>\n<p data-83f060b9=\"0-4227\"><b>Doch die billige Strippenzieher-These nach dem uralten Muster, wonach Juden das Weltschicksal lenken w\u00fcrden, fand auch einen prominenten Anh\u00e4nger unter den Journalisten unserer geb\u00fchrenfinanzierten Medien!<\/b><\/p>\n<p><img decoding=\"async\" width=\"992\" height=\"558\" alt=\"Screenshot aus einem KI-generierten Karikaturvideo mit der antisemitischen Botschaft, wonach Israel hinter der Ceuta-Krise stecke\" loading=\"lazy\" src=\"https:\/\/www.europesays.com\/de\/wp-content\/uploads\/2026\/08\/cd7621f2157b5f70f124903a09a119df,cc5d5673.jpeg\"   class=\"landscape\"\/><\/p>\n<p class=\"fig__caption__text\">Screenshot aus einem KI-generierten Karikaturvideo mit der antisemitischen Botschaft, wonach Israel hinter der Ceuta-Krise stecke<\/p>\n<p>Foto: WearForbidden\/X\/KI-generiert<\/p>\n<p>Spanien gut, Marokko b\u00f6se<\/p>\n<p data-83f060b9=\"0-4227\">Ex-\u201eMonitor\u201c-Chef Georg Restle, mittlerweile Afrika-Korrespondent der ARD, teilte auf X folgenden Satz aus einem Artikel der US-Zeitschrift \u201eThe Nation\u201c: Die Ceuta-Krise war \u201eweder eine echte humanit\u00e4re Krise noch Teil eines antikolonialen Kampfes, sondern Teil der Bem\u00fchungen des immer st\u00e4rker werdenden US-israelisch-marokkanischen B\u00fcndnisses (\u2026), eine progressive europ\u00e4ische Regierung zu schw\u00e4chen, Europa zu spalten und das V\u00f6lkerrecht zu untergraben\u201c. <\/p>\n<p data-83f060b9=\"0-4227\">Der verlinkte Artikel zimmerte sich die Dinge so zurecht: <a href=\"https:\/\/www.bild.de\/themen\/orte\/marokko\/nachrichten-news-fotos-videos-17376544.bild.html\" class=\"text-link\" rel=\"nofollow noopener\" target=\"_blank\">Marokko<\/a> (Israel-Hassern verd\u00e4chtig, weil es die Abraham-Vertr\u00e4ge f\u00fcr eine Normalisierung der Beziehungen mit dem j\u00fcdischen Staat unterschrieben hat) sei ein Kolonialstaat, da es die Westsahara besetzt h\u00e4lt (Unterton: Es ist b\u00f6se). <a href=\"https:\/\/www.bild.de\/news\/ausland\/spanien\/thema-spanien-alle-infos-80024300.bild.html\" class=\"text-link\" rel=\"nofollow noopener\" target=\"_blank\">Spanien<\/a> wiederum sei trotz seiner Gebiete auf dem afrikanischen Kontinent antikolonial, weil es von einer linken und israelfeindlichen Regierung angef\u00fchrt werde (also gut).<\/p>\n<p>Mehr zum ThemaPolitiker und Rundfunkrat schalten sich ein<\/p>\n<p data-83f060b9=\"0-4227\">Bei Restles Posting handele es sich um \u201eAntisemitismus und Antiamerikanismus vom Feinsten\u201c, schrieb CDU-Politikerin Serap G\u00fcler (46) auf X. \u201eDass sich ein Journalist des \u00d6ffentlich-Rechtlichen Rundfunks nicht sch\u00e4mt, Verschw\u00f6rungstheorien zu verbreiten, ist dabei der Gipfel.\u201c  Gr\u00fcnen-Politiker Volker Beck (65), Pr\u00e4sident der Deutsch-Israelischen Gesellschaft (DIG), fragte: \u201eHaben Sie recherchiert und einen Beweis f\u00fcr diese wilde Behauptung vorzuweisen? Oder sind Fakten mittlerweile obsolet?\u201c<\/p>\n<p data-83f060b9=\"0-4227\">Mittlerweile hat sich auch der <a href=\"https:\/\/www.bild.de\/themen\/organisationen\/wdr\/organisation-news-fotos-videos-19409934.bild.html\" class=\"text-link\" rel=\"nofollow noopener\" target=\"_blank\">WDR<\/a>-Rundfunkrat eingeschaltet. Dessen Mitglied Felix Schotland beschwert sich \u00fcber Georg Restle in einem Brief, den die \u201e<a href=\"https:\/\/www.juedische-allgemeine.de\/meinung\/wie-georg-restle-die-glaubwuerdigkeit-des-oerr-untergraebt\/\" target=\"_blank\" rel=\"nofollow noopener\" class=\"text-link\">J\u00fcdische Allgemeine<\/a>\u201c ver\u00f6ffentlicht, bei WDR-Programmdirektorin Andrea Schafarczyk. Darin schreibt er: \u201eGerade ein Journalist des \u00f6ffentlich-rechtlichen Rundfunks tr\u00e4gt eine besondere Verantwortung. Von ihm erwarte ich eine faktenbasierte, sorgf\u00e4ltige und ausgewogene Kommunikation. Aussagen dieser Tragweite sind geeignet, das Vertrauen in die journalistische Unabh\u00e4ngigkeit und Glaubw\u00fcrdigkeit des WDR nachhaltig zu besch\u00e4digen.\u201c<\/p>\n<p>Restle distanziert sich nur ganz leicht<\/p>\n<p data-83f060b9=\"0-4227\">Am Samstag (zwei Tage nach seinem Posting)\u00a0reagierte Restle \u2013\u00a0und stellte sich als Opfer dar: \u201eAus dem Zitat einer keineswegs antisemitischen geopolitischen Analyse eines US-amerikanischen Hochschulprofessors einen Antisemitismus-Vorwurf zu zimmern, ist so grotesk wie leider erwartbar\u201c, schrieb er.<\/p>\n<p data-83f060b9=\"0-4227\">Fast zehn Stunden sp\u00e4ter wollte er die irre These, an der er weiter keinen Antisemitismus erkennen wollte, dann doch nicht mehr vertreten. Er schrieb: \u201eEs ist nicht meine \u00c4u\u00dferung. Ich mache mir dieses Zitat weder zu eigen noch h\u00e4tte ich es selbst so formuliert.\u201c <\/p>\n<p data-83f060b9=\"0-4227\">Eine weitere Dreiviertelstunde sp\u00e4ter f\u00fcgte er hinzu: \u201eDaher war es ein Fehler, dieses Zitat so kommentarlos wiederzugeben, weil mir h\u00e4tte klar sein m\u00fcssen, dass mir dieses Zitat zugeschrieben wird. Gegen die haltlosen Vorw\u00fcrfe, ich w\u00fcrde hier Antisemitismus verbreiten, verwahre ich mich dagegen ausdr\u00fccklich.\u201c<\/p>\n","protected":false},"excerpt":{"rendered":"TTS-Player \u00fcberspringen\u21b5Artikel weiterlesen Berlin \u2013\u00a0Zehntausende Migranten in Nordafrika st\u00fcrmen die EU-Grenze zur spanischen Exklave Ceuta, sorgen f\u00fcr einen&hellip;\n","protected":false},"author":2,"featured_media":1225246,"comment_status":"","ping_status":"","sticky":false,"template":"","format":"standard","meta":{"footnotes":"","_share_on_mastodon":"0"},"categories":[5],"tags":[712,250953,3919,5249,13,14,15,12,4026,138370,10,8,9,11],"class_list":["post-1225245","post","type-post","status-publish","format-standard","has-post-thumbnail","category-nachrichten","tag-antisemitismus","tag-ceuta","tag-fluechtling","tag-fluechtlinge","tag-headlines","tag-nachrichten","tag-news","tag-schlagzeilen","tag-spanien","tag-team-first","tag-top-news","tag-top-meldungen","tag-topmeldungen","tag-topnews"],"share_on_mastodon":{"url":"https:\/\/pubeurope.com\/@de\/117063142319588057","error":""},"_links":{"self":[{"href":"https:\/\/www.europesays.com\/de\/wp-json\/wp\/v2\/posts\/1225245","targetHints":{"allow":["GET"]}}],"collection":[{"href":"https:\/\/www.europesays.com\/de\/wp-json\/wp\/v2\/posts"}],"about":[{"href":"https:\/\/www.europesays.com\/de\/wp-json\/wp\/v2\/types\/post"}],"author":[{"embeddable":true,"href":"https:\/\/www.europesays.com\/de\/wp-json\/wp\/v2\/users\/2"}],"replies":[{"embeddable":true,"href":"https:\/\/www.europesays.com\/de\/wp-json\/wp\/v2\/comments?post=1225245"}],"version-history":[{"count":0,"href":"https:\/\/www.europesays.com\/de\/wp-json\/wp\/v2\/posts\/1225245\/revisions"}],"wp:featuredmedia":[{"embeddable":true,"href":"https:\/\/www.europesays.com\/de\/wp-json\/wp\/v2\/media\/1225246"}],"wp:attachment":[{"href":"https:\/\/www.europesays.com\/de\/wp-json\/wp\/v2\/media?parent=1225245"}],"wp:term":[{"taxonomy":"category","embeddable":true,"href":"https:\/\/www.europesays.com\/de\/wp-json\/wp\/v2\/categories?post=1225245"},{"taxonomy":"post_tag","embeddable":true,"href":"https:\/\/www.europesays.com\/de\/wp-json\/wp\/v2\/tags?post=1225245"}],"curies":[{"name":"wp","href":"https:\/\/api.w.org\/{rel}","templated":true}]}}