{"id":1225261,"date":"2026-08-09T02:25:14","date_gmt":"2026-08-09T02:25:14","guid":{"rendered":"https:\/\/www.europesays.com\/de\/1225261\/"},"modified":"2026-08-09T02:25:14","modified_gmt":"2026-08-09T02:25:14","slug":"aerger-um-abgesagtes-konzert-der-sportfreunde-stiller-augsburgs-ob-will-kein-geld-vom-veranstalter","status":"publish","type":"post","link":"https:\/\/www.europesays.com\/de\/1225261\/","title":{"rendered":"\u00c4rger um abgesagtes Konzert der Sportfreunde Stiller: Augsburgs OB will kein Geld vom Veranstalter"},"content":{"rendered":"<p class=\"mb-6 text-xs-varying md:text-m lg:text-l font-serif group-[.font-sans]:font-sans \">\n    Es war im M\u00e4rz, rund um die <a href=\"https:\/\/www.augsburger-allgemeine.de\/special\/kommunalwahl2026\" target=\"_self\" class=\"underline \" rel=\"nofollow noopener\">Kommunalwahl<\/a> also, als dem Augsburger Clubbetreiber Sebastian Karner ein Schreiben der Stadt auf den Tisch flatterte. F\u00fcr den Ausfall eines Konzerts der Sportfreunde Stiller, das Karner im August auf der Freilichtb\u00fchne hatte veranstalten wollen, sollte er 12.000 Euro bezahlen. Karner allerdings, so sein Standpunkt, konnte nichts f\u00fcr die Absage.\n  <\/p>\n<p class=\"mb-6 text-xs-varying md:text-m lg:text-l font-serif group-[.font-sans]:font-sans \">\n    Schlie\u00dflich sei es die schwarz-gr\u00fcne Regierung und damit die Stadt selbst gewesen, die die Freilichtb\u00fchne aufgrund ihres maroden Zustands geschlossen hatte. Karner wehrte sich gegen die Forderung, zun\u00e4chst erfolglos. Jetzt, nach dem politischen Wechsel, sieht es so aus, als k\u00f6nnte sich das Blatt wenden.\n  <\/p>\n<p>            Abgesagtes Sportfreunde-Stiller-Konzert in Augsburg: Wer tr\u00e4gt die Kosten?<\/p>\n<p class=\"mb-6 text-xs-varying md:text-m lg:text-l font-serif group-[.font-sans]:font-sans \">\n    Die Tickets f\u00fcr den Auftritt der Sportfreunde waren nahezu ausverkauft, <a href=\"https:\/\/www.augsburger-allgemeine.de\/augsburg\/augsburg-augsburger-freilichtbuehne-bleibt-womoeglich-fuer-mehrere-jahre-geschlossen-113295083\" target=\"_self\" class=\"underline \" rel=\"nofollow noopener\">als die Stadt im Januar kurzfristig die Schlie\u00dfung der Freilichtb\u00fchne verk\u00fcndete<\/a> \u2013 und damit die Absage aller geplanten Veranstaltungen. Doch w\u00e4hrend andere K\u00fcnstler wie <a href=\"https:\/\/www.augsburger-allgemeine.de\/augsburg\/augsburg-nach-schliessung-der-freilichtbuehne-in-augsburg-sportfreunde-stiller-sagen-konzert-ab-113301856\" target=\"_self\" class=\"underline \" rel=\"nofollow noopener\">Gerhard Polt den Wechsel ans Gaswerk mitmachten, lehnten die Sportis ab.<\/a>  Das Konzert wurde abgesagt, der Ticketverkauf r\u00fcckg\u00e4ngig gemacht. Um genau diesen Vorgang ging es im st\u00e4dtischen Schreiben.\n  <\/p>\n<p>    <img decoding=\"async\" src=\"https:\/\/images.mgpd.de\/img\/114429801\/crop\/c16_9-w100\/741067541\/1282230968\/sportfreunde-stiller-auf-jubilaeumstournee.jpg\" alt=\"Die Sportfreunde Stiller werden nicht wie geplant beim Augsburger Stadtsommer 2026 auftreten. Grund: die \u00fcberraschende Schlie\u00dfung der Freilichtb\u00fchne im Januar. Stattdessen spielen die Sportis nun im Kongress am Park.\" title=\"Die Sportfreunde Stiller werden nicht wie geplant beim Augsburger Stadtsommer 2026 auftreten. Grund: die \u00fcberraschende Schlie\u00dfung der Freilichtb\u00fchne im Januar. Stattdessen spielen die Sportis nun im Kongress am Park.\" loading=\"lazy\" class=\"h-full w-full object-cover\"\/><\/p>\n<p>      Icon vergr\u00f6\u00dfern<\/p>\n<p>    Die Sportfreunde Stiller werden nicht wie geplant beim Augsburger Stadtsommer 2026 auftreten. Grund: die \u00fcberraschende Schlie\u00dfung der Freilichtb\u00fchne im Januar. Stattdessen spielen die Sportis nun im Kongress am Park.<br \/>\n    Foto: Daniel Karmann, dpa (Archivfoto)<\/p>\n<p>        Schlie\u00dfen <\/p>\n<p>      Icon Schlie\u00dfen<\/p>\n<p>        Icon vergr\u00f6\u00dfern<\/p>\n<p>        Icon verkleinern<\/p>\n<p>      Icon Pfeil bewegen<\/p>\n<p>    Die Sportfreunde Stiller werden nicht wie geplant beim Augsburger Stadtsommer 2026 auftreten. Grund: die \u00fcberraschende Schlie\u00dfung der Freilichtb\u00fchne im Januar. Stattdessen spielen die Sportis nun im Kongress am Park.<br \/>\n    Foto: Daniel Karmann, dpa (Archivfoto)<\/p>\n<p class=\"mb-6 text-xs-varying md:text-m lg:text-l font-serif group-[.font-sans]:font-sans \">\n    Denn durch die R\u00fcckabwicklung entstanden bei den Ticketanbietern Kosten von rund 12.000 Euro. <a href=\"https:\/\/www.augsburger-allgemeine.de\/augsburg\/freilichtbuehnen-zoff-stadt-verlangt-12-000-euro-fuer-gestrichenes-sportfreunde-konzert-114112499\" target=\"_self\" class=\"underline \" rel=\"nofollow noopener\">Geld, das aus Sicht des damaligen Kulturreferenten J\u00fcrgen Enninger (Gr\u00fcne) der Veranstalter zu bezahlen habe.<\/a> Vergangene Woche ging es in der Stadtratssitzung erneut um dieses Thema. OB Florian Freund (SPD) und seine zust\u00e4ndigen Referenten sind der Meinung, dass die Stadt durchaus Ermessensspielraum habe und die Kosten \u00fcbernehmen k\u00f6nne.\n  <\/p>\n<p>            Augsburger Gr\u00fcne fordern Gleichbehandlung aller Kulturschaffenden<\/p>\n<p class=\"mb-6 text-xs-varying md:text-m lg:text-l font-serif group-[.font-sans]:font-sans \">\n    Den Stadtrat h\u00e4tte er zwar nicht fragen m\u00fcssen. Er habe das Thema aber \u201eaus Gr\u00fcnden der Transparenz\u201c ins Gremium bringen wollen, \u201edamit nicht der Eindruck entsteht, wir verschenken Geld\u201c. Die Gr\u00fcnen sind der Ansicht, dass der Erlass der Kosten indirekt die F\u00f6rderung eines Kulturschaffenden darstelle und man kl\u00e4ren m\u00fcsse, ob k\u00fcnftig auch andere Veranstalter in \u00e4hnlichen F\u00e4llen entlastet w\u00fcrden. Raphael Brandmiller (Generation Aux) dagegen hielt das Vorgehen der alten Regierung f\u00fcr eine \u201eKulturnichtf\u00f6rderung\u201c: Einem Veranstalter seien durch die Schlie\u00dfung der Freilichtb\u00fchne Kosten entstanden. \u201eAnstatt das abzumildern, hat die Stadt noch eines draufgesetzt.\u201c\n  <\/p>\n<p class=\"mb-6 text-xs-varying md:text-m lg:text-l font-serif group-[.font-sans]:font-sans \">\n    Weil es um vertragliche Details ging, wurde die Debatte in die nicht\u00f6ffentliche Sitzung verlegt \u2013 und wieder an die Verwaltung zur\u00fcckgespielt, die nun selbst entscheiden soll, ob sie die 12.000 Euro \u00fcbernimmt. Karner \u00e4u\u00dfert sich zur\u00fcckhaltend: \u201eIch bin positiv gestimmt, dass der Vorschlag der Verwaltung \u00fcbernommen wird.\u201c Die Sportis \u00fcbrigens spielen 2026 noch in <a href=\"https:\/\/www.augsburger-allgemeine.de\/augsburg\/\" target=\"_self\" class=\"underline \" rel=\"nofollow noopener\">Augsburg<\/a>: <a href=\"https:\/\/www.augsburger-allgemeine.de\/augsburg\/nach-sperrung-der-freilichtbuehne-sportfreunde-stiller-kommen-doch-nach-augsburg-09-02-113391519\" target=\"_self\" class=\"underline \" rel=\"nofollow noopener\">am 13. Oktober im Kongress am Park.<\/a>\n  <\/p>\n","protected":false},"excerpt":{"rendered":"Es war im M\u00e4rz, rund um die Kommunalwahl also, als dem Augsburger Clubbetreiber Sebastian Karner ein Schreiben der&hellip;\n","protected":false},"author":2,"featured_media":1225262,"comment_status":"","ping_status":"","sticky":false,"template":"","format":"standard","meta":{"footnotes":"","_share_on_mastodon":"0"},"categories":[1846],"tags":[680,772,3364,29,548,663,3934,66046,15256,30,13,143072,10917,14,15,12,141996,184,59422,47185,22208],"class_list":["post-1225261","post","type-post","status-publish","format-standard","has-post-thumbnail","category-augsburg","tag-augsburg","tag-bayern","tag-de","tag-deutschland","tag-eu","tag-europa","tag-europe","tag-freilichtbuehne","tag-gerhard-polt","tag-germany","tag-headlines","tag-juergen-enninger","tag-kommunalwahl","tag-nachrichten","tag-news","tag-schlagzeilen","tag-sebastian-karner","tag-spd","tag-sportfreunde-stiller","tag-stadtregierung","tag-ticketverkauf"],"share_on_mastodon":{"url":"","error":""},"_links":{"self":[{"href":"https:\/\/www.europesays.com\/de\/wp-json\/wp\/v2\/posts\/1225261","targetHints":{"allow":["GET"]}}],"collection":[{"href":"https:\/\/www.europesays.com\/de\/wp-json\/wp\/v2\/posts"}],"about":[{"href":"https:\/\/www.europesays.com\/de\/wp-json\/wp\/v2\/types\/post"}],"author":[{"embeddable":true,"href":"https:\/\/www.europesays.com\/de\/wp-json\/wp\/v2\/users\/2"}],"replies":[{"embeddable":true,"href":"https:\/\/www.europesays.com\/de\/wp-json\/wp\/v2\/comments?post=1225261"}],"version-history":[{"count":0,"href":"https:\/\/www.europesays.com\/de\/wp-json\/wp\/v2\/posts\/1225261\/revisions"}],"wp:featuredmedia":[{"embeddable":true,"href":"https:\/\/www.europesays.com\/de\/wp-json\/wp\/v2\/media\/1225262"}],"wp:attachment":[{"href":"https:\/\/www.europesays.com\/de\/wp-json\/wp\/v2\/media?parent=1225261"}],"wp:term":[{"taxonomy":"category","embeddable":true,"href":"https:\/\/www.europesays.com\/de\/wp-json\/wp\/v2\/categories?post=1225261"},{"taxonomy":"post_tag","embeddable":true,"href":"https:\/\/www.europesays.com\/de\/wp-json\/wp\/v2\/tags?post=1225261"}],"curies":[{"name":"wp","href":"https:\/\/api.w.org\/{rel}","templated":true}]}}