{"id":1225363,"date":"2026-08-09T03:36:16","date_gmt":"2026-08-09T03:36:16","guid":{"rendered":"https:\/\/www.europesays.com\/de\/1225363\/"},"modified":"2026-08-09T03:36:16","modified_gmt":"2026-08-09T03:36:16","slug":"fotowettbewerb-rund-um-3d-kunstwerk-in-koenigstrasse-landau","status":"publish","type":"post","link":"https:\/\/www.europesays.com\/de\/1225363\/","title":{"rendered":"Fotowettbewerb rund um 3D-Kunstwerk in K\u00f6nigstra\u00dfe &#8211; Landau"},"content":{"rendered":"<p>Seit einigen Tagen ziert ein <a href=\"https:\/\/www.rheinpfalz.de\/lokal\/landau_artikel,-asphaltarbeiten-mal-anders-stra%C3%9Fenkunst-zieht-in-die-k%C3%B6nigstra%C3%9Fe-ein-_arid,5915029.html\" rel=\"nofollow noopener\" target=\"_blank\">3D-Kunstwerk des K\u00fcnstlers Manfred Stader und seiner Kollegin Jana Schneider<\/a>  die K\u00f6nigstra\u00dfe in <a class=\"rtr-entity\" data-rtr-entity=\"Landau\" data-rtr-id=\"dc4c0b5a6e4250ad76dbb49bbfbb0f5ce3caf12d\" data-rtr-score=\"23.614864864864867\" data-rtr-etype=\"location\" data-rtr-index=\"7\" href=\"http:\/\/rheinpfalz.de\/lokal\/landau.html\" rel=\"nofollow noopener\" target=\"_blank\">Landau<\/a>. Nun wird das stilisierte Loch zur Fotokulisse. Bis zum 31. August l\u00e4uft n\u00e4mlich ein gemeinsamer Fotowettbewerb der Gesellschaft \u201eStadtleben\u201c, die Stadtmarketing und Touristik verantwortet, und der st\u00e4dtischen Wirtschaftsf\u00f6rderung. Gesucht werden die sch\u00f6nsten, kreativsten und lustigsten Bilder des Kunstwerks, wie es in einem gemeinsamen Pressemitteilung der beiden Ausrichter hei\u00dft.<\/p>\n","protected":false},"excerpt":{"rendered":"Seit einigen Tagen ziert ein 3D-Kunstwerk des K\u00fcnstlers Manfred Stader und seiner Kollegin Jana Schneider die K\u00f6nigstra\u00dfe in&hellip;\n","protected":false},"author":2,"featured_media":1225364,"comment_status":"","ping_status":"","sticky":false,"template":"","format":"standard","meta":{"footnotes":"","_share_on_mastodon":"0"},"categories":[1775],"tags":[1793,29,214,6540,30,254523,6139,1794,16535,215,111899],"class_list":["post-1225363","post","type-post","status-publish","format-standard","has-post-thumbnail","category-kunst-und-design","tag-art-and-design","tag-deutschland","tag-entertainment","tag-fotowettbewerb","tag-germany","tag-jana-schneider","tag-koenigstrasse","tag-kunst-und-design","tag-landau","tag-unterhaltung","tag-web"],"share_on_mastodon":{"url":"https:\/\/pubeurope.com\/@de\/117063462818252234","error":""},"_links":{"self":[{"href":"https:\/\/www.europesays.com\/de\/wp-json\/wp\/v2\/posts\/1225363","targetHints":{"allow":["GET"]}}],"collection":[{"href":"https:\/\/www.europesays.com\/de\/wp-json\/wp\/v2\/posts"}],"about":[{"href":"https:\/\/www.europesays.com\/de\/wp-json\/wp\/v2\/types\/post"}],"author":[{"embeddable":true,"href":"https:\/\/www.europesays.com\/de\/wp-json\/wp\/v2\/users\/2"}],"replies":[{"embeddable":true,"href":"https:\/\/www.europesays.com\/de\/wp-json\/wp\/v2\/comments?post=1225363"}],"version-history":[{"count":0,"href":"https:\/\/www.europesays.com\/de\/wp-json\/wp\/v2\/posts\/1225363\/revisions"}],"wp:featuredmedia":[{"embeddable":true,"href":"https:\/\/www.europesays.com\/de\/wp-json\/wp\/v2\/media\/1225364"}],"wp:attachment":[{"href":"https:\/\/www.europesays.com\/de\/wp-json\/wp\/v2\/media?parent=1225363"}],"wp:term":[{"taxonomy":"category","embeddable":true,"href":"https:\/\/www.europesays.com\/de\/wp-json\/wp\/v2\/categories?post=1225363"},{"taxonomy":"post_tag","embeddable":true,"href":"https:\/\/www.europesays.com\/de\/wp-json\/wp\/v2\/tags?post=1225363"}],"curies":[{"name":"wp","href":"https:\/\/api.w.org\/{rel}","templated":true}]}}