{"id":122538,"date":"2025-05-19T09:49:15","date_gmt":"2025-05-19T09:49:15","guid":{"rendered":"https:\/\/www.europesays.com\/de\/122538\/"},"modified":"2025-05-19T09:49:15","modified_gmt":"2025-05-19T09:49:15","slug":"boeschungsbrand-nahe-der-tankstelle-woerth","status":"publish","type":"post","link":"https:\/\/www.europesays.com\/de\/122538\/","title":{"rendered":"B\u00f6schungsbrand nahe der Tankstelle &#8211; W\u00f6rth"},"content":{"rendered":"<p><b\/> Am Sonntagabend wurde die Feuerwehr kurz nach 19 Uhr  aufgrund eines B\u00f6schungsbrandes im Bereich der <a class=\"rtr-entity\" data-rtr-entity=\"Maximilianstra\u00dfe\" data-rtr-id=\"c9006714d3b7fe5ffafe2e10d28cf86760949c5d\" data-rtr-score=\"6.72877358490566\" data-rtr-etype=\"location\" data-rtr-index=\"0\" href=\"https:\/\/www.rheinpfalz.de\/themen\/maximilianstrasse?utm_source=rheinpfalz.de&amp;utm_medium=tms&amp;utm_campaign=intext\" target=\"_blank\" rel=\"noopener\">Maximilianstra\u00dfe<\/a> zwischen <a class=\"rtr-entity\" data-rtr-entity=\"W\u00f6rth\" data-rtr-id=\"c68b4afdf45a0ab361d35b4a6813e0800f76b867\" data-rtr-score=\"52.35849056603774\" data-rtr-etype=\"location\" data-rtr-index=\"9\" href=\"https:\/\/www.rheinpfalz.de\/themen\/woerth-am-rhein?utm_source=rheinpfalz.de&amp;utm_medium=tms&amp;utm_campaign=intext\" target=\"_blank\" rel=\"noopener\">W\u00f6rth<\/a> und <a class=\"rtr-entity\" data-rtr-entity=\"Maximiliansau\" data-rtr-id=\"8de774a49689c19fea1a090da5cfe95bbdaaa010\" data-rtr-score=\"12.94811320754717\" data-rtr-etype=\"location\" data-rtr-index=\"2\" href=\"https:\/\/www.rheinpfalz.de\/themen\/maximiliansau?utm_source=rheinpfalz.de&amp;utm_medium=tms&amp;utm_campaign=intext\" target=\"_blank\" rel=\"noopener\">Maximiliansau<\/a> alarmiert. Nach einer ersten Erkundung durch den Einsatzleiter stellte sich heraus, dass sich das Feuer auf beiden Stra\u00dfenseiten im Bereich einer Tankstelle auf Maximiliansauer Gemarkung ausgebreitet hatte. <\/p>\n<p>Dank eines gezielten und massiven L\u00f6schangriffs mit vier Strahlrohren gelang es den Einsatzkr\u00e4ften der Freiwilligen Feuerwehren Maximiliansau und W\u00f6rth, die Flammen schnell unter Kontrolle zu bringen. Bereits kurz nach dem Eintreffen der Brandbek\u00e4mpfer konnte der Einsatzleiter \u201eFeuer unter Kontrolle\u201c melden, so ein Sprecher der Feuerwehren. \u201eDurch das rasche und koordinierte Vorgehen konnte eine weitere Ausbreitung vermieden werden\u201c, meldete die Feuerwehr W\u00f6rth auch auf ihren Social-Media-Kan\u00e4len. <\/p>\n<p>Eine Brandursache ist bisher nicht bekannt. M\u00f6glicherweise hat Pappelflaum zur Ausbreitung beigetragen. Die Pappelsamen brennen aufgrund ihrer fasrigen Struktur wie Zunder. <\/p>\n","protected":false},"excerpt":{"rendered":"Am Sonntagabend wurde die Feuerwehr kurz nach 19 Uhr aufgrund eines B\u00f6schungsbrandes im Bereich der Maximilianstra\u00dfe zwischen W\u00f6rth&hellip;\n","protected":false},"author":2,"featured_media":122539,"comment_status":"","ping_status":"","sticky":false,"template":"","format":"standard","meta":{"footnotes":""},"categories":[1844],"tags":[1634,3364,29,985,30,8903,4060,27216,6783,26148],"class_list":{"0":"post-122538","1":"post","2":"type-post","3":"status-publish","4":"format-standard","5":"has-post-thumbnail","7":"category-karlsruhe","8":"tag-baden-wuerttemberg","9":"tag-de","10":"tag-deutschland","11":"tag-feuerwehr","12":"tag-germany","13":"tag-karlsruhe","14":"tag-lokal","15":"tag-maximiliansau","16":"tag-maximilianstrasse","17":"tag-woerth"},"share_on_mastodon":{"url":"https:\/\/pubeurope.com\/@de\/114533876573775093","error":""},"_links":{"self":[{"href":"https:\/\/www.europesays.com\/de\/wp-json\/wp\/v2\/posts\/122538","targetHints":{"allow":["GET"]}}],"collection":[{"href":"https:\/\/www.europesays.com\/de\/wp-json\/wp\/v2\/posts"}],"about":[{"href":"https:\/\/www.europesays.com\/de\/wp-json\/wp\/v2\/types\/post"}],"author":[{"embeddable":true,"href":"https:\/\/www.europesays.com\/de\/wp-json\/wp\/v2\/users\/2"}],"replies":[{"embeddable":true,"href":"https:\/\/www.europesays.com\/de\/wp-json\/wp\/v2\/comments?post=122538"}],"version-history":[{"count":0,"href":"https:\/\/www.europesays.com\/de\/wp-json\/wp\/v2\/posts\/122538\/revisions"}],"wp:featuredmedia":[{"embeddable":true,"href":"https:\/\/www.europesays.com\/de\/wp-json\/wp\/v2\/media\/122539"}],"wp:attachment":[{"href":"https:\/\/www.europesays.com\/de\/wp-json\/wp\/v2\/media?parent=122538"}],"wp:term":[{"taxonomy":"category","embeddable":true,"href":"https:\/\/www.europesays.com\/de\/wp-json\/wp\/v2\/categories?post=122538"},{"taxonomy":"post_tag","embeddable":true,"href":"https:\/\/www.europesays.com\/de\/wp-json\/wp\/v2\/tags?post=122538"}],"curies":[{"name":"wp","href":"https:\/\/api.w.org\/{rel}","templated":true}]}}