{"id":1225469,"date":"2026-08-09T04:51:23","date_gmt":"2026-08-09T04:51:23","guid":{"rendered":"https:\/\/www.europesays.com\/de\/1225469\/"},"modified":"2026-08-09T04:51:23","modified_gmt":"2026-08-09T04:51:23","slug":"notbremsen-aerger-bei-fortuna-duesseldorf-experte-beklatscht-schiedsrichterin-fuer-offene-worte","status":"publish","type":"post","link":"https:\/\/www.europesays.com\/de\/1225469\/","title":{"rendered":"Notbremsen-\u00c4rger bei Fortuna D\u00fcsseldorf: Experte beklatscht Schiedsrichterin f\u00fcr offene Worte"},"content":{"rendered":"<p>Notbremsen-\u00c4rger bei FortunaExperte beklatscht Schiedsrichterin f\u00fcr offene Worte<\/p>\n<p><img decoding=\"async\" src=\"https:\/\/www.europesays.com\/de\/wp-content\/uploads\/2026\/08\/1786251083_863_image.webp\" alt=\"Video poster\"\/>08.08.2026 | 14:26 UhrNach dem ersten Drittliga-Spiel von Waldhof Mannheim gegen Fortuna D\u00fcsseldorf analysiert Schiedsrichterin Fabienne Michel eine strittige Szene. Die Unparteiische erkl\u00e4rt, dass sie im Nachhinein anders auf die Szene blickt und erh\u00e4lt daf\u00fcr Beifall vom Experten. Video EmpfehlungenMehr Inhalte anzeigen<\/p>\n","protected":false},"excerpt":{"rendered":"Notbremsen-\u00c4rger bei FortunaExperte beklatscht Schiedsrichterin f\u00fcr offene Worte 08.08.2026 | 14:26 UhrNach dem ersten Drittliga-Spiel von Waldhof Mannheim&hellip;\n","protected":false},"author":2,"featured_media":1225470,"comment_status":"","ping_status":"","sticky":false,"template":"","format":"standard","meta":{"footnotes":"","_share_on_mastodon":"0"},"categories":[1831],"tags":[995,3364,29,3405,3132,30,1209,17594],"class_list":["post-1225469","post","type-post","status-publish","format-standard","has-post-thumbnail","category-duesseldorf","tag-3-liga","tag-de","tag-deutschland","tag-duesseldorf","tag-fortuna-duesseldorf","tag-germany","tag-nordrhein-westfalen","tag-waldhof-mannheim"],"share_on_mastodon":{"url":"https:\/\/pubeurope.com\/@de\/117063759435320281","error":""},"_links":{"self":[{"href":"https:\/\/www.europesays.com\/de\/wp-json\/wp\/v2\/posts\/1225469","targetHints":{"allow":["GET"]}}],"collection":[{"href":"https:\/\/www.europesays.com\/de\/wp-json\/wp\/v2\/posts"}],"about":[{"href":"https:\/\/www.europesays.com\/de\/wp-json\/wp\/v2\/types\/post"}],"author":[{"embeddable":true,"href":"https:\/\/www.europesays.com\/de\/wp-json\/wp\/v2\/users\/2"}],"replies":[{"embeddable":true,"href":"https:\/\/www.europesays.com\/de\/wp-json\/wp\/v2\/comments?post=1225469"}],"version-history":[{"count":0,"href":"https:\/\/www.europesays.com\/de\/wp-json\/wp\/v2\/posts\/1225469\/revisions"}],"wp:featuredmedia":[{"embeddable":true,"href":"https:\/\/www.europesays.com\/de\/wp-json\/wp\/v2\/media\/1225470"}],"wp:attachment":[{"href":"https:\/\/www.europesays.com\/de\/wp-json\/wp\/v2\/media?parent=1225469"}],"wp:term":[{"taxonomy":"category","embeddable":true,"href":"https:\/\/www.europesays.com\/de\/wp-json\/wp\/v2\/categories?post=1225469"},{"taxonomy":"post_tag","embeddable":true,"href":"https:\/\/www.europesays.com\/de\/wp-json\/wp\/v2\/tags?post=1225469"}],"curies":[{"name":"wp","href":"https:\/\/api.w.org\/{rel}","templated":true}]}}