{"id":1225513,"date":"2026-08-09T05:18:15","date_gmt":"2026-08-09T05:18:15","guid":{"rendered":"https:\/\/www.europesays.com\/de\/1225513\/"},"modified":"2026-08-09T05:18:15","modified_gmt":"2026-08-09T05:18:15","slug":"samsung-galaxy-z-fold-8-durability-test-wie-robust-ist-der-kompakte-formfaktor-mir-titan-display","status":"publish","type":"post","link":"https:\/\/www.europesays.com\/de\/1225513\/","title":{"rendered":"Samsung Galaxy Z Fold 8 Durability Test: Wie robust ist der kompakte Formfaktor mir Titan-Display?"},"content":{"rendered":"<p class=\"bodytext\">Staub und Schmutz in der Umgebung sind weiterhin gewichtige Argumente gegen den Einsatz eines Foldables, zumindest bei Samsung hat sich das in den letzten acht Galaxy Z Fold Generationen nicht ge\u00e4ndert. Auch der neue Formfaktor ist nur nach IP48 staub- aber immerhin voll wassser-resistent, immerhin sorgt der Kontakt mit Sand nicht mehr sofort zu katastrophalen Scharnierproblemen wie bei fr\u00fcheren Foldables, wie der aktuelle Durability-Test des JerryRigEverything Youtube-Channels demonstriert.&#13;<\/p>\n<p class=\"bodytext\">Die neuen Titan-Schichten unter dem Display (von Samsung Flex Titanium genannt) helfen auch nichts gegen das (un)absichtliche Zerkratzen der Plastikschicht \u00fcber dem AMOLED-Panel, die man immerhin vergleichsweise g\u00fcnstig von Samsung austauschen lassen kann. Neu ist ein Kamera-Buckel aus Plastik auf den Zack Nelson im Rahmen seines Rundgangs mit dem Stanley-Messer st\u00f6\u00dft, die Kamera-Ringe sind notfalls leicht austauschbar, wenn das Glas mal zerkratzen sollte.\u00a0&#13;<\/p>\n<p class=\"bodytext\">W\u00e4hrend Feuer im Alltag wohl eher selten mit den beiden Displays in Ber\u00fchrung kommen wird, kann ein unabsichtliches Draufsetzen auf das ausgeklappte Display unter Umst\u00e4nden schon Schaden anrichten, wie etwa der <a href=\"https:\/\/www.notebookcheck.com\/Pixel-10-Pro-Fold-explodiert-im-Durability-Test-und-ist-nicht-staubdicht-Google-lernt-nix-dazu.1138376.0.html\" target=\"_self\" class=\"internal-link\" rel=\"nofollow noopener\">Google Pixel 10 Pro Fold<\/a> Bend-Test im Vorjahr nahelegt hatte. Gl\u00fccklicherweise muss man beim <a href=\"https:\/\/www.notebookcheck.com\/Samsung-Galaxy-Z-Fold-8-startet-neuen-Foldable-Trend-Hands-On-und-alle-Facts.1347114.0.html\" target=\"_self\" class=\"internal-link\" rel=\"nofollow noopener\">Galaxy Z Fold8<\/a> (hier <a href=\"https:\/\/www.amazon.de\/Samsung-Galaxy-Smartphone-Speicher-Graphite\/dp\/B0H2D8PRWQ?tag=notebookcheck-news-de-21\" target=\"_blank\" rel=\"sponsored nofollow noopener\" class=\"external-link-new-window\" data-htmlarea-external=\"1\" rtekeep=\"1\">bei Amazon erh\u00e4ltlich<\/a>) keine Glas- oder Geh\u00e4usebr\u00fcche f\u00fcrchten, selbst wenn man das Samsung-Foldable gegen die Faltrichtung verbiegen will. Es sieht zwar dramatisch aus, bleibt aber unbesch\u00e4digt, durchaus beeindruckend f\u00fcr ein nur 4,5mm d\u00fcnnes Aluminium-Chassis.<\/p>\n<p><a href=\"https:\/\/www.notebookcheck.com\/Redaktion.113895.0.html?&amp;tx_nbc2journalist_pi1%5Bmode%5D=show&amp;tx_nbc2journalist_pi1%5Buid%5D=204\" rel=\"nofollow noopener\" target=\"_blank\"><img decoding=\"async\" src=\"https:\/\/www.europesays.com\/de\/wp-content\/uploads\/2025\/03\/csm_alex_am_weg_malta_e79154afb7.jpg\" loading=\"lazy\" width=\"120\" height=\"120\" alt=\"Alexander Fagot\"\/><\/a><a href=\"https:\/\/www.notebookcheck.com\/Redaktion.113895.0.html?&amp;tx_nbc2journalist_pi1%5Bmode%5D=show&amp;tx_nbc2journalist_pi1%5Buid%5D=204\" class=\"j_name\" rel=\"nofollow noopener\" target=\"_blank\">Alexander Fagot<\/a> &#8211; Managing Editor News  &#8211; 11749 Artikel auf Notebookcheck ver\u00f6ffentlicht seit 2016<\/p>\n<p>Als Tech-begeisterter Jugendlicher mit Assembling- und Overclocking-Vergangenheit, arbeitete ich als Filmvorf\u00fchrer noch mit dem guten alten 35 mm Film, bevor ich professionell in die Computerwelt eingestiegen bin und 7 Jahre lang Kunden beim \u00f6sterreichischen IT-Dienstleister Iphos IT Solutions als Windows Client- und Server-Administrator sowie Projektmanager betreut habe. Als viel reisender Freelancer schreibe ich nun schon seit 2016 f\u00fcr Notebookcheck von allen Ecken dieser Welt aus \u00fcber brandaktuelle mobile Technologien in Smartphones, Laptops und Gadgets aller Art.<\/p>\n","protected":false},"excerpt":{"rendered":"Staub und Schmutz in der Umgebung sind weiterhin gewichtige Argumente gegen den Einsatz eines Foldables, zumindest bei Samsung&hellip;\n","protected":false},"author":2,"featured_media":1225514,"comment_status":"","ping_status":"","sticky":false,"template":"","format":"standard","meta":{"footnotes":"","_share_on_mastodon":"0"},"categories":[135],"tags":[260,29,54886,258,247310,247309,30,261,259,251,253,264,263,15,250,252,262,363,190,189,194,191,254,255,257,256,254543,54887,193,192],"class_list":["post-1225513","post","type-post","status-publish","format-standard","has-post-thumbnail","category-wissenschaft-technik","tag-benchmarks","tag-deutschland","tag-durability-test","tag-forum","tag-galaxy-z-fold-8","tag-galaxy-z-fold8","tag-germany","tag-grafikkarten","tag-informationen","tag-laptop","tag-laptops","tag-netbook","tag-netbooks","tag-news","tag-notebook","tag-notebooks","tag-prozessoren","tag-samsung","tag-science","tag-science-technology","tag-technik","tag-technology","tag-test","tag-testbericht","tag-testberichte","tag-tests","tag-titan-display","tag-widerstandsfaehigkeit","tag-wissenschaft","tag-wissenschaft-technik"],"share_on_mastodon":{"url":"https:\/\/pubeurope.com\/@de\/117063865709615051","error":""},"_links":{"self":[{"href":"https:\/\/www.europesays.com\/de\/wp-json\/wp\/v2\/posts\/1225513","targetHints":{"allow":["GET"]}}],"collection":[{"href":"https:\/\/www.europesays.com\/de\/wp-json\/wp\/v2\/posts"}],"about":[{"href":"https:\/\/www.europesays.com\/de\/wp-json\/wp\/v2\/types\/post"}],"author":[{"embeddable":true,"href":"https:\/\/www.europesays.com\/de\/wp-json\/wp\/v2\/users\/2"}],"replies":[{"embeddable":true,"href":"https:\/\/www.europesays.com\/de\/wp-json\/wp\/v2\/comments?post=1225513"}],"version-history":[{"count":0,"href":"https:\/\/www.europesays.com\/de\/wp-json\/wp\/v2\/posts\/1225513\/revisions"}],"wp:featuredmedia":[{"embeddable":true,"href":"https:\/\/www.europesays.com\/de\/wp-json\/wp\/v2\/media\/1225514"}],"wp:attachment":[{"href":"https:\/\/www.europesays.com\/de\/wp-json\/wp\/v2\/media?parent=1225513"}],"wp:term":[{"taxonomy":"category","embeddable":true,"href":"https:\/\/www.europesays.com\/de\/wp-json\/wp\/v2\/categories?post=1225513"},{"taxonomy":"post_tag","embeddable":true,"href":"https:\/\/www.europesays.com\/de\/wp-json\/wp\/v2\/tags?post=1225513"}],"curies":[{"name":"wp","href":"https:\/\/api.w.org\/{rel}","templated":true}]}}