{"id":122554,"date":"2025-05-19T09:59:12","date_gmt":"2025-05-19T09:59:12","guid":{"rendered":"https:\/\/www.europesays.com\/de\/122554\/"},"modified":"2025-05-19T09:59:12","modified_gmt":"2025-05-19T09:59:12","slug":"polen-beschlagnahmt-fuenf-tonnen-flugzeugreifen-fuer-russland","status":"publish","type":"post","link":"https:\/\/www.europesays.com\/de\/122554\/","title":{"rendered":"Polen beschlagnahmt f\u00fcnf Tonnen Flugzeugreifen f\u00fcr Russland"},"content":{"rendered":"<p>Newsblog zum Ukraine-Krieg <\/p>\n<p>Polen beschlagnahmt f\u00fcnf Tonnen Reifen auf dem Weg nach Russland<\/p>\n<p>19.05.2025 &#8211; 11:49 UhrLesedauer: 3 Min.<\/p>\n<p><a href=\"#focus-0\" class=\"transition-colors duration-200 focus-within:text-magenta block text-current relative\" data-sctrack=\"FocusGalleryImage.Reference\"><img fetchpriority=\"high\" data-testid=\"Opener.Image\" style=\"--lqipURL:url('https:\/\/images.t-online.de\/2025\/05\/nZNejsCF6rGK\/0x0:3307x1860\/fit-in\/150x0\/filters:blur(25)\/eine-beamtin-an-der-polnisch-belorussischen-grenze-symbolbild-flugzeugreifen-stehen-auf-der-sanktionsliste-der-europaeischen-union.jpg')\"   loading=\"eager\" src=\"https:\/\/www.europesays.com\/de\/wp-content\/uploads\/2025\/05\/eine-beamtin-an-der-polnisch-belorussischen-grenze-symbolbild-flugzeugreifen-stehen-auf-der-sanktion.jpeg\" alt=\"Eine Beamtin an der polnisch-belorussischen Grenze (Symbolbild): Flugzeugreifen stehen auf der Sanktionsliste der Europ\u00e4ischen Union.\" title=\"Eine Beamtin an der polnisch-belorussischen Grenze (Symbolbild): Flugzeugreifen stehen auf der Sanktionsliste der Europ\u00e4ischen Union.\" width=\"3307\" height=\"1860\" class=\"bg-[url:var(--lqipURL)] bg-cover bg-center flex w-full max-w-full h-full\" decoding=\"async\"\/><img style=\"--width:32;--height:32\" loading=\"lazy\" src=\"https:\/\/www.europesays.com\/de\/wp-content\/uploads\/2025\/05\/zoom-in.f7dae02f.svg.svg+xml\" alt=\"Vergr\u00f6\u00dfern des Bildes\" title=\"Vergr\u00f6\u00dfern des Bildes\" class=\"&#10;        block&#10;        h-[calc(var(--height)_\/_16_*_1rem)]&#10;        w-[calc(var(--width)_\/_16_*_1rem)]&#10;        max-w-none&#10;        absolute bottom-8 right-8 rounded-4 bg-snow p-8\" decoding=\"async\"\/><\/a><\/p>\n<p>Eine Beamtin an der polnisch-belorussischen Grenze (Symbolbild): Flugzeugreifen stehen auf der Sanktionsliste der Europ\u00e4ischen Union. (Quelle: imago stock&amp;people\/imago-images-bilder)<\/p>\n<p class=\"font-bold text-18 leading-17\">In Polen werden f\u00fcnf Tonnen Schmuggelgut beschlagnahmt. Trump will mit Putin telefonieren. Alle Entwicklungen zum Angriff auf die Ukraine im Newsblog.<\/p>\n<p class=\"text-18 leading-17\">Der polnische Zoll hat Beh\u00f6rdenangaben zufolge f\u00fcnf Tonnen Reifen f\u00fcr Boeing-Verkehrsflugzeuge beschlagnahmt, die entgegen geltender Sanktionen durch Belarus und <a class=\"transition-colors duration-200 cursor-pointer text-inherit no-underline text-salemsfur md:hover:text-magenta md:hover:border-magenta md:focus:text-magenta border-current border-b border-solid break-words\" href=\"https:\/\/www.t-online.de\/themen\/russland\/\" data-sctrack=\"BodyAnchor\" target=\"_blank\" rel=\"noopener\">Russland<\/a> transportiert werden sollten. Die Waren fielen unter die EU-Sanktionen im Kontext des Ukraine-Kriegs, teilt die nationale Finanzverwaltung mit.<\/p>\n<p class=\"text-18 leading-17\">Bei der Kontrolle eines Lastwagens in Koroszczyn h\u00e4tten Zollbeamte festgestellt, dass der Fahrer statt der deklarierten Auto- und Busreifen Reifen f\u00fcr zivile Boeing-Flugzeuge transportiert habe. &#8222;Absender der Waren war ein Unternehmen aus <a class=\"transition-colors duration-200 cursor-pointer text-inherit no-underline text-salemsfur md:hover:text-magenta md:hover:border-magenta md:focus:text-magenta border-current border-b border-solid break-words\" href=\"https:\/\/www.t-online.de\/themen\/spanien\/\" data-sctrack=\"BodyAnchor\" target=\"_blank\" rel=\"noopener\">Spanien<\/a>, Empf\u00e4nger ein Unternehmen aus Aserbaidschan.&#8220; Im Zusammenhang mit dem Zollbetrug sei ein Steuerstrafverfahren eingeleitet worden. Die sanktionierten Waren seien beschlagnahmt worden.<\/p>\n<p class=\"text-18 leading-17\">Russland hat nach Angaben der estnischen Regierung einen \u00d6ltanker festgesetzt, nachdem dieser aus dem Hafen von Sillam\u00e4e in Estland ausgefahren war. Die Regierung in Tallinn sieht in der Aktion eine Vergeltungsma\u00dfnahme f\u00fcr das verst\u00e4rkte Vorgehen gegen Tanker der russischen Schattenflotte. Die <a class=\"transition-colors duration-200 cursor-pointer text-inherit no-underline text-salemsfur md:hover:text-magenta md:hover:border-magenta md:focus:text-magenta border-current border-b border-solid break-words\" href=\"https:\/\/www.t-online.de\/themen\/nato\/\" data-sctrack=\"BodyAnchor\" target=\"_blank\" rel=\"noopener\">Nato<\/a> sei \u00fcber den Vorfall informiert. <a class=\"transition-colors duration-200 cursor-pointer text-inherit no-underline text-salemsfur md:hover:text-magenta md:hover:border-magenta md:focus:text-magenta border-current border-b border-solid break-words\" href=\"https:\/\/www.t-online.de\/nachrichten\/ausland\/internationale-politik\/id_100728666\/russland-stoppt-estnischen-tanker-reaktion-auf-eu-sanktionen-.html\" data-sctrack=\"BodyAnchor\" target=\"_blank\" rel=\"noopener\">Mehr dazu lesen Sie hier<\/a>.<\/p>\n<p class=\"text-18 leading-17\">Das gr\u00f6\u00dfte russische Unternehmen f\u00fcr landwirtschaftliche Ger\u00e4te, Rostselmasch, muss alle seine 15.000 Mitarbeiter in den Zwangsurlaub schicken. Grund daf\u00fcr sind die wirtschaftlichen Folgen des Ukraine-Kriegs. <a class=\"transition-colors duration-200 cursor-pointer text-inherit no-underline text-salemsfur md:hover:text-magenta md:hover:border-magenta md:focus:text-magenta border-current border-b border-solid break-words\" href=\"https:\/\/www.t-online.de\/nachrichten\/ukraine\/id_100728692\/russischer-agrar-riese-schickt-15000-mitarbeiter-in-zwangsurlaub.html\" data-sctrack=\"BodyAnchor\" target=\"_blank\" rel=\"noopener\">Lesen Sie hier mehr dazu<\/a>.<\/p>\n<p class=\"text-18 leading-17\">US-Pr\u00e4sident <a class=\"transition-colors duration-200 cursor-pointer text-inherit no-underline text-salemsfur md:hover:text-magenta md:hover:border-magenta md:focus:text-magenta border-current border-b border-solid break-words\" href=\"https:\/\/www.t-online.de\/themen\/donald-trump\/\" data-sctrack=\"BodyAnchor\" target=\"_blank\" rel=\"noopener\">Donald Trump<\/a> will am Montag (16 Uhr MESZ) mit Kremlchef <a class=\"transition-colors duration-200 cursor-pointer text-inherit no-underline text-salemsfur md:hover:text-magenta md:hover:border-magenta md:focus:text-magenta border-current border-b border-solid break-words\" href=\"https:\/\/www.t-online.de\/themen\/wladimir-putin\/\" data-sctrack=\"BodyAnchor\" target=\"_blank\" rel=\"noopener\">Wladimir Putin<\/a> \u00fcber den Ukraine-Krieg sprechen. In dem Telefonat soll es darum gehen, wie ein Ausweg aus dem &#8222;Blutbad&#8220; gefunden werden k\u00f6nne, erkl\u00e4rte der US-Pr\u00e4sident im Vorfeld. Im Anschluss will Trump nach eigenen Angaben mit dem ukrainischen Pr\u00e4sidenten <a class=\"transition-colors duration-200 cursor-pointer text-inherit no-underline text-salemsfur md:hover:text-magenta md:hover:border-magenta md:focus:text-magenta border-current border-b border-solid break-words\" href=\"https:\/\/www.t-online.de\/themen\/wolodymyr-selenskyj\/\" data-sctrack=\"BodyAnchor\" target=\"_blank\" rel=\"noopener\">Wolodymyr Selenskyj<\/a> und Vertretern der Nato sprechen.<\/p>\n<p class=\"text-18 leading-17\">Der au\u00dfenpolitische Sprecher der Unionsfraktion, J\u00fcrgen Hardt, hofft einem Medienbericht zufolge auf ein Erwachen des US-Pr\u00e4sidenten Donald Trump in Bezug auf Putins Intentionen. &#8222;Trump wird nun endlich einsehen, dass Putin keinen echten Friedenswillen hat&#8220;, \u00e4u\u00dferte er laut eines Vorabberichts des Redaktionsnetzwerks Deutschland (RND) vom Sonntagabend. Unionsfraktionsvize <a class=\"transition-colors duration-200 cursor-pointer text-inherit no-underline text-salemsfur md:hover:text-magenta md:hover:border-magenta md:focus:text-magenta border-current border-b border-solid break-words\" href=\"https:\/\/www.t-online.de\/themen\/norbert-roettgen\/\" data-sctrack=\"BodyAnchor\" target=\"_blank\" rel=\"noopener\">Norbert R\u00f6ttgen<\/a> sieht es dem Bericht nach \u00e4hnlich: &#8222;Pr\u00e4sident Trump muss klar werden, dass es allein Putin ist, der weder einen Waffenstillstand noch ernsthafte Verhandlungen will.&#8220;<\/p>\n<p class=\"text-18 leading-17\">Der britische Premierminister <a class=\"transition-colors duration-200 cursor-pointer text-inherit no-underline text-salemsfur md:hover:text-magenta md:hover:border-magenta md:focus:text-magenta border-current border-b border-solid break-words\" href=\"https:\/\/www.t-online.de\/themen\/keir-starmer\/\" data-sctrack=\"BodyAnchor\" target=\"_blank\" rel=\"noopener\">Keir Starmer<\/a> hat am Sonntag mit den Staats- und Regierungschefs der <a class=\"transition-colors duration-200 cursor-pointer text-inherit no-underline text-salemsfur md:hover:text-magenta md:hover:border-magenta md:focus:text-magenta border-current border-b border-solid break-words\" href=\"https:\/\/www.t-online.de\/themen\/usa\/\" data-sctrack=\"BodyAnchor\" target=\"_blank\" rel=\"noopener\">USA<\/a>, Italiens, Frankreichs und Deutschlands \u00fcber den Krieg in der <a class=\"transition-colors duration-200 cursor-pointer text-inherit no-underline text-salemsfur md:hover:text-magenta md:hover:border-magenta md:focus:text-magenta border-current border-b border-solid break-words\" href=\"https:\/\/www.t-online.de\/themen\/ukraine\/\" data-sctrack=\"BodyAnchor\" target=\"_blank\" rel=\"noopener\">Ukraine<\/a> gesprochen. Das teilt ein Sprecher Starmers mit. Diskutiert habe man auch \u00fcber die Verh\u00e4ngung von Sanktionen f\u00fcr den Fall, dass Russland sich nicht ernsthaft auf einen Waffenstillstand und Friedensgespr\u00e4che einlie\u00dfe. Mit Blick auf das f\u00fcr Montag geplante Telefonat zwischen US-Pr\u00e4sident Donald Trump und dem russischen Pr\u00e4sidenten Wladimir Putin habe man die Notwendigkeit eines bedingungslosen Waffenstillstands er\u00f6rtert. Auch m\u00fcsse Putin Friedensgespr\u00e4che ernst nehmen.<\/p>\n","protected":false},"excerpt":{"rendered":"Newsblog zum Ukraine-Krieg Polen beschlagnahmt f\u00fcnf Tonnen Reifen auf dem Weg nach Russland 19.05.2025 &#8211; 11:49 UhrLesedauer: 3&hellip;\n","protected":false},"author":2,"featured_media":122555,"comment_status":"","ping_status":"","sticky":false,"template":"","format":"standard","meta":{"footnotes":""},"categories":[4013],"tags":[1217,326,331,332,4542,513,916,3088,40933,106,3189,548,46303,13,5554,46304,669,14,1159,15,3129,3917,9506,4043,4044,850,307,46305,6402,12,46302,4026,46306,317,312,306,107],"class_list":{"0":"post-122554","1":"post","2":"type-post","3":"status-publish","4":"format-standard","5":"has-post-thumbnail","7":"category-russland","8":"tag-1217","9":"tag-326","10":"tag-aktuelle-nachrichten","11":"tag-aktuelle-news","12":"tag-aserbaidschan","13":"tag-auto","14":"tag-belarus","15":"tag-boeing","16":"tag-boeing-747","17":"tag-donald-trump","18":"tag-estland","19":"tag-eu","20":"tag-flugzeugreifen","21":"tag-headlines","22":"tag-keir-starmer","23":"tag-koroszczyn","24":"tag-krise","25":"tag-nachrichten","26":"tag-nato","27":"tag-news","28":"tag-newsblog","29":"tag-polen","30":"tag-reifen","31":"tag-russia","32":"tag-russian-federation","33":"tag-russische-foederation","34":"tag-russland","35":"tag-sanktionsliste","36":"tag-schiff","37":"tag-schlagzeilen","38":"tag-schmuggelgut","39":"tag-spanien","40":"tag-tallinn","41":"tag-ukraine","42":"tag-ukrainekrieg","43":"tag-wladimir-putin","44":"tag-wolodymyr-selenskyj"},"share_on_mastodon":{"url":"","error":"Validation failed: Text character limit of 500 exceeded"},"_links":{"self":[{"href":"https:\/\/www.europesays.com\/de\/wp-json\/wp\/v2\/posts\/122554","targetHints":{"allow":["GET"]}}],"collection":[{"href":"https:\/\/www.europesays.com\/de\/wp-json\/wp\/v2\/posts"}],"about":[{"href":"https:\/\/www.europesays.com\/de\/wp-json\/wp\/v2\/types\/post"}],"author":[{"embeddable":true,"href":"https:\/\/www.europesays.com\/de\/wp-json\/wp\/v2\/users\/2"}],"replies":[{"embeddable":true,"href":"https:\/\/www.europesays.com\/de\/wp-json\/wp\/v2\/comments?post=122554"}],"version-history":[{"count":0,"href":"https:\/\/www.europesays.com\/de\/wp-json\/wp\/v2\/posts\/122554\/revisions"}],"wp:featuredmedia":[{"embeddable":true,"href":"https:\/\/www.europesays.com\/de\/wp-json\/wp\/v2\/media\/122555"}],"wp:attachment":[{"href":"https:\/\/www.europesays.com\/de\/wp-json\/wp\/v2\/media?parent=122554"}],"wp:term":[{"taxonomy":"category","embeddable":true,"href":"https:\/\/www.europesays.com\/de\/wp-json\/wp\/v2\/categories?post=122554"},{"taxonomy":"post_tag","embeddable":true,"href":"https:\/\/www.europesays.com\/de\/wp-json\/wp\/v2\/tags?post=122554"}],"curies":[{"name":"wp","href":"https:\/\/api.w.org\/{rel}","templated":true}]}}