{"id":1225650,"date":"2026-08-09T06:52:29","date_gmt":"2026-08-09T06:52:29","guid":{"rendered":"https:\/\/www.europesays.com\/de\/1225650\/"},"modified":"2026-08-09T06:52:29","modified_gmt":"2026-08-09T06:52:29","slug":"lionel-messi-mit-dem-privatjet-zur-trauerfeier-von-papa-jorge-sport","status":"publish","type":"post","link":"https:\/\/www.europesays.com\/de\/1225650\/","title":{"rendered":"Lionel Messi: Mit dem Privatjet zur Trauerfeier von Papa Jorge | Sport"},"content":{"rendered":"<p><a class=\"skip-content skip-content--link\" href=\"#in-content-skip-link-target-v-0-0\">TTS-Player \u00fcberspringen\u21b5<\/a><a id=\"in-content-skip-link-target-v-0-0\" class=\"skip-content--target-link-hidden skip-content skip-content--target-link\" href=\"#in-content-skip-link-target-v-0-0\">Artikel weiterlesen<\/a><\/p>\n<p data-21134c99=\"0-1572\">Rosario (Argentinien) \u2013<b> Ein ganz Gro\u00dfer nimmt Abschied von dem f\u00fcr ihn Allergr\u00f6\u00dften! Lionel Messi ist aus der US-Stadt Miami nach Argentinien gereist, um seinen verstorbenen Vater Jorge zu betrauern. Der Privatjet mit dem argentinischen Fu\u00dfball-Weltstar landete am sp\u00e4ten Abend (Ortszeit) in der Stadt Rosario. Mit an Bord: Seine Frau und die drei Kinder. Das berichten \u00f6rtliche Medien. Vom Flughafen sei die Familie zum Friedhof El Prado gefahren worden, auf dem eine private Trauerfeier stattfinde.<\/b><\/p>\n<p data-21134c99=\"0-1572\">Messis Vater, der zugleich sein Berater war, <a href=\"https:\/\/www.bild.de\/sport\/fussball\/jorge-messi-vater-68-von-lionel-messi-tot-6a7709f4e1f0d15c1bdd9bff\" class=\"text-link\" rel=\"nofollow noopener\" target=\"_blank\">war am Samstag im Alter von 68 Jahren in einer Klinik gestorben<\/a>. Weitere Einzelheiten zu den Gesundheitsproblemen, die zu seinem Tod f\u00fchrten, wurden nicht bekanntgegeben. Nach BILD-Informationen handelte es sich um eine Bauchspeicheldr\u00fcsenkrebs-Erkrankung. Die <a href=\"https:\/\/www.bild.de\/themen\/specials\/familie\/news-fotos-videos-17007900.bild.html\" class=\"text-link\" rel=\"nofollow noopener\" target=\"_blank\">Familie<\/a> hatte bereits im Juni w\u00e4hrend der Fu\u00dfball-WM mitgeteilt, dass Jorge <a href=\"https:\/\/www.bild.de\/themen\/personen\/lionel-messi\/sport-fussball-mix-nachrichten-news-fotos-videos-15817194.bild.html\" class=\"text-link\" rel=\"nofollow noopener\" target=\"_blank\">Messi<\/a> krank war. Nach dem Tod \u00e4u\u00dferte sich die Familie zun\u00e4chst nicht.<\/p>\n<p><img decoding=\"async\" width=\"992\" height=\"558\" alt=\"Die Familie Messi trifft auf dem Friedhof El Prado in Rosario ein\" loading=\"lazy\" src=\"https:\/\/www.europesays.com\/de\/wp-content\/uploads\/2026\/08\/36903cc1e9cb66d06e5407b3e1f254ff,23b9f41b.jpeg\"   class=\"landscape\"\/><\/p>\n<p class=\"fig__caption__text\">Die Familie Messi trifft auf dem Friedhof El Prado in Rosario ein<\/p>\n<p>Foto: Getty Images<\/p>\n<p><img decoding=\"async\" width=\"992\" height=\"558\" alt=\"Polizisten bewachen den Friedhof, wo Jorge Messi im Rahmen einer privaten Totenwache aufgebahrt wird\" loading=\"lazy\" src=\"https:\/\/www.europesays.com\/de\/wp-content\/uploads\/2026\/08\/95a624f88fc2255341bd68e76903659f,8e9c1c35.jpeg\"   class=\"landscape\"\/><\/p>\n<p class=\"fig__caption__text\">Polizisten bewachen den Friedhof, wo Jorge Messi im Rahmen einer privaten Totenwache aufgebahrt wird<\/p>\n<p>Foto: Getty Images<\/p>\n<p><img decoding=\"async\" width=\"992\" height=\"558\" alt=\"Kr\u00e4nze auf dem Friedhof f\u00fcr Jorge Messi\" loading=\"lazy\" src=\"https:\/\/www.europesays.com\/de\/wp-content\/uploads\/2026\/08\/0ae28cd99ea26d24946042a2056b8246,2cf02843.jpeg\"   class=\"landscape\"\/><\/p>\n<p class=\"fig__caption__text\">Kr\u00e4nze auf dem Friedhof f\u00fcr Jorge Messi<\/p>\n<p>Foto: Getty Images<\/p>\n<p><img decoding=\"async\" width=\"992\" height=\"558\" alt=\"Fans haben sich am Friedhof versammelt\" loading=\"lazy\" src=\"https:\/\/www.europesays.com\/de\/wp-content\/uploads\/2026\/08\/3e04a83502880f42b63006b00d508cc2,600cccb8.jpeg\"   class=\"landscape\"\/><\/p>\n<p class=\"fig__caption__text\">Fans haben sich am Friedhof versammelt<\/p>\n<p>Foto: Rodrigo Abd\/AP\/dpa<\/p>\n<p>Eine pr\u00e4gende Figur f\u00fcr Lionel Messi<\/p>\n<p data-21134c99=\"0-1572\">Jorge Messi war von Beginn der Karriere seines Sohn als dessen Berater t\u00e4tig. Er brachte ihn als Jugendlichen zum <a href=\"https:\/\/www.bild.de\/themen\/organisationen\/fc-barcelona\/sport-nachrichten-news-fotos-videos-15888150.bild.html\" class=\"text-link\" rel=\"nofollow noopener\" target=\"_blank\">FC Barcelona<\/a>, wo Lionel Messi (39) von 2000 bis 2021 spielte. Derzeit l\u00e4uft er f\u00fcr Inter Miami in den USA auf. Mit der argentinischen Nationalmannschaft nahm Messi an sechs Weltmeisterschaften teil.<\/p>\n<p><img decoding=\"async\" width=\"992\" height=\"1178\" alt=\"Papa Jorge (r.) mit seinem Sohn Lionel Messi\" loading=\"lazy\" src=\"https:\/\/www.europesays.com\/de\/wp-content\/uploads\/2026\/08\/6ad523a7c074d202bbfa45848cb27b18,a24b80dc.jpeg\"   class=\"portrait\"\/><\/p>\n<p class=\"fig__caption__text\">Papa Jorge (r.) mit seinem Sohn Lionel Messi<\/p>\n<p>Foto: Privat<\/p>\n<p><img decoding=\"async\" width=\"992\" height=\"558\" alt=\"Jorge Messi besucht ein Spiel seines Sohnes im November 2024\" loading=\"lazy\" src=\"https:\/\/www.europesays.com\/de\/wp-content\/uploads\/2026\/08\/a9da6c8a14e0f0f1b3d566cf1e64c351,57a3fea1.jpeg\"   class=\"landscape\"\/><\/p>\n<p class=\"fig__caption__text\">Jorge Messi besucht ein Spiel seines Sohnes im November 2024<\/p>\n<p>Foto: Emma Garcia\/dpa<\/p>\n<p data-21134c99=\"0-1572\">Nach der 0:1-Niederlage <a href=\"https:\/\/www.bild.de\/themen\/orte\/argentinien\/nachrichten-news-fotos-videos-17298590.bild.html\" class=\"text-link\" rel=\"nofollow noopener\" target=\"_blank\">Argentiniens<\/a> gegen Spanien im j\u00fcngsten WM-Finale war Messi in seine Heimatstadt geflogen, um bei seinem Vater zu sein. Nach mehr als einer Woche kehrte er laut der Zeitung \u201eLa Naci\u00f3n\u201c am 29. Juli in die USA zur\u00fcck. (dpa\/ias)<\/p>\n","protected":false},"excerpt":{"rendered":"TTS-Player \u00fcberspringen\u21b5Artikel weiterlesen Rosario (Argentinien) \u2013 Ein ganz Gro\u00dfer nimmt Abschied von dem f\u00fcr ihn Allergr\u00f6\u00dften! Lionel Messi&hellip;\n","protected":false},"author":2,"featured_media":1225651,"comment_status":"","ping_status":"","sticky":false,"template":"","format":"standard","meta":{"footnotes":"","_share_on_mastodon":"0"},"categories":[136],"tags":[13038,29,841,347,30,69027,1080,69028,232646,803,265,138370,3533],"class_list":["post-1225650","post","type-post","status-publish","format-standard","has-post-thumbnail","category-sport","tag-bestattung","tag-deutschland","tag-flugzeuge","tag-fussball","tag-germany","tag-inter-miami-cf","tag-krebs","tag-messi-lionel","tag-nationalmannschaft-argentinien","tag-spielertransfer","tag-sport","tag-team-first","tag-todesfall"],"share_on_mastodon":{"url":"https:\/\/pubeurope.com\/@de\/117064234210688702","error":""},"_links":{"self":[{"href":"https:\/\/www.europesays.com\/de\/wp-json\/wp\/v2\/posts\/1225650","targetHints":{"allow":["GET"]}}],"collection":[{"href":"https:\/\/www.europesays.com\/de\/wp-json\/wp\/v2\/posts"}],"about":[{"href":"https:\/\/www.europesays.com\/de\/wp-json\/wp\/v2\/types\/post"}],"author":[{"embeddable":true,"href":"https:\/\/www.europesays.com\/de\/wp-json\/wp\/v2\/users\/2"}],"replies":[{"embeddable":true,"href":"https:\/\/www.europesays.com\/de\/wp-json\/wp\/v2\/comments?post=1225650"}],"version-history":[{"count":0,"href":"https:\/\/www.europesays.com\/de\/wp-json\/wp\/v2\/posts\/1225650\/revisions"}],"wp:featuredmedia":[{"embeddable":true,"href":"https:\/\/www.europesays.com\/de\/wp-json\/wp\/v2\/media\/1225651"}],"wp:attachment":[{"href":"https:\/\/www.europesays.com\/de\/wp-json\/wp\/v2\/media?parent=1225650"}],"wp:term":[{"taxonomy":"category","embeddable":true,"href":"https:\/\/www.europesays.com\/de\/wp-json\/wp\/v2\/categories?post=1225650"},{"taxonomy":"post_tag","embeddable":true,"href":"https:\/\/www.europesays.com\/de\/wp-json\/wp\/v2\/tags?post=1225650"}],"curies":[{"name":"wp","href":"https:\/\/api.w.org\/{rel}","templated":true}]}}