{"id":1225712,"date":"2026-08-09T07:39:15","date_gmt":"2026-08-09T07:39:15","guid":{"rendered":"https:\/\/www.europesays.com\/de\/1225712\/"},"modified":"2026-08-09T07:39:15","modified_gmt":"2026-08-09T07:39:15","slug":"deutschland-unsere-vaeter-und-muetter-der-verfassung-waren-klueger-als-wir","status":"publish","type":"post","link":"https:\/\/www.europesays.com\/de\/1225712\/","title":{"rendered":"Deutschland: Unsere V\u00e4ter und M\u00fctter der Verfassung waren kl\u00fcger als wir"},"content":{"rendered":"<p data-external=\"Article.FirstParagraph\">\u201eDie Gegenwart ist die einzige G\u00f6ttin, die ich anbete\u201c, sagte Goethe zu <a class=\"is-link c-block-items__link c-link--rich-text-renderer\" href=\"https:\/\/www.welt.de\/kultur\/plus206748977\/Quarantaene-Was-die-Isolation-mit-unserem-Zeitgefuehl-macht.html\" data-internal-tracking-enabled=\"true\" data-internal-tracking=\"{&quot;action&quot;:&quot;click&quot;,&quot;label&quot;:&quot;link&quot;,&quot;name&quot;:&quot;Inline Element&quot;,&quot;data&quot;:{&quot;source&quot;:&quot;&quot;,&quot;target&quot;:&quot;https:\/\/www.welt.de\/kultur\/plus206748977\/Quarantaene-Was-die-Isolation-mit-unserem-Zeitgefuehl-macht.html&quot;,&quot;trackingName&quot;:&quot;&quot;,&quot;trackingLabel&quot;:&quot;&quot;}}\" rel=\"nofollow noopener\" target=\"_blank\">Friederike Brun<\/a> in Karlsbad im Juli 1795. In diesem Sinne sind wir alle Goethe. Leider! Heute soll man der Zeit gem\u00e4\u00df sein \u2013 was immer das hei\u00dfen mag. Eine schreckliche Phrase. \u201eNicht mehr zeitgem\u00e4\u00df\u201c zu sein, bedeutet: hinweg damit. Bedauerlicherweise auch auf dem Feld der Politik.<\/p>\n<p>Nicht mehr zeitgem\u00e4\u00df <a class=\"is-link c-block-items__link c-link--rich-text-renderer\" href=\"https:\/\/www.welt.de\/politik\/deutschland\/plus6a69b582a17ee9f1dfd8298a\/kuenftig-drei-prozent-demokratischem-prinzip-entsprach-die-fuenf-prozent-huerde-nie-sagt-die-linke.html\" data-internal-tracking-enabled=\"true\" data-internal-tracking=\"{&quot;action&quot;:&quot;click&quot;,&quot;label&quot;:&quot;link&quot;,&quot;name&quot;:&quot;Inline Element&quot;,&quot;data&quot;:{&quot;source&quot;:&quot;&quot;,&quot;target&quot;:&quot;https:\/\/www.welt.de\/politik\/deutschland\/plus6a69b582a17ee9f1dfd8298a\/kuenftig-drei-prozent-demokratischem-prinzip-entsprach-die-fuenf-prozent-huerde-nie-sagt-die-linke.html&quot;,&quot;trackingName&quot;:&quot;&quot;,&quot;trackingLabel&quot;:&quot;&quot;}}\" rel=\"nofollow noopener\" target=\"_blank\">sei die F\u00fcnfprozenth\u00fcrde<\/a>, h\u00f6ren wir in diesen Tagen. Sie griff erstmals bei der Wahl zum Bundestag 1953 und sollte die Zersplitterung des Parteiensystems verhindern \u2013 was auch gelang. Die damaligen Politiker waren allesamt \u00dcberlebende von Tod, Terror und Vertreibung. Zudem waren sie Zeugen davon gewesen, wie einige Parteien im System danach trachteten, dasselbe zu zerst\u00f6ren.<\/p>\n<p>Die Lehre, die sie aus dem 20. Jahrhundert zogen, l\u00e4sst sich in einem Satz zusammenfassen: F\u00fcrchte deinen N\u00e4chsten wie dich selbst. Also schufen sie Mechanismen, die Demokratie zu sch\u00fctzen.<\/p>\n<p>Nicht mehr zeitgem\u00e4\u00df <a class=\"is-link c-block-items__link c-link--rich-text-renderer\" href=\"https:\/\/www.welt.de\/print-welt\/article640332\/Auf-die-Bannmeile-kann-die-Hauptstadt-nicht-verzichten.html\" data-internal-tracking-enabled=\"true\" data-internal-tracking=\"{&quot;action&quot;:&quot;click&quot;,&quot;label&quot;:&quot;link&quot;,&quot;name&quot;:&quot;Inline Element&quot;,&quot;data&quot;:{&quot;source&quot;:&quot;&quot;,&quot;target&quot;:&quot;https:\/\/www.welt.de\/print-welt\/article640332\/Auf-die-Bannmeile-kann-die-Hauptstadt-nicht-verzichten.html&quot;,&quot;trackingName&quot;:&quot;&quot;,&quot;trackingLabel&quot;:&quot;&quot;}}\" rel=\"nofollow noopener\" target=\"_blank\">sei die Bannmeile<\/a>, h\u00f6rte man vor dem Umzug der Regierung nach Berlin \u2013 und lockerte sie. Seit wildgewordene Wutb\u00fcrger 2020 versuchten, den Reichstag zu st\u00fcrmen, gef\u00e4llt die Bannmeile wieder. Lange musste man gebetsm\u00fchlenartig von fast jedem Zeitgenossen das Loblied auf das Plebiszit h\u00f6ren. Schlie\u00dflich sei die repr\u00e4sentative Demokratie nicht mehr zeitgem\u00e4\u00df. <\/p>\n<p>Seit die Briten f\u00fcr den Brexit stimmten, h\u00e4lt die Mehrheit der Deutschen unseren Parlamentarismus wieder f\u00fcr modern. Merke also: Unsere Verfassungsv\u00e4ter und -m\u00fctter waren kl\u00fcger als wir. Und: Das Schlaraffenland ist schwer zu erreichen. Es liegt \u201edrei Meilen hinter Weihnachten\u201c, wie wir seit Hans Sachs wissen.<\/p>\n","protected":false},"excerpt":{"rendered":"\u201eDie Gegenwart ist die einzige G\u00f6ttin, die ich anbete\u201c, sagte Goethe zu Friederike Brun in Karlsbad im Juli&hellip;\n","protected":false},"author":2,"featured_media":1225713,"comment_status":"","ping_status":"","sticky":false,"template":"","format":"standard","meta":{"footnotes":"","_share_on_mastodon":"0"},"categories":[2],"tags":[331,3924,332,3922,254569,296,3364,146,710,29,254568,30,13,14,3923,15,3921,12,45],"class_list":["post-1225712","post","type-post","status-publish","format-standard","has-post-thumbnail","category-deutschland","tag-aktuelle-nachrichten","tag-aktuelle-nachrichten-aus-deutschland","tag-aktuelle-news","tag-aktuelle-news-aus-deutschland","tag-bannmeile-ks","tag-berlin","tag-de","tag-demokratie","tag-demonstrationen","tag-deutschland","tag-fuenf-prozent-huerde-ks","tag-germany","tag-headlines","tag-nachrichten","tag-nachrichten-aus-deutschland","tag-news","tag-news-aus-deutschland","tag-schlagzeilen","tag-texttospeech"],"share_on_mastodon":{"url":"https:\/\/pubeurope.com\/@de\/117064418479466900","error":""},"_links":{"self":[{"href":"https:\/\/www.europesays.com\/de\/wp-json\/wp\/v2\/posts\/1225712","targetHints":{"allow":["GET"]}}],"collection":[{"href":"https:\/\/www.europesays.com\/de\/wp-json\/wp\/v2\/posts"}],"about":[{"href":"https:\/\/www.europesays.com\/de\/wp-json\/wp\/v2\/types\/post"}],"author":[{"embeddable":true,"href":"https:\/\/www.europesays.com\/de\/wp-json\/wp\/v2\/users\/2"}],"replies":[{"embeddable":true,"href":"https:\/\/www.europesays.com\/de\/wp-json\/wp\/v2\/comments?post=1225712"}],"version-history":[{"count":0,"href":"https:\/\/www.europesays.com\/de\/wp-json\/wp\/v2\/posts\/1225712\/revisions"}],"wp:featuredmedia":[{"embeddable":true,"href":"https:\/\/www.europesays.com\/de\/wp-json\/wp\/v2\/media\/1225713"}],"wp:attachment":[{"href":"https:\/\/www.europesays.com\/de\/wp-json\/wp\/v2\/media?parent=1225712"}],"wp:term":[{"taxonomy":"category","embeddable":true,"href":"https:\/\/www.europesays.com\/de\/wp-json\/wp\/v2\/categories?post=1225712"},{"taxonomy":"post_tag","embeddable":true,"href":"https:\/\/www.europesays.com\/de\/wp-json\/wp\/v2\/tags?post=1225712"}],"curies":[{"name":"wp","href":"https:\/\/api.w.org\/{rel}","templated":true}]}}