{"id":1225893,"date":"2026-08-09T09:36:19","date_gmt":"2026-08-09T09:36:19","guid":{"rendered":"https:\/\/www.europesays.com\/de\/1225893\/"},"modified":"2026-08-09T09:36:19","modified_gmt":"2026-08-09T09:36:19","slug":"eintracht-frankfurt-laura-freigang-spricht-erstmal-ueber-doping-vorwuerfe","status":"publish","type":"post","link":"https:\/\/www.europesays.com\/de\/1225893\/","title":{"rendered":"Eintracht Frankfurt: Laura Freigang spricht erstmal \u00fcber Doping-Vorw\u00fcrfe"},"content":{"rendered":"<p>Ermittlungen gegen Laura Freigang <\/p>\n<p>Eintracht-Star spricht erstmals \u00fcber Doping-Vorw\u00fcrfe<\/p>\n<p>09.08.2026 &#8211; 11:04 UhrLesedauer: 1 Min.<\/p>\n<p><a href=\"#focus-0\" class=\"transition-colors block text-current relative\" data-sctrack=\"FocusGalleryImage.Reference\"><img fetchpriority=\"high\" data-testid=\"Opener.Image\"   loading=\"eager\" src=\"https:\/\/www.europesays.com\/de\/wp-content\/uploads\/2026\/08\/laura-freigang-sie-sprach-erstmals-oeffentlich-ueber-die-vorwuerfe.jpg\" alt=\"Laura Freigang: Sie sprach erstmals \u00f6ffentlich \u00fcber die Vorw\u00fcrfe.\" title=\"Laura Freigang: Sie sprach erstmals \u00f6ffentlich \u00fcber die Vorw\u00fcrfe.\" width=\"2048\" height=\"1152\" class=\"bg-[url:var(--lqipURL)] bg-cover bg-center flex h-full w-full max-w-full\" style=\"--lqipURL:url('https:\/\/images.t-online.de\/2026\/08\/4Ic7b5E5Mm6p\/0x0:2048x1152\/fit-in\/150x0\/filters:blur(25)\/laura-freigang-sie-sprach-erstmals-oeffentlich-ueber-die-vorwuerfe.jpg')\" decoding=\"async\"\/><img loading=\"lazy\" src=\"https:\/\/frankfurt.t-online.de\/s\/paper\/_next\/static\/media\/zoom-in.f7dae02f.svg\" alt=\"Vergr\u00f6\u00dfern des Bildes\" title=\"Vergr\u00f6\u00dfern des Bildes\" class=\"block h-[calc(var(--height)_\/_16_*_1rem)] w-[calc(var(--width)_\/_16_*_1rem)] max-w-none absolute right-8 bottom-8 rounded-4 bg-snow p-8\" style=\"--width:32;--height:32\" decoding=\"async\"\/><\/a><\/p>\n<p>Laura Freigang: Sie sprach erstmals \u00f6ffentlich \u00fcber die Vorw\u00fcrfe. (Quelle: IMAGO\/Amiir Amedjoua\/imago)<\/p>\n<p><img loading=\"lazy\" src=\"https:\/\/frankfurt.t-online.de\/s\/paper\/_next\/static\/media\/audio-volume.6689034c.svg\" alt=\"\" title=\"\" class=\"block h-[calc(var(--height)_\/_16_*_1rem)] w-[calc(var(--width)_\/_16_*_1rem)] max-w-none group-hover:brightness-0 group-hover:invert\" style=\"--width:16;--height:16\" decoding=\"async\"\/>Vorlesen<\/p>\n<p>Aktuelle Zeit:0:00Gesamtdauer:0:00<\/p>\n<p>1x<\/p>\n<p class=\"text-center\">Jetzt neu bei t-online:<\/p>\n<p class=\"text-center\">Schriftgr\u00f6\u00dfe anpassen!<\/p>\n<p><img loading=\"lazy\" src=\"https:\/\/frankfurt.t-online.de\/s\/paper\/_next\/static\/media\/font-sizes.32942e33.svg\" alt=\"\" title=\"\" class=\"block h-[calc(var(--height)_\/_16_*_1rem)] w-[calc(var(--width)_\/_16_*_1rem)] max-w-none group-hover:hidden group-aria-expanded:hidden\" style=\"--width:16;--height:16\" decoding=\"async\"\/><img loading=\"lazy\" src=\"https:\/\/frankfurt.t-online.de\/s\/paper\/_next\/static\/media\/font-sizes-dark-mode.e382645c.svg\" alt=\"\" title=\"\" class=\"block h-[calc(var(--height)_\/_16_*_1rem)] w-[calc(var(--width)_\/_16_*_1rem)] max-w-none hidden group-hover:block group-aria-expanded:block\" style=\"--width:16;--height:16\" decoding=\"async\"\/><img loading=\"lazy\" src=\"https:\/\/frankfurt.t-online.de\/s\/paper\/_next\/static\/media\/sharing-menu-icon.1eb71368.svg\" alt=\"\" title=\"\" class=\"block h-[calc(var(--height)_\/_16_*_1rem)] w-[calc(var(--width)_\/_16_*_1rem)] max-w-none group-hover:brightness-0 group-hover:invert\" style=\"--width:16;--height:16\" decoding=\"async\"\/>Artikel teilen<\/p>\n<p class=\"font-bold text-18 leading-17 user-text-lg:text-22 user-text-xl:text-24\">Gegen National- und Eintracht-Spielerin Laura Freigang laufen Doping-Ermittlungen. Die Fu\u00dfballerin aber ist optimistisch, dass sich alles kl\u00e4ren wird.<\/p>\n<p class=\"text-18 leading-17 user-text-lg:text-22 user-text-xl:text-24\">Nationalspielerin Laura Freigang hat sich erstmals \u00f6ffentlich zu den Doping-Ermittlungen gegen sie ge\u00e4u\u00dfert. &#8222;Das ist alles noch nicht abgeschlossen und alles noch nicht best\u00e4tigt, deshalb ist es eine offene Situation&#8220;, sagte die St\u00fcrmerin von <a href=\"https:\/\/www.t-online.de\/themen\/eintracht-frankfurt\/\" class=\"transition-colors cursor-pointer no-underline md:hover:text-magenta md:focus:text-magenta border-b border-solid border-current text-salemsfur md:hover:border-magenta\" data-tracking=\"{&quot;action&quot;:&quot;click&quot;,&quot;category&quot;:&quot;intextLink&quot;,&quot;label&quot;:&quot;https:\/\/www.t-online.de\/themen\/eintracht-frankfurt\/&quot;}\" data-sctrack=\"BodyAnchor\" rel=\"nofollow noopener\" target=\"_blank\">Eintracht Frankfurt<\/a> am Samstag nach dem 2:0-Sieg in der Champions-League-Qualifikation gegen Malm\u00f6 FF im Interview des Hessischen Rundfunks.<\/p>\n<p class=\"text-18 leading-17 user-text-lg:text-22 user-text-xl:text-24\">Die 28-j\u00e4hrige Fu\u00dfballerin soll innerhalb eines Jahres drei Dopingkontrollen verpasst haben. Seit Anfang Juni ermittelt der Kontrollausschuss des Deutschen Fu\u00dfball-Bundes gegen Freigang. Bis zum Abschluss des Verfahrens darf die 44-malige Nationalspielerin jedoch weiterhin am Spielbetrieb teilnehmen.<\/p>\n<p>Doping-Ermittlungen: Freigang spricht von &#8222;Missverst\u00e4ndnissen&#8220;<\/p>\n<p class=\"text-18 leading-17 user-text-lg:text-22 user-text-xl:text-24\">Freigang gibt sich trotz der schwierigen Situation zuversichtlich. &#8222;Das ist nat\u00fcrlich nicht einfach, aber mir geht es gut&#8220;, sagte die Angreiferin. Sie habe ein gutes Umfeld und sei optimistisch, dass alles gut ausgehe. F\u00fcr die Unterst\u00fctzung aus ihrem Umfeld zeigte sich Freigang dankbar: &#8222;Ich bekomme sehr viel positiven Zuspruch.&#8220;<\/p>\n<p class=\"text-18 leading-17 user-text-lg:text-22 user-text-xl:text-24\">W\u00e4hrend des laufenden Verfahrens darf sie sich zu dem Fall nicht \u00e4u\u00dfern. Kurz nach Bekanntwerden der Vorw\u00fcrfe schrieb Freigang bei Instagram, die verpassten Kontrollen seien nicht absichtlich ausgelassene Termine gewesen, sondern beruhten auf &#8222;Unstimmigkeiten bzw. Missverst\u00e4ndnissen&#8220; bei den t\u00e4glich zu aktualisierenden Angaben, die Nationalspielerinnen im System tages- und stundenaktuell pflegen m\u00fcssen.<\/p>\n<p class=\"text-18 leading-17 user-text-lg:text-22 user-text-xl:text-24\">Zumindest auf dem Platz zeigt sich Freigang von der Causa derzeit unbeeindruckt. Beim 2:0 gegen Malm\u00f6 im Finale des Mini-Qualifikationsturniers zur K\u00f6nigsklasse erzielte sie beide Treffer. &#8222;Ich bin gl\u00fccklich, dass ich Tore geschossen habe. Das macht immer Spa\u00df&#8220;, sagte Freigang.<\/p>\n","protected":false},"excerpt":{"rendered":"Ermittlungen gegen Laura Freigang Eintracht-Star spricht erstmals \u00fcber Doping-Vorw\u00fcrfe 09.08.2026 &#8211; 11:04 UhrLesedauer: 1 Min. Laura Freigang: Sie&hellip;\n","protected":false},"author":2,"featured_media":1225894,"comment_status":"","ping_status":"","sticky":false,"template":"","format":"standard","meta":{"footnotes":"","_share_on_mastodon":"0"},"categories":[1829],"tags":[722,3476,29,460,2050,2051,30,2052,33240,52594,39393,126741],"class_list":["post-1225893","post","type-post","status-publish","format-standard","has-post-thumbnail","category-frankfurt-am-main","tag-722","tag-deutscher-fussball-bund","tag-deutschland","tag-eintracht-frankfurt","tag-frankfurt","tag-frankfurt-am-main","tag-germany","tag-hessen","tag-hessischer-rundfunk","tag-laura-freigang","tag-malmoe","tag-malmoe-ff"],"share_on_mastodon":{"url":"https:\/\/pubeurope.com\/@de\/117064879270049794","error":""},"_links":{"self":[{"href":"https:\/\/www.europesays.com\/de\/wp-json\/wp\/v2\/posts\/1225893","targetHints":{"allow":["GET"]}}],"collection":[{"href":"https:\/\/www.europesays.com\/de\/wp-json\/wp\/v2\/posts"}],"about":[{"href":"https:\/\/www.europesays.com\/de\/wp-json\/wp\/v2\/types\/post"}],"author":[{"embeddable":true,"href":"https:\/\/www.europesays.com\/de\/wp-json\/wp\/v2\/users\/2"}],"replies":[{"embeddable":true,"href":"https:\/\/www.europesays.com\/de\/wp-json\/wp\/v2\/comments?post=1225893"}],"version-history":[{"count":0,"href":"https:\/\/www.europesays.com\/de\/wp-json\/wp\/v2\/posts\/1225893\/revisions"}],"wp:featuredmedia":[{"embeddable":true,"href":"https:\/\/www.europesays.com\/de\/wp-json\/wp\/v2\/media\/1225894"}],"wp:attachment":[{"href":"https:\/\/www.europesays.com\/de\/wp-json\/wp\/v2\/media?parent=1225893"}],"wp:term":[{"taxonomy":"category","embeddable":true,"href":"https:\/\/www.europesays.com\/de\/wp-json\/wp\/v2\/categories?post=1225893"},{"taxonomy":"post_tag","embeddable":true,"href":"https:\/\/www.europesays.com\/de\/wp-json\/wp\/v2\/tags?post=1225893"}],"curies":[{"name":"wp","href":"https:\/\/api.w.org\/{rel}","templated":true}]}}