{"id":1225899,"date":"2026-08-09T09:39:23","date_gmt":"2026-08-09T09:39:23","guid":{"rendered":"https:\/\/www.europesays.com\/de\/1225899\/"},"modified":"2026-08-09T09:39:23","modified_gmt":"2026-08-09T09:39:23","slug":"diese-fuenf-brunnen-in-muenchen-werden-oft-uebersehen","status":"publish","type":"post","link":"https:\/\/www.europesays.com\/de\/1225899\/","title":{"rendered":"Diese f\u00fcnf Brunnen in M\u00fcnchen werden oft \u00fcbersehen"},"content":{"rendered":"<p>Es rauscht und pl\u00e4tschert, Tropfen fliegen durch die Luft, glitzern im Sonnenlicht. Manchmal kann man die F\u00fc\u00dfe hineinstellen oder sogar ganz durchlaufen, manchmal das Gesicht k\u00fchlen oder die Trinkflasche auff\u00fcllen. Oder man schaut einfach dem Wasser zu, vielleicht von einem Bankerl aus, und ruht den Geist aus.<\/p>\n<p>An die 700 Brunnen gibt es in <a href=\"https:\/\/www.abendzeitung-muenchen.de\/muenchen\/\" rel=\"nofollow noopener\" target=\"_blank\">M\u00fcnchen<\/a>, 202 davon werden von der Stadt gepflegt. 18 Brunnen laufen das ganze Jahr \u00fcber, den gr\u00f6\u00dften Teil kasteln die Mitarbeiter des Baureferats im Herbst zum Ende der Brunnensaison mit h\u00f6lzernen Verschalungen ein und packen sie im Fr\u00fchjahr nach und nach wieder aus, damit es wieder pl\u00e4tschert und rauscht und man das Gef\u00fchl bekommt, jetzt geht der Sommer los! Alle Jahre im gleichen Lauf.<\/p>\n<p>Zwischen Rauschen und Stadtgeschichte: F\u00fcnf weniger bekannte Brunnen in M\u00fcnchen<\/p>\n<p>In den hei\u00dfen Phasen des Jahres und dann ganz besonders erf\u00fcllen die Brunnen freilich nicht nur einen dekorativen Zweck \u2013 sie sind wichtig f\u00fcrs Stadtklima, das immer mehr nach Abk\u00fchlung verlangt. Einer der Gr\u00fcnde, warum auch nach wie vor neue Brunnen gebaut werden. Au\u00dferdem entstehen immer mehr Trinkwasserbrunnen, 90 sind es in der Stadt aktuell, mitgez\u00e4hlt dabei sind auch Trinkwasserspender an vielen Pl\u00e4tzen und \u00f6ffentlichen WCs. Aber auch an bekannten historischen Brunnen kann man seinen Durst stillen.<\/p>\n<p>Viele M\u00fcnchner Brunnen sind wahre Kunstwerke \u2013 man schaue nur auf den imposanten Wittelsbacherbrunnen am Lenbachplatz. Oft zeugen sie von Moden fr\u00fcherer Jahrhunderte und erz\u00e4hlen einiges an Stadtgeschichte. Aber auch die j\u00fcngere Vergangenheit hat ihre Brunnen-Stars, Stichwort: Stachus-Brunnen.<\/p>\n<p>Und dann gibt es noch die vielen, die ein bisserl weniger beachtet werden. Weil sie in einem toten Eck stehen zum Beispiel, an einem Ort, der zwar eigentlich zentral, aber nicht sehr frequentiert ist. Oder weil sie an einem Platz stehen, der irgendwie nicht so sehr zum Verweilen einl\u00e4dt. Viel Spa\u00df beim Entdecken!<\/p>\n<p>\u00dcbersehener Prachtbrunnen am Maximiliansplatz in der Maxvorstadt<\/p>\n<p>Am Altstadtring, in den Eschenanlagen am Maximiliansplatz, steht ein wahrlich wuchtiger Brunnen, nicht versteckt, aber auch nicht viel beachtet, au\u00dfer vielleicht von den Nachtschw\u00e4rmern der umliegenden Clubs.<\/p>\n<p>Der Nornenbrunnen stand einst mitten am <a href=\"https:\/\/www.abendzeitung-muenchen.de\/thema\/karlsplatz-stachus\/\" rel=\"nofollow noopener\" target=\"_blank\">Stachus<\/a>, nach heutiger Aufteilung, dort wo jetzt die Trambahn f\u00e4hrt. 1907 als der vom Bildhauer Hubert Netzer gestaltete Brunnen aufgestellt wurde, hatte Gabriel von Seidl das Stachusrondell gerade umgestaltet. Nach dem Krieg in den 60er Jahren wird der Stachus erneut umgebaut und bekommt sein heutiges Gesicht. Der Brunnen zieht um an den Maximiliansplatz, an den Standort, an dem seit 1911 wiederum der Merkurbrunnen stand, den man heute im Tal findet.<\/p>\n<p>      <img decoding=\"async\" loading=\"lazy\" src=\"https:\/\/www.europesays.com\/de\/wp-content\/uploads\/2026\/08\/1724788_muenchen-der-nornenbrunnen-am-maximiliansplatz-mit-3-germanischen-schicksal_artikelbild-100p.jpeg\" alt=\"Ein bisschen finster sehen sie schon aus, die Schicksalsfrauen, die rund um den Nornenbrunnen angeordnet sind.\" title=\"Ein bisschen finster sehen sie schon aus, die Schicksalsfrauen, die rund um den Nornenbrunnen angeordnet sind.\" width=\"812\" height=\"541\"\/><\/p>\n<p>      Ein bisschen finster sehen sie schon aus, die Schicksalsfrauen, die rund um den Nornenbrunnen angeordnet sind.<br \/>\n      \u00a9 IMAGO\/STL (www.imago-images.de)<\/p>\n<p>    Ein bisschen finster sehen sie schon aus, die Schicksalsfrauen, die rund um den Nornenbrunnen angeordnet sind.<\/p>\n<p>von IMAGO\/STL (www.imago-images.de) <\/p>\n<p>&#8222;}&#8220;&gt; <\/p>\n<p>Dargestellt sind die germanischen Nornen Urd (Vergangenheit), Verdandi (Gegenwart) und Skuld (Zukunft). Sie sind in der nordischen Mythologie schicksalsbestimmende weibliche Wesen. Die Figuren lehnen sich an ein gro\u00dfes Becken aus Muschelkalk, zwischen ihnen ergie\u00dft sich das Wasser in drei flache Becken am Boden. Bis zu 15 Steinmetze hatten einst an dem Brunnenbauwerk gearbeitet.\u00a0<\/p>\n<p>Gedenken an Bally in der Leopoldstra\u00dfe in Schwabing<\/p>\n<p>Man mag meinen, er steht ein bisschen zuf\u00e4llig einfach so mitten auf dem Gehweg an der <a href=\"https:\/\/www.abendzeitung-muenchen.de\/thema\/leopoldstrasse\/\" rel=\"nofollow noopener\" target=\"_blank\">Leopoldstra\u00dfe<\/a> herum, der Brunnen zur Erinnerung an die M\u00fcnchner Volkss\u00e4ngerin und Humoristin Bally Prell (1922-1982). Doch sein Standort ist keineswegs zuf\u00e4llig gew\u00e4hlt, sondern vielmehr genau vor ihrem Geburtshaus, Hausnummer 77 mit der wunderbaren Jugendstilfassade von Martin D\u00fclfer, in dem sie auch ihr Leben lang wohnte.<\/p>\n<p>      <img decoding=\"async\" loading=\"lazy\" src=\"https:\/\/www.europesays.com\/de\/wp-content\/uploads\/2026\/08\/1724782_munich-germany-august-22-2015-the-bally-prell-memorial-fountain-on-leopold_artikelbild-100pr.jpeg\" alt=\"Der Brunnen vor Bally Prells Geburtshaus.\" title=\"Der Brunnen vor Bally Prells Geburtshaus.\" width=\"812\" height=\"1218\"\/><\/p>\n<p>      Der Brunnen vor Bally Prells Geburtshaus.<br \/>\n      \u00a9 Copyright: xRukiMediax via imago (www.imago-images.de)<\/p>\n<p>    Der Brunnen vor Bally Prells Geburtshaus.<\/p>\n<p>von Copyright: xRukiMediax via imago (www.imago-images.de) <\/p>\n<p>&#8222;}&#8220;&gt; <\/p>\n<p>Schon als F\u00fcnfj\u00e4hrige begeisterte Bally Prell mit ihrer Singstimme das Publikum, damals noch im ber\u00fchmten Odeon. 1953 pr\u00e4sentierte sie zum ersten Mal im Platzl ihr vielleicht bekanntestes Lied \u201eDie Sch\u00f6nheitsk\u00f6nigin von Schneizlreuth\u201c. Im Stadtmuseum h\u00fctet man ihr dazu passendes ber\u00fchmtes B\u00fchnenkost\u00fcm. Viele kennen aber auch das Isarm\u00e4rchen, komponiert von ihrem Vater Ludwig Prell, der ebenfalls Volkss\u00e4nger war.<\/p>\n<p>Der Brunnen vor &#8222;ihrem&#8220; Haus gleich beim U-Bahn-Ausgang wurde von Wolfgang Sand entworfen und 1992 aufgestellt. Die Idee zu der etwas unkonventionellen Skulptur kam ihm schon 1989. Werner Braun setzte sie um. Zwei Bronzeplatten im Steinbecken informieren \u00fcber Bally Prell und ihr Leben.\u00a0<\/p>\n<p>M\u00e4rchenhaftes Sprudelbecken am Kosttor in der Altstadt<\/p>\n<p>Zwischen Maximilianstra\u00dfe und Platzl schlummert ein kleiner Platz, der im Trubel immer ein bisserl unbemerkt bleibt. Ebenso wie der h\u00fcbsche Brunnen in der Mitte. Auf einer hohen S\u00e4ule \u00fcber dem Brunnenbecken stehen Bronzefiguren von Rotk\u00e4ppchen und dem Wolf. Becken und S\u00e4ule mit Delfinen-Kapitell sind aus Treuchtlinger Jurakalk, der Stufen-Unterbau aus Granit. Am Sockel der S\u00e4ule speien vier bronzene Wolfsk\u00f6pfe Wasser.<\/p>\n<p>      <img decoding=\"async\" loading=\"lazy\" src=\"https:\/\/www.europesays.com\/de\/wp-content\/uploads\/2026\/08\/1724786_am-kosttor_artikelbild-100proz_1GtrSm_p224b1.jpg\" alt=\"Kleines idyllisches Platzerl: Am Kosttor sprudelt wie aus vielen M\u00fcnchner Brunnen bestes Trinkwasser.\" title=\"Kleines idyllisches Platzerl: Am Kosttor sprudelt wie aus vielen M\u00fcnchner Brunnen bestes Trinkwasser.\" width=\"812\" height=\"609\"\/><\/p>\n<p>      Kleines idyllisches Platzerl: Am Kosttor sprudelt wie aus vielen M\u00fcnchner Brunnen bestes Trinkwasser.<br \/>\n      \u00a9 Myriam Siegert<\/p>\n<p>    Kleines idyllisches Platzerl: Am Kosttor sprudelt wie aus vielen M\u00fcnchner Brunnen bestes Trinkwasser.<\/p>\n<p>von Myriam Siegert <\/p>\n<p>&#8222;}&#8220;&gt; <\/p>\n<p>Auf der Becken-Innenseite finden sich noch Stangen, auf denen man einst Kannen und Gef\u00e4\u00dfe zum Bef\u00fcllen abstellen konnte. Rotk\u00e4ppchenbrunnen nennen ihn viele, offiziell hei\u00dft er aber Wolfbrunnen und weist damit auch auf seine Stifter hin, das Gro\u00dfh\u00e4ndler-Ehepaar Adolf und Apollonia Wolf. Sie beauftragten die Bildhauer Heinrich D\u00fcll und Georg Pezold mit der Gestaltung des Brunnens, der 1904 auf dem kleinen Platz aufgestellt wurde. Bis dahin hatte an der Stelle eine Litfa\u00dfs\u00e4ule gestanden.\u00a0<\/p>\n<p>Stadtgeschichte pur am Sendlinger Berg<\/p>\n<p>Manchen ist es eine der sch\u00f6nsten Anlagen in Sendling: das Schmied-von-Kochel-Denkmal mit Brunnen am Sendlinger Berg. Es zeigt Baltes, den Schmied von Kochel, in Heldenpose mit einem Lederschurz bekleidet und mit einer gro\u00dfen Fahne und einem Morgenstern ausger\u00fcstet, und erinnert an die Sendlinger Bauernschlacht 1705. Details dazu sind auf gleich mehreren Gedenktafeln nachzulesen.<\/p>\n<p>      <img decoding=\"async\" loading=\"lazy\" src=\"https:\/\/www.europesays.com\/de\/wp-content\/uploads\/2026\/08\/1724785_schmied-von-kochel-denkmal_artikelbild-100proz_1GtrRb_qxT6Zb.jpg\" alt=\"In heroischer Pose steht der Schmied von Kochel am Sendlinger Berg.\" title=\"In heroischer Pose steht der Schmied von Kochel am Sendlinger Berg.\" width=\"812\" height=\"612\"\/><\/p>\n<p>      In heroischer Pose steht der Schmied von Kochel am Sendlinger Berg.<br \/>\n      \u00a9 Lukas Plaschke<\/p>\n<p>    In heroischer Pose steht der Schmied von Kochel am Sendlinger Berg.<\/p>\n<p>von Lukas Plaschke <\/p>\n<p>&#8222;}&#8220;&gt; <\/p>\n<p>Architekt Carl Sattler und Bildhauer Karl Ebbinghaus entwarfen das Denkmal, das ab 1906 erbaut wurde und sich in den Hang und an den Stra\u00dfenverlauf schmiegt. Im August 1911 wurde es unter gro\u00dfem Beifall der B\u00fcrger und Stifter der Stadtgemeinde Sendling er\u00f6ffnet.\u00a0<\/p>\n<p>F\u00fcr den Wohlt\u00e4ter am Sch\u00fcleinplatz in Berg am Laim<\/p>\n<p>Er ist einer der gro\u00dfen M\u00fcnchner Namen: Joseph Sch\u00fclein war in M\u00fcnchen wohlbekannt als Brauereibesitzer, aber auch als Wohlt\u00e4ter. 1895 gr\u00fcndete er mit seinem Bruder Julius die Unionsbrauerei in Haidhausen. 1905 \u00fcbernahmen die Br\u00fcder zudem die M\u00fcnchner-Kindl-Brauerei, 1921 fusionierte man mit <a href=\"https:\/\/www.abendzeitung-muenchen.de\/organisation\/loewenbraeu\/\" rel=\"nofollow noopener\" target=\"_blank\">L\u00f6wenbr\u00e4u<\/a>.<\/p>\n<p>      <img decoding=\"async\" loading=\"lazy\" src=\"https:\/\/www.europesays.com\/de\/wp-content\/uploads\/2026\/08\/1724798_schueleinplatz_artikelbild-100proz_1GtrVZ_a5bFC4.jpg\" alt=\"Rund um den Sch\u00fcleinbrunnen wurden neue B\u00e4nke aufgestellt. In der kleinen Gr\u00fcnanlage gibts auch einen Spielplatz.\" title=\"Rund um den Sch\u00fcleinbrunnen wurden neue B\u00e4nke aufgestellt. In der kleinen Gr\u00fcnanlage gibts auch einen Spielplatz.\" width=\"812\" height=\"609\"\/><\/p>\n<p>      Rund um den Sch\u00fcleinbrunnen wurden neue B\u00e4nke aufgestellt. In der kleinen Gr\u00fcnanlage gibts auch einen Spielplatz.<br \/>\n      \u00a9 Myriam Siegert<\/p>\n<p>    Rund um den Sch\u00fcleinbrunnen wurden neue B\u00e4nke aufgestellt. In der kleinen Gr\u00fcnanlage gibts auch einen Spielplatz.<\/p>\n<p>von Myriam Siegert <\/p>\n<p>&#8222;}&#8220;&gt; <\/p>\n<p>Doch Sch\u00fclein war auch vielfach sozial engagiert: In Berg am Laim am heutigen Sch\u00fcleinplatz erm\u00f6glichte er etwa den Bau einer Siedlung mit Sozialwohnungen. Dort steht seit 1928 auch der Brunnen, den Sch\u00fclein stiftete in einer Gr\u00fcnanlage. Auf dem Brunnenstock \u00fcber einem Becken auf S\u00e4ulen steht die Figur eines M\u00e4lzerbuben, die der Bildhauer Julius Seidler gestaltete.<\/p>\n","protected":false},"excerpt":{"rendered":"Es rauscht und pl\u00e4tschert, Tropfen fliegen durch die Luft, glitzern im Sonnenlicht. Manchmal kann man die F\u00fc\u00dfe hineinstellen&hellip;\n","protected":false},"author":2,"featured_media":1225900,"comment_status":"","ping_status":"","sticky":false,"template":"","format":"standard","meta":{"footnotes":"","_share_on_mastodon":"0"},"categories":[1827],"tags":[254609,254607,772,6535,254604,29,103382,30,6778,1268,254603,6050,3968,2462,93563,254606,254605,254608],"class_list":["post-1225899","post","type-post","status-publish","format-standard","has-post-thumbnail","category-muenchen","tag-altstadt-muenchen","tag-ausflugsziele-muenchen","tag-bayern","tag-berg-am-laim","tag-brunnen-muenchen","tag-deutschland","tag-geheimtipps-muenchen","tag-germany","tag-maxvorstadt","tag-muenchen","tag-muenchner-brunnen","tag-schwabing","tag-sehenswuerdigkeiten-muenchen","tag-sendling","tag-sommer-in-muenchen","tag-spaziergang-muenchen","tag-stadtgeschichte-muenchen","tag-trinkwasserbrunnen-muenchen"],"share_on_mastodon":{"url":"https:\/\/pubeurope.com\/@de\/117064893244805575","error":""},"_links":{"self":[{"href":"https:\/\/www.europesays.com\/de\/wp-json\/wp\/v2\/posts\/1225899","targetHints":{"allow":["GET"]}}],"collection":[{"href":"https:\/\/www.europesays.com\/de\/wp-json\/wp\/v2\/posts"}],"about":[{"href":"https:\/\/www.europesays.com\/de\/wp-json\/wp\/v2\/types\/post"}],"author":[{"embeddable":true,"href":"https:\/\/www.europesays.com\/de\/wp-json\/wp\/v2\/users\/2"}],"replies":[{"embeddable":true,"href":"https:\/\/www.europesays.com\/de\/wp-json\/wp\/v2\/comments?post=1225899"}],"version-history":[{"count":0,"href":"https:\/\/www.europesays.com\/de\/wp-json\/wp\/v2\/posts\/1225899\/revisions"}],"wp:featuredmedia":[{"embeddable":true,"href":"https:\/\/www.europesays.com\/de\/wp-json\/wp\/v2\/media\/1225900"}],"wp:attachment":[{"href":"https:\/\/www.europesays.com\/de\/wp-json\/wp\/v2\/media?parent=1225899"}],"wp:term":[{"taxonomy":"category","embeddable":true,"href":"https:\/\/www.europesays.com\/de\/wp-json\/wp\/v2\/categories?post=1225899"},{"taxonomy":"post_tag","embeddable":true,"href":"https:\/\/www.europesays.com\/de\/wp-json\/wp\/v2\/tags?post=1225899"}],"curies":[{"name":"wp","href":"https:\/\/api.w.org\/{rel}","templated":true}]}}