{"id":1226093,"date":"2026-08-09T11:37:11","date_gmt":"2026-08-09T11:37:11","guid":{"rendered":"https:\/\/www.europesays.com\/de\/1226093\/"},"modified":"2026-08-09T11:37:11","modified_gmt":"2026-08-09T11:37:11","slug":"33-jaehriger-autofahrer-geraet-in-gegenverkehr-und-stirbt","status":"publish","type":"post","link":"https:\/\/www.europesays.com\/de\/1226093\/","title":{"rendered":"33-j\u00e4hriger Autofahrer ger\u00e4t in Gegenverkehr und stirbt"},"content":{"rendered":"<p>Nach einem Frontalzusammensto\u00df mit einem Lastwagen stirbt ein Autofahrer im Landkreis Wolfenb\u00fcttel. Warum geriet der 33-J\u00e4hrige in einer Rechtskurve in den Gegenverkehr? <\/p>\n<p>Ein 33-j\u00e4hriger Autofahrer ist bei einem Unfall im Landkreis Wolfenb\u00fcttel ums Leben gekommen. Der Mann sei in einer leichten Rechtskurve in den Gegenverkehr geraten und dort frontal mit dem Lastwagen eines 58-j\u00e4hrigen Fahrers zusammengesto\u00dfen. Der 33-J\u00e4hrige starb noch an der Unfallstelle. Mit leichten Verletzungen wurde der Lkw-Fahrer in ein Krankenhaus gebracht. Ein Gutachter soll bei der Aufkl\u00e4rung des Unfalls vom Samstag auf der L 627 von Sch\u00f6ppenstedt in Richtung Bansleben helfen. <\/p>\n","protected":false},"excerpt":{"rendered":"Nach einem Frontalzusammensto\u00df mit einem Lastwagen stirbt ein Autofahrer im Landkreis Wolfenb\u00fcttel. Warum geriet der 33-J\u00e4hrige in einer&hellip;\n","protected":false},"author":2,"featured_media":1226094,"comment_status":"","ping_status":"","sticky":false,"template":"","format":"standard","meta":{"footnotes":"","_share_on_mastodon":"0"},"categories":[1850],"tags":[6429,3364,29,548,663,3934,30,13,14,15,1411,12,15617,601],"class_list":["post-1226093","post","type-post","status-publish","format-standard","has-post-thumbnail","category-braunschweig","tag-braunschweig","tag-de","tag-deutschland","tag-eu","tag-europa","tag-europe","tag-germany","tag-headlines","tag-nachrichten","tag-news","tag-niedersachsen","tag-schlagzeilen","tag-unflle","tag-verkehr"],"share_on_mastodon":{"url":"https:\/\/pubeurope.com\/@de\/117065354205716742","error":""},"_links":{"self":[{"href":"https:\/\/www.europesays.com\/de\/wp-json\/wp\/v2\/posts\/1226093","targetHints":{"allow":["GET"]}}],"collection":[{"href":"https:\/\/www.europesays.com\/de\/wp-json\/wp\/v2\/posts"}],"about":[{"href":"https:\/\/www.europesays.com\/de\/wp-json\/wp\/v2\/types\/post"}],"author":[{"embeddable":true,"href":"https:\/\/www.europesays.com\/de\/wp-json\/wp\/v2\/users\/2"}],"replies":[{"embeddable":true,"href":"https:\/\/www.europesays.com\/de\/wp-json\/wp\/v2\/comments?post=1226093"}],"version-history":[{"count":0,"href":"https:\/\/www.europesays.com\/de\/wp-json\/wp\/v2\/posts\/1226093\/revisions"}],"wp:featuredmedia":[{"embeddable":true,"href":"https:\/\/www.europesays.com\/de\/wp-json\/wp\/v2\/media\/1226094"}],"wp:attachment":[{"href":"https:\/\/www.europesays.com\/de\/wp-json\/wp\/v2\/media?parent=1226093"}],"wp:term":[{"taxonomy":"category","embeddable":true,"href":"https:\/\/www.europesays.com\/de\/wp-json\/wp\/v2\/categories?post=1226093"},{"taxonomy":"post_tag","embeddable":true,"href":"https:\/\/www.europesays.com\/de\/wp-json\/wp\/v2\/tags?post=1226093"}],"curies":[{"name":"wp","href":"https:\/\/api.w.org\/{rel}","templated":true}]}}