{"id":1226203,"date":"2026-08-09T12:47:17","date_gmt":"2026-08-09T12:47:17","guid":{"rendered":"https:\/\/www.europesays.com\/de\/1226203\/"},"modified":"2026-08-09T12:47:17","modified_gmt":"2026-08-09T12:47:17","slug":"frei-koerper-radeln-durch-berlin-n-tv-de","status":"publish","type":"post","link":"https:\/\/www.europesays.com\/de\/1226203\/","title":{"rendered":"Frei-K\u00f6rper-Radeln durch Berlin &#8211; n-tv.de"},"content":{"rendered":"<p>Es ist eine DemoNackt-Radler durchkreuzen Berlin<\/p>\n<p>09.08.2026, 14:34 Uhr <\/p>\n<p>Artikel anh\u00f6ren(02:10 min)<\/p>\n<p><img decoding=\"async\" class=\"Image_img__fQCi0 Image_Img_16_9__4BLfH widget-picture-inline_maximizable__t_E7h\" loading=\"eager\" fetchpriority=\"high\" src=\"https:\/\/www.europesays.com\/de\/wp-content\/uploads\/2026\/08\/Teilnehmer-der-Fahrrad-Demo-World-Naked-Bike-Ride-WNBR-Berlin-2026-fahren-nackt-mit-Fahrraedern-durc.webp\" alt=\"Teilnehmer-der-Fahrrad-Demo-World-Naked-Bike-Ride-WNBR-Berlin-2026-fahren-nackt-mit-Fahrraedern-durch-Berlin-Die-Teilnehmer-demonstrieren-mit-der-Aktion-fuer-Koerperfreiheit-gegenseitigen-Respekt-und-ein-positives-Miteinander\"\/>Die Nacktradel-Demo f\u00e4hrt vom Mauerpark \u00fcber das Regierungsviertel bis nach Sch\u00f6nefeld. (Foto: picture alliance\/dpa)TeilenFolgen auf:<a href=\"https:\/\/www.whatsapp.com\/channel\/0029Va5cdVJD8SDp5YZgYF01\" title=\"Auf WhatsApp folgen\" target=\"_blank\" rel=\"nofollow noopener\"><img decoding=\"async\" src=\"https:\/\/www.n-tv.de\/socialIcons\/whatsapp.svg\" alt=\"whatsapp\" class=\"ArticleShare_icon__FsrC2\"\/><\/a><a href=\"https:\/\/www.google.com\/preferences\/source?q=n-tv.de\" title=\"ntv als bevorzugte Quelle auf Google hinzuf\u00fcgen\" target=\"_blank\" rel=\"nofollow noopener\"><img decoding=\"async\" src=\"https:\/\/www.n-tv.de\/socialIcons\/google.svg\" alt=\"whatsapp\" class=\"ArticleShare_icon__FsrC2\"\/><\/a><\/p>\n<p class=\"Typography_text-m__XI0da Typography_weight-bold__uT6mq storyline_lead_text_leadtext__q_wg8\">F\u00fcr Toleranz und Selbstakzeptanz demonstrieren hunderte Menschen in Berlin &#8211; nackt und auf zwei R\u00e4dern. Der erste &#8222;World Naked Bike Ride&#8220; m\u00f6chte ein Zeichen f\u00fcr die FKK Kultur setzen und w\u00e4hlt dabei einen selbst f\u00fcr die Hauptstadt einzigartigen Ansatz.<\/p>\n<p class=\"Typography_text-default__P3otY Typography_weight-normal__pqUbH storyline_paragraph_p__qSR5N\">Mehr als ein Dutzend Demonstrationen gibt es in Berlin t\u00e4glich &#8211; doch diese ist auch f\u00fcr die Hauptstadt etwas Besonderes: Zum ersten Mal startete der &#8222;World Naked Bike Ride&#8220;. Hunderte Menschen radelten bei strahlendem Sonnenschein und etwa 30 Grad unbekleidet durch die Stra\u00dfen Berlins. Die Polizei sprach von rund 500 Teilnehmerinnen und Teilnehmern.<\/p>\n<p class=\"Typography_text-default__P3otY Typography_weight-normal__pqUbH storyline_paragraph_p__qSR5N\">Gestartet wurde im Mauerpark, dann ging es zum Regierungsviertel. Die mehr als 30 Kilometer lange Route sollte entlang des Berliner Mauerwegs bis nach Sch\u00f6nefeld f\u00fchren. Den Teilnehmern der Nacktradel-Demo ist es laut Organisatoren selbst \u00fcberlassen, ob sie ganz nackt oder so &#8222;be- oder entkleidet teilnehmen, wie sie sich selbst am wohlsten f\u00fchlen&#8220;.<\/p>\n<p>&#8222;Nackt sind wir alle gleich&#8220; <\/p>\n<p class=\"Typography_text-default__P3otY Typography_weight-normal__pqUbH storyline_paragraph_p__qSR5N\">Die Veranstalter wollen das alte Motto der Freik\u00f6rperkultur (FKK) &#8222;Nackt sind wir alle gleich&#8220; etwas abwandeln, wie es auf der Internetseite hei\u00dft: Es gehe um Vielf\u00e4ltigkeit der menschlichen K\u00f6rper anstatt Konformit\u00e4t. Es solle ein Zeichen gesetzt werden f\u00fcr &#8222;Toleranz und Selbstakzeptanz, Naturverbundenheit und Schutz der Umwelt sowie f\u00fcr Inklusion und Vielf\u00e4ltigkeit&#8220;.<\/p>\n<p class=\"Typography_text-default__P3otY Typography_weight-normal__pqUbH storyline_paragraph_p__qSR5N\">&#8222;Einer der Grundgedanken beim Naturismus ist es, sich nackt zu begegnen, weil man sich ohne Masken und ohne Statussymbolen entsprechend begegnet&#8220;, so einer der Organisatoren im Vorfeld der Demo. Diese wollten die Veranstalter aber auch nutzen, um f\u00fcr ihre Bewegung zu werben. Denn Vereine und Zusammenschl\u00fcsse in Deutschland verzeichnen nach den Angaben einen Mitgliederr\u00fcckgang.<\/p>\n<p class=\"Typography_text-s__wu_cm Typography_weight-normal__pqUbH Typography_color-darkgrey__sZEnP article-detail-footer_source__KslPc\">Quelle: ntv.de, kaz\/dpa<\/p>\n","protected":false},"excerpt":{"rendered":"Es ist eine DemoNackt-Radler durchkreuzen Berlin 09.08.2026, 14:34 Uhr Artikel anh\u00f6ren(02:10 min) Die Nacktradel-Demo f\u00e4hrt vom Mauerpark \u00fcber&hellip;\n","protected":false},"author":2,"featured_media":1226204,"comment_status":"","ping_status":"","sticky":false,"template":"","format":"standard","meta":{"footnotes":"","_share_on_mastodon":"0"},"categories":[1825],"tags":[296,710,29,37885,30,984,28237],"class_list":["post-1226203","post","type-post","status-publish","format-standard","has-post-thumbnail","category-berlin","tag-berlin","tag-demonstrationen","tag-deutschland","tag-fkk","tag-germany","tag-international","tag-vielfalt-und-inklusion"],"share_on_mastodon":{"url":"https:\/\/pubeurope.com\/@de\/117065632244227238","error":""},"_links":{"self":[{"href":"https:\/\/www.europesays.com\/de\/wp-json\/wp\/v2\/posts\/1226203","targetHints":{"allow":["GET"]}}],"collection":[{"href":"https:\/\/www.europesays.com\/de\/wp-json\/wp\/v2\/posts"}],"about":[{"href":"https:\/\/www.europesays.com\/de\/wp-json\/wp\/v2\/types\/post"}],"author":[{"embeddable":true,"href":"https:\/\/www.europesays.com\/de\/wp-json\/wp\/v2\/users\/2"}],"replies":[{"embeddable":true,"href":"https:\/\/www.europesays.com\/de\/wp-json\/wp\/v2\/comments?post=1226203"}],"version-history":[{"count":0,"href":"https:\/\/www.europesays.com\/de\/wp-json\/wp\/v2\/posts\/1226203\/revisions"}],"wp:featuredmedia":[{"embeddable":true,"href":"https:\/\/www.europesays.com\/de\/wp-json\/wp\/v2\/media\/1226204"}],"wp:attachment":[{"href":"https:\/\/www.europesays.com\/de\/wp-json\/wp\/v2\/media?parent=1226203"}],"wp:term":[{"taxonomy":"category","embeddable":true,"href":"https:\/\/www.europesays.com\/de\/wp-json\/wp\/v2\/categories?post=1226203"},{"taxonomy":"post_tag","embeddable":true,"href":"https:\/\/www.europesays.com\/de\/wp-json\/wp\/v2\/tags?post=1226203"}],"curies":[{"name":"wp","href":"https:\/\/api.w.org\/{rel}","templated":true}]}}