{"id":122621,"date":"2025-05-19T10:36:12","date_gmt":"2025-05-19T10:36:12","guid":{"rendered":"https:\/\/www.europesays.com\/de\/122621\/"},"modified":"2025-05-19T10:36:12","modified_gmt":"2025-05-19T10:36:12","slug":"terminhinweis-21-may-2025-dr-christian-scharpf-muenchen-de","status":"publish","type":"post","link":"https:\/\/www.europesays.com\/de\/122621\/","title":{"rendered":"Terminhinweis: 21. May 2025, Dr. Christian Scharpf &#8211; muenchen.de"},"content":{"rendered":"<li class=\"item\">\n                <a href=\"https:\/\/ru.muenchen.de\/2025\/94\/Marienplatz-22-118371\/ics\" class=\"ics-link\" title=\"Termin im ICS-Format herunterladen\" rel=\"nofollow noopener\" target=\"_blank\"><br \/>\n                    <img loading=\"lazy\" decoding=\"async\" src=\"https:\/\/www.europesays.com\/de\/wp-content\/uploads\/2025\/04\/termin-speichern.png\" alt=\"ICS\" width=\"32\" height=\"32\"\/><br \/>\n                <\/a><\/p>\n<p>\n                        Mittwoch, 21. Mai 2025, 10.30 Uhr\n                    <\/p>\n<p>                        PresseClub M\u00fcnchen, Marienplatz 22\/IV (Eingang Rindermarkt)<\/p>\n<\/li>\n<p>Um die Spitzenposition M\u00fcnchens als f\u00fchrender Start-up-Standort Deutschlands weiter auszubauen, haben die Munich Innovation Ecosystem GmbH, die Landeshauptstadt M\u00fcnchen, die IHK f\u00fcr M\u00fcnchen und Oberbayern und die Start2 Group gemeinsam mit weiteren Partnern aus Wirtschaft, Wissenschaft und \u00f6ffentlicher Hand die Innovationsagenda 2030 f\u00fcr M\u00fcnchen auf den Weg gebracht.<br \/>Im Rahmen eines Pressegespr\u00e4chs stellen Dr. Christian Scharpf, Referent f\u00fcr Arbeit und Wirtschaft, Dr. Manfred G\u00f6\u00dfl, Hauptgesch\u00e4ftsf\u00fchrer der IHK f\u00fcr M\u00fcnchen und Oberbayern, Professor Matthias Notz, Gesch\u00e4ftsf\u00fchrer Start2 Group, Gesellschafter Munich Innovation Ecosystem GmbH, und Frizzi Engler-Hamm, Gesch\u00e4ftsf\u00fchrerin Munich Innovation Ecosystem GmbH, Einzelheiten zur Innovationsagenda 2030 vor. Moderiert wird das Pressegespr\u00e4ch durch Tina H\u00f6finghoff, Senior Advisor Munich Innovation Ecosystem GmbH.<br \/><strong>Achtung Redaktionen:<\/strong> Um Anmeldung bis 20. Mai wird gebeten per E-Mail an <a href=\"https:\/\/ru.muenchen.de\/2025\/94\/mailto:presse.raw@muenchen.de\" rel=\"nofollow noopener\" target=\"_blank\">presse.raw@muenchen.de<\/a>. Eine ausf\u00fchrliche Presseeinladung ist abrufbar unter <a href=\"https:\/\/go.muenchen.de\/innovationsagenda2030\" rel=\"nofollow noopener\" target=\"_blank\">https:\/\/go.muenchen.de\/innovationsagenda2030<\/a>.<\/p>\n","protected":false},"excerpt":{"rendered":"Mittwoch, 21. Mai 2025, 10.30 Uhr PresseClub M\u00fcnchen, Marienplatz 22\/IV (Eingang Rindermarkt) Um die Spitzenposition M\u00fcnchens als f\u00fchrender&hellip;\n","protected":false},"author":2,"featured_media":3684,"comment_status":"","ping_status":"","sticky":false,"template":"","format":"standard","meta":{"footnotes":""},"categories":[1827],"tags":[772,29,30,3467,3469,1268,3468],"class_list":{"0":"post-122621","1":"post","2":"type-post","3":"status-publish","4":"format-standard","5":"has-post-thumbnail","7":"category-muenchen","8":"tag-bayern","9":"tag-deutschland","10":"tag-germany","11":"tag-landeshauptstadt","12":"tag-muenchen-de","13":"tag-muenchen","14":"tag-stadtportal"},"share_on_mastodon":{"url":"https:\/\/pubeurope.com\/@de\/114534061372255425","error":""},"_links":{"self":[{"href":"https:\/\/www.europesays.com\/de\/wp-json\/wp\/v2\/posts\/122621","targetHints":{"allow":["GET"]}}],"collection":[{"href":"https:\/\/www.europesays.com\/de\/wp-json\/wp\/v2\/posts"}],"about":[{"href":"https:\/\/www.europesays.com\/de\/wp-json\/wp\/v2\/types\/post"}],"author":[{"embeddable":true,"href":"https:\/\/www.europesays.com\/de\/wp-json\/wp\/v2\/users\/2"}],"replies":[{"embeddable":true,"href":"https:\/\/www.europesays.com\/de\/wp-json\/wp\/v2\/comments?post=122621"}],"version-history":[{"count":0,"href":"https:\/\/www.europesays.com\/de\/wp-json\/wp\/v2\/posts\/122621\/revisions"}],"wp:featuredmedia":[{"embeddable":true,"href":"https:\/\/www.europesays.com\/de\/wp-json\/wp\/v2\/media\/3684"}],"wp:attachment":[{"href":"https:\/\/www.europesays.com\/de\/wp-json\/wp\/v2\/media?parent=122621"}],"wp:term":[{"taxonomy":"category","embeddable":true,"href":"https:\/\/www.europesays.com\/de\/wp-json\/wp\/v2\/categories?post=122621"},{"taxonomy":"post_tag","embeddable":true,"href":"https:\/\/www.europesays.com\/de\/wp-json\/wp\/v2\/tags?post=122621"}],"curies":[{"name":"wp","href":"https:\/\/api.w.org\/{rel}","templated":true}]}}