{"id":1226230,"date":"2026-08-09T13:02:19","date_gmt":"2026-08-09T13:02:19","guid":{"rendered":"https:\/\/www.europesays.com\/de\/1226230\/"},"modified":"2026-08-09T13:02:19","modified_gmt":"2026-08-09T13:02:19","slug":"hamburgs-buergermeister-tschentscher-kritisiert-schwarz-rote-steuerpolitik","status":"publish","type":"post","link":"https:\/\/www.europesays.com\/de\/1226230\/","title":{"rendered":"Hamburgs B\u00fcrgermeister Tschentscher kritisiert schwarz-rote Steuerpolitik"},"content":{"rendered":"<p>            <img loading=\"lazy\" decoding=\"async\" class=\"ts-image\" src=\"https:\/\/www.europesays.com\/de\/wp-content\/uploads\/2026\/08\/tschentscher-212.jpg\" alt=\"Peter Tschentscher \" title=\"Peter Tschentscher  | Georg Wendt\/dpa\"\/><\/p>\n<p class=\"metatextline\">Stand: 09.08.2026 \u2022 13:11 Uhr<\/p>\n<p class=\"article-head__shorttext\">\n        <strong>Hamburgs B\u00fcrgermeister Tschentscher hat den Kurs der Bundesregierung scharf kritisiert. Er prangert &#8222;Steuergeschenke aus der Gie\u00dfkanne&#8220; an, die Deutschland in die Enge trieben &#8211; und fordert eine Digitalsteuer f\u00fcr gro\u00dfe Tech-Konzerne.<\/strong>\n    <\/p>\n<p class=\"textabsatz m-ten m-offset-one l-eight l-offset-two columns twelve\">Hamburgs Erster B\u00fcrgermeister Peter Tschentscher fordert ein Umdenken in der Steuerpolitik der Bundesregierung. Statt auf &#8222;Steuergeschenke aus der Gie\u00dfkanne&#8220; und immer h\u00f6here Schulden zu setzen, m\u00fcssten Entlastungen dort geschaffen werden, wo sie auch tats\u00e4chlich gebraucht werden, sagte der SPD-Politiker der Nachrichtenagentur dpa.<\/p>\n<p class=\"textabsatz m-ten m-offset-one l-eight l-offset-two columns twelve\">Unter anderem sprach er sich gegen die Senkung der K\u00f6rperschaftsteuer aus, die etwa Unternehmen oder auch Vereine zahlen, und forderte die Einf\u00fchrung einer Digitalsteuer f\u00fcr gro\u00dfe Tech-Konzerne. Mit ihren digitalen Gesch\u00e4ftsmodellen erzielten diese auch in Deutschland enorme Gewinne, zahlten hier aber kaum Steuern.<\/p>\n<p class=\"textabsatz m-ten m-offset-one l-eight l-offset-two columns twelve\">&#8222;Andere europ\u00e4ische L\u00e4nder haben schon vor Jahren eine Digitalsteuer eingef\u00fchrt&#8220;, sagte Tschentscher. &#8222;In Frankreich, \u00d6sterreich und Italien werden Ums\u00e4tze der gro\u00dfen Tech-Konzerne, insbesondere aus der Online-Werbung, besteuert.&#8220;<\/p>\n<p>    &#8222;Kommunale Haushalte stehen vor dem Kollaps&#8220;<\/p>\n<p class=\"textabsatz m-ten m-offset-one l-eight l-offset-two columns twelve\">Die geplante stufenweise Senkung der K\u00f6rperschaftsteuer von jetzt 15 auf 10 Prozent im Jahr 2032 werde Bund, L\u00e4nder und Kommunen hart treffen, warnte der B\u00fcrgermeister. &#8222;Die kommunalen Haushalte stehen vor dem Kollaps. Und zwar nicht nur im Osten oder im Westen, sondern von Flensburg bis an den Bodensee.&#8220; Das m\u00fcsse der Bundesregierung zu denken geben.<\/p>\n<p class=\"textabsatz m-ten m-offset-one l-eight l-offset-two columns twelve\">&#8222;Sie hat einen steuerpolitischen Kurs eingeschlagen, der Deutschland in die Sackgasse bringt&#8220;, sagte Tschentscher. Denn zugleich enge Schwarz-Rot die eigenen Gestaltungsm\u00f6glichkeiten immer weiter ein. Breitfl\u00e4chige Steuersenkungen wie Strompreissenkungen f\u00fcr die Industrie und Projekte der Energiewende w\u00fcrden der Bundesregierung die Kraft nehmen, dringend notwendige Ma\u00dfnahmen zu finanzieren.<\/p>\n<p class=\"textabsatz m-ten m-offset-one l-eight l-offset-two columns twelve\">In einer Welt, &#8222;in der Trump, Putin und Chinesen aufeinander losgehen&#8220;, k\u00f6nne man nicht mehr auf stabile Zeiten hoffen, sagte der SPD-Politiker weiter. Das bedeute, dass man die disruptiven Ver\u00e4nderungen, die auch die Wirtschaft belasten, immer mitdenken m\u00fcsse &#8211; auch bei den Erwartungen an ein Anspringen der Konjunktur. &#8222;Das neoliberal-konservative Motto &#8218;man muss nur die Steuern senken, dann geht es ab wie Schmidts Katze&#8216; ist noch nie aufgegangen.&#8220;<\/p>\n<p>    Tschentscher: K\u00f6rperschaftsteuer in GKV lenken<\/p>\n<p class=\"textabsatz m-ten m-offset-one l-eight l-offset-two columns twelve\">Um die Situation zu verbessern, &#8222;m\u00fcssen die Ressourcenfragen besser sortiert werden&#8220;, forderte Tschentscher, der vor \u00dcbernahme des B\u00fcrgermeisteramtes 2018 sieben Jahre lang Hamburgs Finanzsenator war.<\/p>\n<p class=\"textabsatz m-ten m-offset-one l-eight l-offset-two columns twelve\">Er schl\u00e4gt vor, die K\u00f6rperschaftsteuer &#8211; statt sie j\u00e4hrlich um einen Prozentpunkt zu senken &#8211; in diesem Umfang als Zuschuss in die gesetzliche Krankenversicherung (GKV) lenken und damit die versicherungsfremden Leistungen ausgleichen. Das w\u00fcrde Tschentscher zufolge die Kassenbeitr\u00e4ge senken und auch Unternehmen mit hohen Lohnkosten entlasten.<\/p>\n<p class=\"textabsatz m-ten m-offset-one l-eight l-offset-two columns twelve\">Die Bundesregierung habe f\u00fcr 2027 einen Haushalt &#8222;mit unglaublich hohen Schulden&#8220; aufgestellt, die zu enormen Zinsbelastungen f\u00fchrten. Eine Perspektive f\u00fcr die Schuldentilgung fehle bisher jedoch v\u00f6llig, kritisierte Tschentscher.<\/p>\n","protected":false},"excerpt":{"rendered":"Stand: 09.08.2026 \u2022 13:11 Uhr Hamburgs B\u00fcrgermeister Tschentscher hat den Kurs der Bundesregierung scharf kritisiert. Er prangert &#8222;Steuergeschenke&hellip;\n","protected":false},"author":2,"featured_media":1226231,"comment_status":"","ping_status":"","sticky":false,"template":"","format":"standard","meta":{"footnotes":"","_share_on_mastodon":"0"},"categories":[5],"tags":[1173,692,13,14,15,12,14188,16154,10,8,9,11,7252],"class_list":["post-1226230","post","type-post","status-publish","format-standard","has-post-thumbnail","category-nachrichten","tag-bundesregierung","tag-hamburg","tag-headlines","tag-nachrichten","tag-news","tag-schlagzeilen","tag-schwarz-rot","tag-steuerpolitik","tag-top-news","tag-top-meldungen","tag-topmeldungen","tag-topnews","tag-tschentscher"],"share_on_mastodon":{"url":"https:\/\/pubeurope.com\/@de\/117065690488306833","error":""},"_links":{"self":[{"href":"https:\/\/www.europesays.com\/de\/wp-json\/wp\/v2\/posts\/1226230","targetHints":{"allow":["GET"]}}],"collection":[{"href":"https:\/\/www.europesays.com\/de\/wp-json\/wp\/v2\/posts"}],"about":[{"href":"https:\/\/www.europesays.com\/de\/wp-json\/wp\/v2\/types\/post"}],"author":[{"embeddable":true,"href":"https:\/\/www.europesays.com\/de\/wp-json\/wp\/v2\/users\/2"}],"replies":[{"embeddable":true,"href":"https:\/\/www.europesays.com\/de\/wp-json\/wp\/v2\/comments?post=1226230"}],"version-history":[{"count":0,"href":"https:\/\/www.europesays.com\/de\/wp-json\/wp\/v2\/posts\/1226230\/revisions"}],"wp:featuredmedia":[{"embeddable":true,"href":"https:\/\/www.europesays.com\/de\/wp-json\/wp\/v2\/media\/1226231"}],"wp:attachment":[{"href":"https:\/\/www.europesays.com\/de\/wp-json\/wp\/v2\/media?parent=1226230"}],"wp:term":[{"taxonomy":"category","embeddable":true,"href":"https:\/\/www.europesays.com\/de\/wp-json\/wp\/v2\/categories?post=1226230"},{"taxonomy":"post_tag","embeddable":true,"href":"https:\/\/www.europesays.com\/de\/wp-json\/wp\/v2\/tags?post=1226230"}],"curies":[{"name":"wp","href":"https:\/\/api.w.org\/{rel}","templated":true}]}}