{"id":1226296,"date":"2026-08-09T13:43:41","date_gmt":"2026-08-09T13:43:41","guid":{"rendered":"https:\/\/www.europesays.com\/de\/1226296\/"},"modified":"2026-08-09T13:43:41","modified_gmt":"2026-08-09T13:43:41","slug":"2-bundesliga-nuernberg-schlaegt-dresden-klar-st-pauli-schwaechelt","status":"publish","type":"post","link":"https:\/\/www.europesays.com\/de\/1226296\/","title":{"rendered":"2. Bundesliga: N\u00fcrnberg schl\u00e4gt Dresden klar \u2013 St. Pauli schw\u00e4chelt"},"content":{"rendered":"<p>Erster Zweitliga-Spieltag <\/p>\n<p>Klose-Elf wie im Rausch \u2013 R\u00fcckschlag f\u00fcr Absteiger<\/p>\n<p>Aktualisiert am 09.08.2026 &#8211; 15:36 UhrLesedauer: 2 Min.<\/p>\n<p><a href=\"#focus-0\" class=\"transition-colors block text-current relative\" data-sctrack=\"FocusGalleryImage.Reference\"><img fetchpriority=\"high\" data-testid=\"Opener.Image\"   loading=\"eager\" src=\"https:\/\/www.europesays.com\/de\/wp-content\/uploads\/2026\/08\/mohamed-ali-zoma-l-feiert-mit-miroslav-klose-der-nuernberger-torjaeger-traf-dreifach.jpg\" alt=\"Mohamed Al\u00ec Zoma (l.) feiert mit Miroslav Klose: Der N\u00fcrnberger Torj\u00e4ger traf dreifach.\" title=\"Mohamed Al\u00ec Zoma (l.) feiert mit Miroslav Klose: Der N\u00fcrnberger Torj\u00e4ger traf dreifach.\" width=\"1187\" height=\"668\" class=\"bg-[url:var(--lqipURL)] bg-cover bg-center flex h-full w-full max-w-full\" style=\"--lqipURL:url('https:\/\/images.t-online.de\/2026\/08\/-J9CmRFmMncc\/1165x68:1187x668\/fit-in\/150x0\/filters:blur(25)\/mohamed-ali-zoma-l-feiert-mit-miroslav-klose-der-nuernberger-torjaeger-traf-dreifach.jpg')\" decoding=\"async\"\/><img loading=\"lazy\" src=\"https:\/\/www.t-online.de\/s\/paper\/_next\/static\/media\/zoom-in.f7dae02f.svg\" alt=\"Vergr\u00f6\u00dfern des Bildes\" title=\"Vergr\u00f6\u00dfern des Bildes\" class=\"block h-[calc(var(--height)_\/_16_*_1rem)] w-[calc(var(--width)_\/_16_*_1rem)] max-w-none absolute right-8 bottom-8 rounded-4 bg-snow p-8\" style=\"--width:32;--height:32\" decoding=\"async\"\/><\/a><\/p>\n<p>Mohamed Al\u00ec Zoma (l.) feiert mit Miroslav Klose: Der N\u00fcrnberger Torj\u00e4ger traf dreifach. (Quelle: IMAGO\/Markus Fischer)<\/p>\n<p><img loading=\"lazy\" src=\"https:\/\/www.t-online.de\/s\/paper\/_next\/static\/media\/audio-volume.6689034c.svg\" alt=\"\" title=\"\" class=\"block h-[calc(var(--height)_\/_16_*_1rem)] w-[calc(var(--width)_\/_16_*_1rem)] max-w-none group-hover:brightness-0 group-hover:invert\" style=\"--width:16;--height:16\" decoding=\"async\"\/>Vorlesen<\/p>\n<p>Aktuelle Zeit:0:00Gesamtdauer:0:00<\/p>\n<p>1x<\/p>\n<p class=\"text-center\">Jetzt neu bei t-online:<\/p>\n<p class=\"text-center\">Schriftgr\u00f6\u00dfe anpassen!<\/p>\n<p><img loading=\"lazy\" src=\"https:\/\/www.t-online.de\/s\/paper\/_next\/static\/media\/font-sizes.32942e33.svg\" alt=\"\" title=\"\" class=\"block h-[calc(var(--height)_\/_16_*_1rem)] w-[calc(var(--width)_\/_16_*_1rem)] max-w-none group-hover:hidden group-aria-expanded:hidden\" style=\"--width:16;--height:16\" decoding=\"async\"\/><img loading=\"lazy\" src=\"https:\/\/www.t-online.de\/s\/paper\/_next\/static\/media\/font-sizes-dark-mode.e382645c.svg\" alt=\"\" title=\"\" class=\"block h-[calc(var(--height)_\/_16_*_1rem)] w-[calc(var(--width)_\/_16_*_1rem)] max-w-none hidden group-hover:block group-aria-expanded:block\" style=\"--width:16;--height:16\" decoding=\"async\"\/><img loading=\"lazy\" src=\"https:\/\/www.t-online.de\/s\/paper\/_next\/static\/media\/sharing-menu-icon.1eb71368.svg\" alt=\"\" title=\"\" class=\"block h-[calc(var(--height)_\/_16_*_1rem)] w-[calc(var(--width)_\/_16_*_1rem)] max-w-none group-hover:brightness-0 group-hover:invert\" style=\"--width:16;--height:16\" decoding=\"async\"\/>Artikel teilen<\/p>\n<p class=\"font-bold text-18 leading-17 user-text-lg:text-22 user-text-xl:text-24\">Den 1. FC N\u00fcrnberg haben in dieser Saison einige Experten auf dem Zettel. Der 1. Spieltag zeigt: wahrscheinlich zurecht.<\/p>\n<p class=\"text-18 leading-17 user-text-lg:text-22 user-text-xl:text-24\"><a href=\"https:\/\/www.t-online.de\/themen\/miroslav-klose\/\" class=\"transition-colors cursor-pointer no-underline md:hover:text-magenta md:focus:text-magenta border-b border-solid border-current text-salemsfur md:hover:border-magenta\" data-tracking=\"{&quot;action&quot;:&quot;click&quot;,&quot;category&quot;:&quot;intextLink&quot;,&quot;label&quot;:&quot;\/themen\/miroslav-klose\/&quot;}\" data-sctrack=\"BodyAnchor\" rel=\"nofollow noopener\" target=\"_blank\">Miroslav Klose<\/a> hat Grund zur Freude: Der Trainer des <a href=\"https:\/\/www.t-online.de\/themen\/1-fc-nuernberg\/\" class=\"transition-colors cursor-pointer no-underline md:hover:text-magenta md:focus:text-magenta border-b border-solid border-current text-salemsfur md:hover:border-magenta\" data-tracking=\"{&quot;action&quot;:&quot;click&quot;,&quot;category&quot;:&quot;intextLink&quot;,&quot;label&quot;:&quot;\/themen\/1-fc-nuernberg\/&quot;}\" data-sctrack=\"BodyAnchor\" rel=\"nofollow noopener\" target=\"_blank\">1. FC N\u00fcrnberg<\/a> hat mit seinem Team das erste Spiel der neuen Saison deutlich gewonnen. Mit 3:0 gewann der &#8222;Club&#8220; aus Franken gegen Dynamo Dresden. N\u00fcrnbergs Matchwinner war dabei zweifellos Mohamed Al\u00ec Zoma, der alle drei Treffer erzielte. Parallel holte der Bundesliga-Absteiger FC <a href=\"https:\/\/www.t-online.de\/themen\/fc-st-pauli\/\" class=\"transition-colors cursor-pointer no-underline md:hover:text-magenta md:focus:text-magenta border-b border-solid border-current text-salemsfur md:hover:border-magenta\" data-tracking=\"{&quot;action&quot;:&quot;click&quot;,&quot;category&quot;:&quot;intextLink&quot;,&quot;label&quot;:&quot;\/themen\/fc-st-pauli\/&quot;}\" data-sctrack=\"BodyAnchor\" rel=\"nofollow noopener\" target=\"_blank\">St. Pauli<\/a> nur ein 1:1-Unentschieden gegen die <a href=\"https:\/\/www.t-online.de\/themen\/spvgg-greuther-fuerth\/\" class=\"transition-colors cursor-pointer no-underline md:hover:text-magenta md:focus:text-magenta border-b border-solid border-current text-salemsfur md:hover:border-magenta\" data-tracking=\"{&quot;action&quot;:&quot;click&quot;,&quot;category&quot;:&quot;intextLink&quot;,&quot;label&quot;:&quot;\/themen\/spvgg-greuther-fuerth\/&quot;}\" data-sctrack=\"BodyAnchor\" rel=\"nofollow noopener\" target=\"_blank\">SpVgg Greuther F\u00fcrth<\/a>. Ein eher entt\u00e4uschendes Resultat f\u00fcr die &#8222;Kiezkicker&#8220; aus Hamburg, die zu den Aufstiegsaspiranten z\u00e4hlen.<\/p>\n<p class=\"text-18 leading-17 user-text-lg:text-22 user-text-xl:text-24\">Die Partie von Energie Cottbus gegen <a href=\"https:\/\/www.t-online.de\/themen\/hannover-96\/\" class=\"transition-colors cursor-pointer no-underline md:hover:text-magenta md:focus:text-magenta border-b border-solid border-current text-salemsfur md:hover:border-magenta\" data-tracking=\"{&quot;action&quot;:&quot;click&quot;,&quot;category&quot;:&quot;intextLink&quot;,&quot;label&quot;:&quot;\/themen\/hannover-96\/&quot;}\" data-sctrack=\"BodyAnchor\" rel=\"nofollow noopener\" target=\"_blank\">Hannover 96<\/a> wurde derweil aufgrund technischer Probleme zu sp\u00e4t angepfiffen und l\u00e4uft noch. <a href=\"https:\/\/www.t-online.de\/sport\/live-ticker\/fussball\/2-bundesliga\/sdc_fm-59594\/3-1-cottbus-kann-hannover-nochmal-zurueckkommen-energie-cottbus-gegen-hannover-96-2-bundesliga-im-liveticker.html\" class=\"transition-colors cursor-pointer no-underline md:hover:text-magenta md:focus:text-magenta border-b border-solid border-current text-salemsfur md:hover:border-magenta\" data-tracking=\"{&quot;action&quot;:&quot;click&quot;,&quot;category&quot;:&quot;intextLink&quot;,&quot;label&quot;:&quot;\/sport\/live-ticker\/fussball\/2-bundesliga\/sdc_fm-59594\/3-1-cottbus-kann-hannover-nochmal-zurueckkommen-energie-cottbus-gegen-hannover-96-2-bundesliga-im-liveticker.html&quot;}\" data-sctrack=\"BodyAnchor\" rel=\"nofollow noopener\" target=\"_blank\">Den Liveticker zur Partie finden Sie hier.<\/a><\/p>\n<p>1. FC N\u00fcrnberg \u2013 Dynamo Dresden<\/p>\n<p class=\"text-18 leading-17 user-text-lg:text-22 user-text-xl:text-24\">Der 1. <a href=\"https:\/\/www.t-online.de\/themen\/1-fc-nuernberg\/\" class=\"transition-colors cursor-pointer no-underline md:hover:text-magenta md:focus:text-magenta border-b border-solid border-current text-salemsfur md:hover:border-magenta\" data-tracking=\"{&quot;action&quot;:&quot;click&quot;,&quot;category&quot;:&quot;intextLink&quot;,&quot;label&quot;:&quot;\/themen\/1-fc-nuernberg\/&quot;}\" data-sctrack=\"BodyAnchor\" rel=\"nofollow noopener\" target=\"_blank\">FC N\u00fcrnberg<\/a> hat seine Auftaktmisere in der dank des \u00fcberragenden Mohamed Al\u00ec Zoma beendet und die neue Saison mit dem erhofften Sieg er\u00f6ffnet. Der in Europa begehrte Italiener sicherte dem &#8222;Club&#8220; mit einem Dreierpack beim 3:0 (2:0) gegen <a href=\"https:\/\/www.t-online.de\/themen\/dynamo-dresden\/\" class=\"transition-colors cursor-pointer no-underline md:hover:text-magenta md:focus:text-magenta border-b border-solid border-current text-salemsfur md:hover:border-magenta\" data-tracking=\"{&quot;action&quot;:&quot;click&quot;,&quot;category&quot;:&quot;intextLink&quot;,&quot;label&quot;:&quot;\/themen\/dynamo-dresden\/&quot;}\" data-sctrack=\"BodyAnchor\" rel=\"nofollow noopener\" target=\"_blank\">Dynamo Dresden<\/a> erstmals seit 2019 am ersten Spieltag drei Punkte.<\/p>\n<p class=\"text-18 leading-17 user-text-lg:text-22 user-text-xl:text-24\">Zoma (9., 45.+3) brachte die Mannschaft von Trainer Miroslav Klose schon in der ersten Halbzeit auf die Siegerstra\u00dfe und erh\u00f6hte nach der Pause per Elfmeter-Nachschuss (75.). Die Zukunft des 22-J\u00e4hrigen, der in der vergangenen Saison mit 14 Toren und f\u00fcnf Vorlagen bei mehreren Vereinen Begehrlichkeiten geweckt hat, ist weiterhin fraglich. Ein Abschied bis Ende des Transferfensters am 1. September wurde am Sonntag jedenfalls nicht unwahrscheinlicher.<\/p>\n<p><a href=\"#focus-1\" class=\"transition-colors block text-current relative\" data-sctrack=\"FocusGalleryImage.Reference\"><img   loading=\"lazy\" src=\"https:\/\/www.europesays.com\/de\/wp-content\/uploads\/2026\/08\/mohamed-ali-zoma-1-fc-nuernberg-jubelt-nach-seinem-tor-zum-1-0.jpg\" alt=\"Mohamed Al\u00ec Zoma (1. FC N\u00fcrnberg) jubelt nach seinem Tor zum 1:0.\" title=\"Mohamed Al\u00ec Zoma (1. FC N\u00fcrnberg) jubelt nach seinem Tor zum 1:0.\" width=\"1070\" height=\"602\" class=\"h-full w-full max-w-full rounded-8\" decoding=\"async\"\/><img loading=\"lazy\" src=\"https:\/\/www.t-online.de\/s\/paper\/_next\/static\/media\/zoom-in.f7dae02f.svg\" alt=\"Vergr\u00f6\u00dfern des Bildes\" title=\"Vergr\u00f6\u00dfern des Bildes\" class=\"block h-[calc(var(--height)_\/_16_*_1rem)] w-[calc(var(--width)_\/_16_*_1rem)] max-w-none absolute right-8 bottom-8 rounded-4 bg-snow p-8\" style=\"--width:32;--height:32\" decoding=\"async\"\/>Mohamed Al\u00ec Zoma (1. FC N\u00fcrnberg) jubelt nach seinem Tor zum 1:0. (Quelle: Daniel L\u00f6b\/dpa)<\/a><\/p>\n<p class=\"text-18 leading-17 user-text-lg:text-22 user-text-xl:text-24\">Dresden, in der vergangenen Saison noch viertbeste R\u00fcckrundenmannschaft der gesamten <a href=\"https:\/\/www.t-online.de\/sport\/fussball\/2-bundesliga\/\" class=\"transition-colors cursor-pointer no-underline md:hover:text-magenta md:focus:text-magenta border-b border-solid border-current text-salemsfur md:hover:border-magenta\" data-tracking=\"{&quot;action&quot;:&quot;click&quot;,&quot;category&quot;:&quot;intextLink&quot;,&quot;label&quot;:&quot;\/sport\/fussball\/2-bundesliga\/&quot;}\" data-sctrack=\"BodyAnchor\" rel=\"nofollow noopener\" target=\"_blank\">2. Liga<\/a>, fehlte es offensiv derweil an Durchschlagskraft. Das soll in den kommenden Wochen besser werden.<\/p>\n<p>FC St. Pauli \u2013 SpVgg Greuther F\u00fcrth<\/p>\n<p class=\"text-18 leading-17 user-text-lg:text-22 user-text-xl:text-24\">Absteiger <a href=\"https:\/\/www.t-online.de\/themen\/fc-st-pauli\/\" class=\"transition-colors cursor-pointer no-underline md:hover:text-magenta md:focus:text-magenta border-b border-solid border-current text-salemsfur md:hover:border-magenta\" data-tracking=\"{&quot;action&quot;:&quot;click&quot;,&quot;category&quot;:&quot;intextLink&quot;,&quot;label&quot;:&quot;\/themen\/fc-st-pauli\/&quot;}\" data-sctrack=\"BodyAnchor\" rel=\"nofollow noopener\" target=\"_blank\">FC St. Pauli<\/a> ist zum Saisonauftakt hart in der Zweitliga-Realit\u00e4t gelandet. Der Klub aus Hamburg kam am ersten Spieltag trotz einer guten zweiten H\u00e4lfte zu Hause nicht \u00fcber ein 1:1 (0:0) gegen die SpVgg Greuther F\u00fcrth hinaus. Neu-Trainer Marcel Rapp verpasste bei seinem Pflichtspiel-Deb\u00fct damit den angepeilten Auftakt nach Ma\u00df.<\/p>\n<p class=\"text-18 leading-17 user-text-lg:text-22 user-text-xl:text-24\">Neuzugang Marcus Mathisen (46.) traf im ersten Spiel nach dem Abgang des langj\u00e4hrigen Kapit\u00e4ns Jackson Irvine direkt nach der Pause. F\u00fcr F\u00fcrth war der auff\u00e4llige Felix Klaus (52.) erfolgreich.<\/p>\n","protected":false},"excerpt":{"rendered":"Erster Zweitliga-Spieltag Klose-Elf wie im Rausch \u2013 R\u00fcckschlag f\u00fcr Absteiger Aktualisiert am 09.08.2026 &#8211; 15:36 UhrLesedauer: 2 Min.&hellip;\n","protected":false},"author":2,"featured_media":1226297,"comment_status":"","ping_status":"","sticky":false,"template":"","format":"standard","meta":{"footnotes":"","_share_on_mastodon":"0"},"categories":[1837],"tags":[783,34566,772,3364,29,2386,3766,5952,663,459,113577,4348,4347,30,692,2366,186556,8900,3783,8306,2020],"class_list":["post-1226296","post","type-post","status-publish","format-standard","has-post-thumbnail","category-nuernberg","tag-1-fc-nuernberg","tag-absteiger","tag-bayern","tag-de","tag-deutschland","tag-dresden","tag-dynamo-dresden","tag-energie-cottbus","tag-europa","tag-fc-st-pauli","tag-felix-klaus","tag-franken","tag-fuerth","tag-germany","tag-hamburg","tag-hannover-96","tag-marcus-mathisen","tag-miroslav-klose","tag-nuernberg","tag-spvgg-greuther-fuerth","tag-st-pauli"],"share_on_mastodon":{"url":"https:\/\/pubeurope.com\/@de\/117065850349148789","error":""},"_links":{"self":[{"href":"https:\/\/www.europesays.com\/de\/wp-json\/wp\/v2\/posts\/1226296","targetHints":{"allow":["GET"]}}],"collection":[{"href":"https:\/\/www.europesays.com\/de\/wp-json\/wp\/v2\/posts"}],"about":[{"href":"https:\/\/www.europesays.com\/de\/wp-json\/wp\/v2\/types\/post"}],"author":[{"embeddable":true,"href":"https:\/\/www.europesays.com\/de\/wp-json\/wp\/v2\/users\/2"}],"replies":[{"embeddable":true,"href":"https:\/\/www.europesays.com\/de\/wp-json\/wp\/v2\/comments?post=1226296"}],"version-history":[{"count":0,"href":"https:\/\/www.europesays.com\/de\/wp-json\/wp\/v2\/posts\/1226296\/revisions"}],"wp:featuredmedia":[{"embeddable":true,"href":"https:\/\/www.europesays.com\/de\/wp-json\/wp\/v2\/media\/1226297"}],"wp:attachment":[{"href":"https:\/\/www.europesays.com\/de\/wp-json\/wp\/v2\/media?parent=1226296"}],"wp:term":[{"taxonomy":"category","embeddable":true,"href":"https:\/\/www.europesays.com\/de\/wp-json\/wp\/v2\/categories?post=1226296"},{"taxonomy":"post_tag","embeddable":true,"href":"https:\/\/www.europesays.com\/de\/wp-json\/wp\/v2\/tags?post=1226296"}],"curies":[{"name":"wp","href":"https:\/\/api.w.org\/{rel}","templated":true}]}}