{"id":1226346,"date":"2026-08-09T14:14:16","date_gmt":"2026-08-09T14:14:16","guid":{"rendered":"https:\/\/www.europesays.com\/de\/1226346\/"},"modified":"2026-08-09T14:14:16","modified_gmt":"2026-08-09T14:14:16","slug":"berlin-altglienicke-maenner-nach-streit-von-auto-angefahren","status":"publish","type":"post","link":"https:\/\/www.europesays.com\/de\/1226346\/","title":{"rendered":"Berlin-Altglienicke: M\u00e4nner nach Streit von Auto angefahren"},"content":{"rendered":"<p>Bei einem Streit zwischen mehreren M\u00e4nnern in Berlin-Altglienicke sind in der Nacht von Samstag auf Sonntag zwei M\u00e4nner mit einem Auto angefahren worden. Einer von ihnen erlitt schwere Verletzungen und kam ins Krankenhaus, wie die Polizei mitteilte. Der andere Verletzte wurde demnach ambulant in einer Klinik behandelt.<\/p>\n<p>Polizisten h\u00e4tten drei M\u00e4nner vor\u00fcbergehend festgenommen, hie\u00df es weiter. Ein 47-J\u00e4hriger gelte als Hauptverd\u00e4chtiger. Er soll nach bisherigen Erkenntnissen in der Nacht gezielt auf die zwei Br\u00fcder im Alter von 29 und 22 Jahren zugefahren sein. Der \u00c4ltere schlug dabei laut Polizei auf die Motorhaube sowie die Frontscheibe auf und wurde \u00fcber einen Gartenzaun auf ein Grundst\u00fcck geschleudert. Bevor er sein Auto holte und auf die M\u00e4nner zufuhr, soll der 47-J\u00e4hrige bereits mit einem Hammer auf sie eingeschlagen haben. Was den Streit ausl\u00f6ste, war zun\u00e4chst unklar.<\/p>\n","protected":false},"excerpt":{"rendered":"Bei einem Streit zwischen mehreren M\u00e4nnern in Berlin-Altglienicke sind in der Nacht von Samstag auf Sonntag zwei M\u00e4nner&hellip;\n","protected":false},"author":2,"featured_media":1226347,"comment_status":"","ping_status":"","sticky":false,"template":"","format":"standard","meta":{"footnotes":"","_share_on_mastodon":"0"},"categories":[1825],"tags":[296,29,30,134296,6190,5917],"class_list":["post-1226346","post","type-post","status-publish","format-standard","has-post-thumbnail","category-berlin","tag-berlin","tag-deutschland","tag-germany","tag-rbb24tagesschau","tag-regionen","tag-treptow-koepenick"],"share_on_mastodon":{"url":"https:\/\/pubeurope.com\/@de\/117065971927372266","error":""},"_links":{"self":[{"href":"https:\/\/www.europesays.com\/de\/wp-json\/wp\/v2\/posts\/1226346","targetHints":{"allow":["GET"]}}],"collection":[{"href":"https:\/\/www.europesays.com\/de\/wp-json\/wp\/v2\/posts"}],"about":[{"href":"https:\/\/www.europesays.com\/de\/wp-json\/wp\/v2\/types\/post"}],"author":[{"embeddable":true,"href":"https:\/\/www.europesays.com\/de\/wp-json\/wp\/v2\/users\/2"}],"replies":[{"embeddable":true,"href":"https:\/\/www.europesays.com\/de\/wp-json\/wp\/v2\/comments?post=1226346"}],"version-history":[{"count":0,"href":"https:\/\/www.europesays.com\/de\/wp-json\/wp\/v2\/posts\/1226346\/revisions"}],"wp:featuredmedia":[{"embeddable":true,"href":"https:\/\/www.europesays.com\/de\/wp-json\/wp\/v2\/media\/1226347"}],"wp:attachment":[{"href":"https:\/\/www.europesays.com\/de\/wp-json\/wp\/v2\/media?parent=1226346"}],"wp:term":[{"taxonomy":"category","embeddable":true,"href":"https:\/\/www.europesays.com\/de\/wp-json\/wp\/v2\/categories?post=1226346"},{"taxonomy":"post_tag","embeddable":true,"href":"https:\/\/www.europesays.com\/de\/wp-json\/wp\/v2\/tags?post=1226346"}],"curies":[{"name":"wp","href":"https:\/\/api.w.org\/{rel}","templated":true}]}}