{"id":1226421,"date":"2026-08-09T14:58:28","date_gmt":"2026-08-09T14:58:28","guid":{"rendered":"https:\/\/www.europesays.com\/de\/1226421\/"},"modified":"2026-08-09T14:58:28","modified_gmt":"2026-08-09T14:58:28","slug":"programm-der-papstreise-nach-frankreich-veroeffentlicht","status":"publish","type":"post","link":"https:\/\/www.europesays.com\/de\/1226421\/","title":{"rendered":"Programm der Papstreise nach Frankreich ver\u00f6ffentlicht"},"content":{"rendered":"<p>Papst Leo wird bei seiner Reise nach Frankreich nicht nur den Sitz der UNESCO besuchen, sondern unter anderem auch ein Pariser Sozial- und Integrationszentrum sowie den Pilgerdienst Accueil Notre-Dame in Lourdes. Dar\u00fcber hinaus nimmt er an zwei Veranstaltungen in Metz teil. Das geht aus dem Programm der Reise vom 25. bis 28 Spetember 2026 hervor, das an diesem Freitag ver\u00f6ffentlicht wurde. Geplant ist auch ein Treffen mit Missbrauchsbetroffenen.<\/p>\n<p>Stationen der viert\u00e4gigen Apostolischen Reise nach Frankreich sind demnach <b>Paris, Saint-Denis bei Paris, Lourdes und Metz<\/b>, der Geburts- und Erinnerungsort eines der Gr\u00fcnderv\u00e4ter der Europ\u00e4ischen Union, Robert Schuman.<\/p>\n<p>Am <b>Freitag, 25. September,<\/b> wird der Papst dem Programm zufolge nach seiner Ankunft in <b>Paris<\/b>\u00a0um<b> 10 Uhr vormittags <\/b>offiziell empfangen und direkt anschlie\u00dfend im \u00c9lys\u00e9e-Palast den franz\u00f6sischen Staatspr\u00e4sidenten treffen. Dort spricht er um <b>11.45 Uhr<\/b> au\u00dferdem zu Vertretern der staatlichen Institutionen, der Zivilgesellschaft und des Diplomatischen Corps. Am Nachmittag besucht er <b>um 15 Uhr<\/b> den Sitz der UNESCO und h\u00e4lt dort eine Ansprache. Es folgen die Feier der Vesper mit Bisch\u00f6fen, Priestern, Diakonen, Ordensleuten und Seminaristen in der Kathedrale Notre-Dame um <b>17.15 Uhr<\/b> sowie am Abend um <b>21.00 Uhr<\/b> eine Gebetsvigil mit Jugendlichen im Stade de France in <b>Saint-Denis<\/b>.<\/p>\n<p>Der <b>Samstag, 26. September<\/b>, steht zun\u00e4chst im Zeichen sozialer und kirchlicher Begegnungen in Paris. Der Papst besucht um <b>9.00 Uhr<\/b> das Sozial- und Integrationszentrum Maison Bakhita und trifft anschlie\u00dfend, <b>ab 10.15 Uhr<\/b>, Mitglieder der Provinzialsynode, Katechumenen und Neugetaufte am Katholischen Institut von Paris. H\u00f6hepunkt des Tages ist die Heilige Messe, die am Nachmittag um <b>15 Uhr <\/b>auf der Place de la Concorde gefeiert wird. Am Abend reist Leo XIV. weiter nach <b>Lourdes<\/b>, wo er direkt nach seiner Ankunft (die Landung am Flughafen Tarbes-Lourdes-Pyr\u00e9n\u00e9es ist f\u00fcr 19.05 Uhr geplant) um <b>19.40 Uhr<\/b> an der Grotte von Massabielle betet.<\/p>\n<p>Am<b> Sonntag, 27. September<\/b>, verbringt der Papst den gesamten Tag in Lourdes. Er begegnet zun\u00e4chst um <b>9 Uhr <\/b>den Bisch\u00f6fen der Franz\u00f6sischen Bischofskonferenz und feiert anschlie\u00dfend ab<b> 11 Uhr <\/b>die Sonntagsmesse im Heiligtum mit anschlie\u00dfendem Angelusgebet. Am Nachmittag stehen ab <b>15.30 Uhr <\/b>Begegnungen mit Mitarbeitern und betreuten Menschen des Pilgerdienstes Accueil Notre-Dame sowie um <b>16.45 Uhr<\/b> ein privater Besuch bei den Karmelitinnen auf dem Programm. Den Abschluss bildet am Abend um<b> 21 Uhr<\/b> die traditionelle Lichterprozession mit Rosenkranzgebet im Marienheiligtum.<\/p>\n<p>Zum Abschluss der Reise fliegt der Papst am <b>Montag, 28. September<\/b>, nach Metz, wo er um 9.20 Uhr am Flughafen Metz-Nancy-Lorraine erwartet wird. Die Stadt ist eng mit dem Namen Robert Schuman verbunden, der hier aufwuchs und gepr\u00e4gt wurde. In Metz entwickelten sich jene Ideale und Grunds\u00e4tze, die sp\u00e4ter in das gro\u00dfe Projekt der Europ\u00e4ischen Union einflossen. Schuman war tiefgl\u00e4ubiger Katholik, f\u00fcr ihn l\u00e4uft ein Seligsprechungsverfahren.<\/p>\n<p>In Metz nimmt Papst Leo dann im nach Schuman benannten Kongresszentrum <b>ab 10 Uhr <\/b>an einem interreligi\u00f6sen Treffen sowie anschlie\u00dfend (<b>11 Uhr<\/b>) an einer Veranstaltung unter dem Titel \u201eAn den Wurzeln Europas f\u00fcr Frieden und Einheit\u201c teil und h\u00e4lt bei beiden Anl\u00e4ssen Ansprachen. Nach der Feier einer Heiligen Messe (<b>16 Uhr<\/b>) in der gotischen Kathedrale Saint-\u00c9tienne &#8211; die dank der Fl\u00e4che ihrer\u00a0<a href=\"https:\/\/de.wikipedia.org\/wiki\/Glasmalerei\" title=\"Glasmalerei\" rel=\"external nofollow noopener\" target=\"_blank\">Glasmalereien<\/a> von etwa 6500 m\u00b2 umgangssprachlich auch\u00a0La lanterne du Bon Dieu (\u201edie Laterne des Lieben Gottes\u201c) genannt wird &#8211; endet die Reise mit der Abschiedszeremonie und dem R\u00fcckflug nach Rom, wo er um kurz vor 21 Uhr abends erwartet wird.<\/p>\n<p>Treffen mit Missbrauchsbetroffenen <\/p>\n<p>Wie der Pressesaal gemeinsam mit der Ver\u00f6ffentlichung des Programms bekannt gab, ist w\u00e4hrend der Reise auch ein privates Treffen mit Missbrauchsbetroffenen vorgesehen.\u00a0\u201eAn der Vorbereitung dieses Moments werden auch die Betroffenen selbst beteiligt sein\u201c, hei\u00dft es in der Mitteilung, die keine weiteren Einzelheiten zu Zeitpunkt, Ort oder Teilnehmerzahl nennt. Diese w\u00fcrden gegebenenfalls zu einem sp\u00e4teren Zeitpunkt bekanntgegeben.<\/p>\n<p>Die Begegnung \u2013 \u00e4hnlich wie jene mit Betroffenen w\u00e4hrend der Spanienreise \u2013 hat in einer Kirche besonderes Gewicht, die wie die franz\u00f6sische vom Missbrauchsskandal ersch\u00fcttert wurde und in den vergangenen Jahren tiefgreifende Reformen eingeleitet sowie einen noch andauernden Prozess der Aufarbeitung und Wiedergutmachung begonnen hat.<\/p>\n<p>Die Freude der Kirche in Frankreich <\/p>\n<p>\u201eVor einigen Monaten haben wir gemeinsam mit dem Papst einen ersten Entwurf des Reiseprogramms besprochen\u201c, erkl\u00e4rt Kardinal Jean-Marc Aveline, Erzbischof von Marseille und Vorsitzender der Franz\u00f6sischen Bischofskonferenz, in einer Mitteilung der Bischofskonferenz. \u201eSeitdem haben wir gemeinsam mit den Teams des Vatikans, der Franz\u00f6sischen Bischofskonferenz, der Erzdi\u00f6zesen Paris und Metz sowie des Heiligtums von Lourdes intensiv daran gearbeitet, jede Station dieser Reise im Detail auszuarbeiten. Es ist eine gro\u00dfe Freude, das Programm heute mit ganz Frankreich teilen zu k\u00f6nnen!\u201c<\/p>\n<p>\u201eAlles wird so vorbereitet, dass jeder, der m\u00f6chte, an diesem au\u00dfergew\u00f6hnlichen Ereignis teilnehmen kann. Die praktischen Einzelheiten werden nach und nach bekannt gegeben\u201c, erkl\u00e4rt Beno\u00eet Bertrand, Bischof von Pontoise. \u201eWir laden daher alle Menschen in Frankreich ein \u2013 ob katholisch oder nicht, gl\u00e4ubig oder nicht \u2013, Papst Leo XIV. in Paris, Saint-Denis, Lourdes oder Metz willkommen zu hei\u00dfen und ihm zuzuh\u00f6ren.\u201c<\/p>\n<p>    <img decoding=\"async\" src=\"data:image\/gif;base64,R0lGODlhAQABAIAAAAAAAP\/\/\/yH5BAEAAAAALAAAAAABAAEAAAIBRAA7\" data-original=\"https:\/\/www.vaticannews.va\/content\/dam\/vaticannews\/multimedia\/2026\/agosto\/07\/france.jpg\/_jcr_content\/renditions\/cq5dam.thumbnail.cropped.750.422.jpeg\" alt=\"Das Logo und Motto der Papstreise\" title=\"Das Logo und Motto der Papstreise\"\/><\/p>\n<p>\n   Das Logo und Motto der Papstreise\n  <\/p>\n<p>Logo an Buntglasfenster orientiert <\/p>\n<p>Auch das Logo des Papstbesuches, das die Bischofskonferenz in der Zwischenzeit auf der f\u00fcr den Besuch eingerichteten Webseite ver\u00f6ffentlicht hatte, wurde durch den Pressesaal vorgestellt. Es zeigt ein kreisf\u00f6rmiges Kirchenfenster, das an die Rosetten gotischer Kathedralen erinnert und die Sch\u00f6nheit der Gemeinschaft und der Einheit in der Kirche symbolisieren soll.<\/p>\n<p>Im Zentrum bringen ein Spitzbogen und das Kreuz die apostolische und liturgische Dimension der Reise zum Ausdruck. Die Taube, die im Herzen der Komposition schwebt, steht f\u00fcr den Heiligen Geist und tr\u00e4gt einen Olivenzweig als Zeichen des Friedens f\u00fcr die ganze Menschheit. Die Farbt\u00f6ne Blau, Wei\u00df und Rot sowie das Gelb-Orange des Lichts und das Gr\u00fcn der Hoffnung verbinden die Farben Frankreichs mit denen des Vatikans und unterstreichen zugleich die geistliche Dimension des Besuchs.<\/p>\n<p>Mit dem gew\u00e4hlten Motto \u201eDamit die Welt das Leben habe\u201c (vgl. Joh 6,51) soll dazu eingeladen werde, das \u201egr\u00f6\u00dfte Geschenk zu erkennen, das Christus, der Erl\u00f6ser, den Menschen gebracht\u201c hat. Zugleich soll es ein Aufruf zu Hoffnung und Gemeinschaft sein: \u201eEs ermutigt dazu, Spaltungen zu \u00fcberwinden und Frieden, Vers\u00f6hnung und Geschwisterlichkeit miteinander zu teilen \u2013 Zeichen neuen Lebens in der Welt\u201c, so die Aussendung aus dem Pressesaal. In diesen Worten komme auch die Haltung zum Ausdruck, mit der die Kirche in Frankreich den Papst empfange: \u201emit Freude, Offenheit und dem tiefen Wunsch, allen das Leben zu bezeugen, das von Gott kommt\u201c.<\/p>\n<p>(vatican news &#8211; cs)<\/p>\n","protected":false},"excerpt":{"rendered":"Papst Leo wird bei seiner Reise nach Frankreich nicht nur den Sitz der UNESCO besuchen, sondern unter anderem&hellip;\n","protected":false},"author":2,"featured_media":1226422,"comment_status":"","ping_status":"","sticky":false,"template":"","format":"standard","meta":{"footnotes":"","_share_on_mastodon":"0"},"categories":[3974],"tags":[38974,331,332,140844,548,663,3934,3980,156,13,14,15,12,4201],"class_list":["post-1226421","post","type-post","status-publish","format-standard","has-post-thumbnail","category-frankreich","tag-papst-leo-xiv","tag-aktuelle-nachrichten","tag-aktuelle-news","tag-apostolische-reise","tag-eu","tag-europa","tag-europe","tag-france","tag-frankreich","tag-headlines","tag-nachrichten","tag-news","tag-schlagzeilen","tag-treffen"],"share_on_mastodon":{"url":"https:\/\/pubeurope.com\/@de\/117066144435800287","error":""},"_links":{"self":[{"href":"https:\/\/www.europesays.com\/de\/wp-json\/wp\/v2\/posts\/1226421","targetHints":{"allow":["GET"]}}],"collection":[{"href":"https:\/\/www.europesays.com\/de\/wp-json\/wp\/v2\/posts"}],"about":[{"href":"https:\/\/www.europesays.com\/de\/wp-json\/wp\/v2\/types\/post"}],"author":[{"embeddable":true,"href":"https:\/\/www.europesays.com\/de\/wp-json\/wp\/v2\/users\/2"}],"replies":[{"embeddable":true,"href":"https:\/\/www.europesays.com\/de\/wp-json\/wp\/v2\/comments?post=1226421"}],"version-history":[{"count":0,"href":"https:\/\/www.europesays.com\/de\/wp-json\/wp\/v2\/posts\/1226421\/revisions"}],"wp:featuredmedia":[{"embeddable":true,"href":"https:\/\/www.europesays.com\/de\/wp-json\/wp\/v2\/media\/1226422"}],"wp:attachment":[{"href":"https:\/\/www.europesays.com\/de\/wp-json\/wp\/v2\/media?parent=1226421"}],"wp:term":[{"taxonomy":"category","embeddable":true,"href":"https:\/\/www.europesays.com\/de\/wp-json\/wp\/v2\/categories?post=1226421"},{"taxonomy":"post_tag","embeddable":true,"href":"https:\/\/www.europesays.com\/de\/wp-json\/wp\/v2\/tags?post=1226421"}],"curies":[{"name":"wp","href":"https:\/\/api.w.org\/{rel}","templated":true}]}}