{"id":1226489,"date":"2026-08-09T15:38:15","date_gmt":"2026-08-09T15:38:15","guid":{"rendered":"https:\/\/www.europesays.com\/de\/1226489\/"},"modified":"2026-08-09T15:38:15","modified_gmt":"2026-08-09T15:38:15","slug":"flugunglueck-ein-toter-bei-absturz-von-kleinflugzeug-bei-hamburg-wirtschaft","status":"publish","type":"post","link":"https:\/\/www.europesays.com\/de\/1226489\/","title":{"rendered":"Flugungl\u00fcck &#8211; Ein Toter bei Absturz von Kleinflugzeug bei Hamburg &#8211; Wirtschaft"},"content":{"rendered":"<p data-manual=\"paragraph\" data-schema-org-speakable=\"true\" class=\"css-1eosz7k\">Elmshorn (dpa) &#8211; Bei dem Absturz eines Kleinflugzeugs westlich von Hamburg ist der Pilot gestorben. Weitere Menschen sa\u00dfen nicht in der Maschine, wie die Feuerwehr mitteilte. Das Flugzeug sei am Mittag direkt neben dem Flugplatz Uetersen\/Heist (Kreis Pinneberg) in ein Feld gest\u00fcrzt, sagte ein Polizeisprecher. Das Alter und Geschlecht des Toten waren zun\u00e4chst nicht bekannt. Dutzende Kr\u00e4fte waren im Einsatz. Warum das Flugzeug abst\u00fcrzte, ist nicht bekannt.<\/p>\n<p data-manual=\"paragraph\" data-schema-org-speakable=\"true\" class=\"css-1eosz7k\">\u00a9 dpa-infocom, dpa:260809-930-505614\/2<\/p>\n","protected":false},"excerpt":{"rendered":"Elmshorn (dpa) &#8211; Bei dem Absturz eines Kleinflugzeugs westlich von Hamburg ist der Pilot gestorben. Weitere Menschen sa\u00dfen&hellip;\n","protected":false},"author":2,"featured_media":1226490,"comment_status":"","ping_status":"","sticky":false,"template":"","format":"standard","meta":{"footnotes":"","_share_on_mastodon":"0"},"categories":[1826],"tags":[29,254693,30,692,1746,6760,1971,149,2624,3094,55],"class_list":["post-1226489","post","type-post","status-publish","format-standard","has-post-thumbnail","category-hamburg","tag-deutschland","tag-flugplatz-uetersen-heist-edhe","tag-germany","tag-hamburg","tag-luftfahrt","tag-luftverkehr","tag-schleswig-holstein","tag-sueddeutsche-zeitung","tag-unfaelle","tag-unglueck-und-unfall","tag-wirtschaft"],"share_on_mastodon":{"url":"https:\/\/pubeurope.com\/@de\/117066301992761653","error":""},"_links":{"self":[{"href":"https:\/\/www.europesays.com\/de\/wp-json\/wp\/v2\/posts\/1226489","targetHints":{"allow":["GET"]}}],"collection":[{"href":"https:\/\/www.europesays.com\/de\/wp-json\/wp\/v2\/posts"}],"about":[{"href":"https:\/\/www.europesays.com\/de\/wp-json\/wp\/v2\/types\/post"}],"author":[{"embeddable":true,"href":"https:\/\/www.europesays.com\/de\/wp-json\/wp\/v2\/users\/2"}],"replies":[{"embeddable":true,"href":"https:\/\/www.europesays.com\/de\/wp-json\/wp\/v2\/comments?post=1226489"}],"version-history":[{"count":0,"href":"https:\/\/www.europesays.com\/de\/wp-json\/wp\/v2\/posts\/1226489\/revisions"}],"wp:featuredmedia":[{"embeddable":true,"href":"https:\/\/www.europesays.com\/de\/wp-json\/wp\/v2\/media\/1226490"}],"wp:attachment":[{"href":"https:\/\/www.europesays.com\/de\/wp-json\/wp\/v2\/media?parent=1226489"}],"wp:term":[{"taxonomy":"category","embeddable":true,"href":"https:\/\/www.europesays.com\/de\/wp-json\/wp\/v2\/categories?post=1226489"},{"taxonomy":"post_tag","embeddable":true,"href":"https:\/\/www.europesays.com\/de\/wp-json\/wp\/v2\/tags?post=1226489"}],"curies":[{"name":"wp","href":"https:\/\/api.w.org\/{rel}","templated":true}]}}