{"id":1226579,"date":"2026-08-09T16:38:19","date_gmt":"2026-08-09T16:38:19","guid":{"rendered":"https:\/\/www.europesays.com\/de\/1226579\/"},"modified":"2026-08-09T16:38:19","modified_gmt":"2026-08-09T16:38:19","slug":"afghanistan-tourismus-bei-den-taliban","status":"publish","type":"post","link":"https:\/\/www.europesays.com\/de\/1226579\/","title":{"rendered":"Afghanistan &#8211; Tourismus bei den Taliban"},"content":{"rendered":"<p>            <img loading=\"lazy\" decoding=\"async\" class=\"ts-image\" src=\"https:\/\/www.europesays.com\/de\/wp-content\/uploads\/2026\/08\/afghanistan-reisende-touristen-100.jpg\" alt=\"Ein Bewaffneter der Taliban\" title=\"Ein Bewaffneter der Taliban | ARD Neu-Delhi\"\/><\/p>\n<p>                    <strong>Weltspiegel<\/strong><\/p>\n<p class=\"metatextline\">Stand: 09.08.2026 \u2022 16:32 Uhr<\/p>\n<p class=\"article-head__shorttext\">\n        <strong>F\u00fcnf Jahre nach ihrer Macht\u00fcbernahme versuchen die Taliban, Afghanistan touristisch zu \u00f6ffnen. Reisende bewegen sich zwischen Gastfreundschaft, Propaganda und der massiven Diskriminierung von Frauen und M\u00e4dchen.<\/strong>\n    <\/p>\n<p>Von Markus Spieker und Lena Bodewein, ARD Neu-Delhi\n                    <\/p>\n<p class=\"textabsatz m-ten m-offset-one l-eight l-offset-two columns twelve\">Sonne pur, Traumlandschaft mit schroffen Felsen und kristallklarem Wasser, ideal zum Wandern. Das alles k\u00f6nnte echte Urlaubsgef\u00fchle ausl\u00f6sen &#8211; w\u00e4ren da nicht die Bewaffneten ringsherum.<\/p>\n<p class=\"textabsatz m-ten m-offset-one l-eight l-offset-two columns twelve\">Wer nach Afghanistan reist, muss sich auf viele Kontraste dieser Art einstellen: Auf den M\u00e4rkten in Kabul liegen unter bunten Schirmen samtige Pfirsiche in Pyramiden gestapelt, direkt neben Obst und Gem\u00fcse dann Tarnfleck-Uniformen &#8211; gewehrbeh\u00e4ngte Taliban, die die Szene \u00fcberwachen.<\/p>\n<p class=\"absatzbild__info__text\">\n                        Das Taliban-Regime in Afghanistan will mit Tourismus seine schwache Wirtschaft st\u00e4rken.\n                    <\/p>\n<p class=\"textabsatz m-ten m-offset-one l-eight l-offset-two columns twelve\">Kinder s\u00e4umen die Stra\u00dfen der Innenstadt, klopfen an die Fenster der Autos und betteln &#8211; Gesichter der <a href=\"https:\/\/www.tagesschau.de\/ausland\/hunger-afghanistan-kinder-100.html\" title=\"Weltern\u00e4hrungsprogramm: Hungerkrise in Afghanistan spitzt sich zu\" rel=\"nofollow noopener\" target=\"_blank\">humanit\u00e4ren Krise im Land<\/a>. Dahinter stehen riesige, neu erbaute Pal\u00e4ste, Veranstaltungsorte mit prachtvoll illuminierten Fassaden. Hier werden Hochzeiten gefeiert &#8211; aber ohne Gesang und Tanz: Afghanistan ist das einzige Land der Welt, in dem Musik verboten ist.<\/p>\n<p class=\"textabsatz m-ten m-offset-one l-eight l-offset-two columns twelve\">Oder ein weiterer Kontrast: der ber\u00fchmteste Nationalpark des Landes, Band-e Amir. Eine karstige Berglandschaft \u00f6ffnet sich, die gelb-r\u00f6tlichen Felsen treten auf einmal zur\u00fcck und geben den Blick auf eine Kette von sechs Seen frei: Wasser in Ultramarin zieht sich wie der Traum eines Malers durch die atemberaubende Szenerie. Es ist menschenleer, keine Touristen sind zu sehen.<\/p>\n<p class=\"textabsatz m-ten m-offset-one l-eight l-offset-two columns twelve\">Der Grund ist ern\u00fcchternd: Frauen d\u00fcrfen den Nationalpark, wie auch viele andere Sehensw\u00fcrdigkeiten, nicht betreten &#8211; abgesehen von den ganz fr\u00fchen Morgenstunden. Darum bleiben ihre M\u00e4nner meist ebenfalls zuhause.<\/p>\n<p class=\"absatzbild__info__text\">\n                        Der Reisegruppe wird ein Picknick in malerischer Kulisse geboten. Frauen d\u00fcrfen tags\u00fcber eigentlich nicht in den Nationalpark.\n                    <\/p>\n<p>    Taliban wollen Touristen ins Land holen<\/p>\n<p class=\"textabsatz m-ten m-offset-one l-eight l-offset-two columns twelve\">Trotzdem wollen die Taliban ihre schwache Wirtschaft mit Tourismus aufpolstern und werben um Besucher. Mehr als zehntausend ausl\u00e4ndische Touristen waren es laut Kulturministerium im vergangenen Jahr.<\/p>\n<p class=\"textabsatz m-ten m-offset-one l-eight l-offset-two columns twelve\">Khubib Ghafran vom Kulturministerium verspricht &#8222;ein sicheres Land, mit unber\u00fchrter Natur, herzlichen Menschen und g\u00fcnstigen Reisepreisen&#8220;. Und mit Auflagen: &#8222;Wenn ihr herkommt, m\u00fcsst ihr unsere islamischen und kulturellen Gesetze respektieren. Innerhalb dieser Grenzen k\u00f6nnt ihr \u00fcberall hingehen.&#8220;<\/p>\n<p class=\"textabsatz m-ten m-offset-one l-eight l-offset-two columns twelve\">Eine kleine, aber steigende Zahl von Influencern tut das auch. So wie die Inderin Ankita, die f\u00fcr ihren professionellen Instagram-Auftritt reist. Die Widerspr\u00fcche in Afghanistan machen ihr zu schaffen: &#8222;Zehn Minuten lang bin ich gl\u00fccklich, und die n\u00e4chsten zehn Minuten bin ich traurig, weil ich das Gef\u00fchl habe: Auch wenn die Menschen gegen\u00fcber uns ausl\u00e4ndischen Frauen wirklich nett sind, ist die Regierung gegen\u00fcber Frauen im Allgemeinen alles andere als nett.&#8220; Die Bloggerin will auf keinen Fall das Bild vermitteln, dass Afghanistan perfekt ist. Aber sie war neugierig.<\/p>\n<p class=\"absatzbild__info__text\">\n                        Die deutsche Touristin Hannelore st\u00f6ren die vielen bewaffneten Taliban bei ihrem Besuch in Afghanistan nicht, im Gegenteil.\n                    <\/p>\n<p>    Bewaffnete geben &#8222;ein sicheres Gef\u00fchl&#8220;<\/p>\n<p class=\"textabsatz m-ten m-offset-one l-eight l-offset-two columns twelve\">Andere Reisende sind es auch, wie Hannelore: Die Angestellte aus dem Schwarzwald hat sich von der seit Jahren geltenden Reisewarnung der Bundesregierung nicht abschrecken lassen. Denn laut Ausw\u00e4rtigem Amt ist &#8222;eine konsularische Unterst\u00fctzung vor Ort nicht m\u00f6glich&#8220;. Die Deutsche Botschaft in Kabul ist seit 2021 geschlossen, seit die Taliban hier die Macht \u00fcbernommen haben.<\/p>\n<p class=\"textabsatz m-ten m-offset-one l-eight l-offset-two columns twelve\">Als Hannelore ihren Freunden erz\u00e4hlte, dass sie nach Afghanistan reisen wolle, seien die zum Teil schockiert gewesen, sagt sie: &#8222;Aber ich habe gesagt: Ich m\u00f6chte mich selbst davon \u00fcberzeugen, ob das wirklich so negativ ist.&#8220;<\/p>\n<p class=\"textabsatz m-ten m-offset-one l-eight l-offset-two columns twelve\">Was die Sicherheit betrifft, zeigt sie sich auf jeden Fall angetan: Dass an jeder Ecke ein bewaffneter Mann steht, gebe ihr ein sicheres Gef\u00fchl. Andere Teilnehmer ihrer Reisegruppe nehmen die stets pr\u00e4senten Sicherheitskr\u00e4fte als Teil der Kulisse hin: &#8222;Wie B\u00e4ume und blauen Himmel&#8220;, meint der polnische Finanzdienstleister Michal.<\/p>\n<p>    Keine Fotos von Frauen erlaubt<\/p>\n<p class=\"textabsatz m-ten m-offset-one l-eight l-offset-two columns twelve\">Beide reisen mit einer organisierten Tour durch das Land. Denn die Regierung verlangt, dass jeder Tourist mit einem Reiseunternehmen unterwegs ist. Dieses erkl\u00e4rt dann den Touristen, wie sie sich verhalten sollen, etwa an religi\u00f6sen Orten, und passt auf, dass niemand gegen das sogenannte Taliban-Tugendgesetz verst\u00f6\u00dft.<\/p>\n<p class=\"textabsatz m-ten m-offset-one l-eight l-offset-two columns twelve\">Das geschieht schnell, zum Beispiel, wenn man ein Foto macht, auf dem eine Frau zu sehen ist. Die Kleiderordnung ist ebenfalls zu beachten: W\u00e4hrend M\u00e4nner T-Shirts und Jeans tragen k\u00f6nnen, m\u00fcssen Touristinnen den K\u00f6rper vom Scheitel bis zur Sohle bedecken. Die Gesichter d\u00fcrfen jedoch, anders als bei einheimischen Frauen, frei bleiben.<\/p>\n<p class=\"textabsatz m-ten m-offset-one l-eight l-offset-two columns twelve\">Die Situation der einheimischen Frauen bekommen die Reisenden nur zum Teil zu sehen, aber dass es vielen Afghaninnen und ihren Kindern nicht gut geht, ist offensichtlich.<\/p>\n<p class=\"absatzbild__info__text\">\n                        Veronika Staudacher arbeitet in Afghanistan f\u00fcr die Caritas. F\u00fcr ein Drittel der Menschen im Land gebe es keinerlei Gesundheitsversorgung, erkl\u00e4rt sie.\n                    <\/p>\n<p>    &#8222;Halte nicht viel davon, Afghanistan auf Social Media darzustellen&#8220;<\/p>\n<p class=\"textabsatz m-ten m-offset-one l-eight l-offset-two columns twelve\">Was sagen diejenigen zum Tourismus bei den Taliban, die im Land sind, um humanit\u00e4re Hilfe zu leisten? Veronika Staudacher von der Caritas meint, sie halte nicht viel &#8222;davon, Afghanistan gro\u00df auf Social Media darzustellen&#8220;. Doch sie erg\u00e4nzt: &#8222;Ich finde es wichtig, dass man L\u00e4nder kennenlernt und vor allen Dingen die Menschen dort kennenlernt und versteht, was dahintersteckt.&#8220;<\/p>\n<p class=\"textabsatz m-ten m-offset-one l-eight l-offset-two columns twelve\">Was dahintersteckt: Ein Drittel der Bev\u00f6lkerung habe keinen Zugriff auf Basisgesundheitsdienste, und die M\u00fctter- und Kindersterblichkeit sei sehr hoch, erkl\u00e4rt Staudacher. Arbeitslosigkeit, Armut und Hunger haben das Land im Griff, verst\u00e4rkt durch Sanktionen und Isolierung durch die internationale Gemeinschaft.<\/p>\n<p class=\"textabsatz m-ten m-offset-one l-eight l-offset-two columns twelve\">Das Werben um Touristen wirkt zwar hilflos, ist aber nicht erstaunlich. Das sieht auch die Leiterin der Afghanistan-Mission der Vereinten Nationen, Georgette Gagnon, so: &#8222;Die De-facto-Beh\u00f6rden in Afghanistan sind sehr daran interessiert, die wirtschaftliche Entwicklung des Landes voranzutreiben.&#8220; Allerdings solle sichergestellt werden, dass ein m\u00f6glicher Anstieg im Tourismus vor allem den lokalen Gemeinschaften zugutekommt.<\/p>\n<p class=\"textabsatz m-ten m-offset-one l-eight l-offset-two columns twelve\">Diese und weitere Reportagen sehen Sie am Sonntag um 19:15 Uhr im Weltspiegel im Ersten. Zudem finden Sie die <a href=\"https:\/\/www.ardmediathek.de\/film\/ferien-bei-den-taliban\/Y3JpZDovL21kci5kZS9zZW5kZXJlaWhlbi81OTY3ZjUwNS03ZjkxLTRhYzQtOGMwMy1iMTgzZGFhNTc2MWYgZjM4MDNkNTItOTFmZi00YWQ2LThmZTItODJhYWUwYjI3OWZk\" title=\"Weltspiegel-Doku: Ferien bei den Taliban\" class=\"textlink--extern\" target=\"_blank\" rel=\"noopener nofollow\">Weltspiegel-Doku &#8222;Ferien bei den Taliban&#8220; in der ARD Mediathek<\/a>.<\/p>\n","protected":false},"excerpt":{"rendered":"Weltspiegel Stand: 09.08.2026 \u2022 16:32 Uhr F\u00fcnf Jahre nach ihrer Macht\u00fcbernahme versuchen die Taliban, Afghanistan touristisch zu \u00f6ffnen.&hellip;\n","protected":false},"author":2,"featured_media":1226580,"comment_status":"","ping_status":"","sticky":false,"template":"","format":"standard","meta":{"footnotes":"","_share_on_mastodon":"0"},"categories":[5],"tags":[7451,331,332,3364,29,30,13,14,15,12,15451,1163],"class_list":["post-1226579","post","type-post","status-publish","format-standard","has-post-thumbnail","category-nachrichten","tag-afghanistan","tag-aktuelle-nachrichten","tag-aktuelle-news","tag-de","tag-deutschland","tag-germany","tag-headlines","tag-nachrichten","tag-news","tag-schlagzeilen","tag-taliban","tag-tourismus"],"share_on_mastodon":{"url":"https:\/\/pubeurope.com\/@de\/117066539555800755","error":""},"_links":{"self":[{"href":"https:\/\/www.europesays.com\/de\/wp-json\/wp\/v2\/posts\/1226579","targetHints":{"allow":["GET"]}}],"collection":[{"href":"https:\/\/www.europesays.com\/de\/wp-json\/wp\/v2\/posts"}],"about":[{"href":"https:\/\/www.europesays.com\/de\/wp-json\/wp\/v2\/types\/post"}],"author":[{"embeddable":true,"href":"https:\/\/www.europesays.com\/de\/wp-json\/wp\/v2\/users\/2"}],"replies":[{"embeddable":true,"href":"https:\/\/www.europesays.com\/de\/wp-json\/wp\/v2\/comments?post=1226579"}],"version-history":[{"count":0,"href":"https:\/\/www.europesays.com\/de\/wp-json\/wp\/v2\/posts\/1226579\/revisions"}],"wp:featuredmedia":[{"embeddable":true,"href":"https:\/\/www.europesays.com\/de\/wp-json\/wp\/v2\/media\/1226580"}],"wp:attachment":[{"href":"https:\/\/www.europesays.com\/de\/wp-json\/wp\/v2\/media?parent=1226579"}],"wp:term":[{"taxonomy":"category","embeddable":true,"href":"https:\/\/www.europesays.com\/de\/wp-json\/wp\/v2\/categories?post=1226579"},{"taxonomy":"post_tag","embeddable":true,"href":"https:\/\/www.europesays.com\/de\/wp-json\/wp\/v2\/tags?post=1226579"}],"curies":[{"name":"wp","href":"https:\/\/api.w.org\/{rel}","templated":true}]}}