{"id":1226591,"date":"2026-08-09T16:45:18","date_gmt":"2026-08-09T16:45:18","guid":{"rendered":"https:\/\/www.europesays.com\/de\/1226591\/"},"modified":"2026-08-09T16:45:18","modified_gmt":"2026-08-09T16:45:18","slug":"2-fussball-bundesliga-nuernberger-zoma-befeuert-mit-dreierpack-spekulationen-bayern","status":"publish","type":"post","link":"https:\/\/www.europesays.com\/de\/1226591\/","title":{"rendered":"2. Fu\u00dfball-Bundesliga &#8211; N\u00fcrnberger Zoma befeuert mit Dreierpack Spekulationen &#8211; Bayern"},"content":{"rendered":"<p data-manual=\"paragraph\" data-schema-org-speakable=\"true\" class=\"css-1eosz7k\">N\u00fcrnberg (dpa) &#8211; Nach seiner Drei-Tore-Show f\u00fcr den <a href=\"https:\/\/www.sueddeutsche.de\/thema\/1._FC_N%C3%BCrnberg\" rel=\"nofollow noopener\" target=\"_blank\">1. FC N\u00fcrnberg<\/a> beim Traumstart in die 2. <a href=\"https:\/\/www.sueddeutsche.de\/thema\/Fu%C3%9Fball\" rel=\"nofollow noopener\" target=\"_blank\">Fu\u00dfball<\/a>-Bundesliga nahm Mohamed Zoma ein besonderes Souvenir mit auf die Ehrenrunde. Der \u00fcberragende St\u00fcrmer der Franken schnappte sich den Spielball und genoss anschlie\u00dfend die Umarmungen seiner Teamkollegen sowie den Jubel der Fans.<\/p>\n<p data-manual=\"paragraph\" data-schema-org-speakable=\"true\" class=\"css-1eosz7k\">\u201eIch werde mit dem Ball heute Nacht schlafen\u201c, k\u00fcndigte der mit 14 Treffern schon in der vergangenen Saison erfolgreichste Torsch\u00fctze der Mannschaft von Trainer Miroslav Klose lachend nach dem 3:0 (2:0) gegen <a href=\"https:\/\/www.sueddeutsche.de\/thema\/Dynamo_Dresden\" rel=\"nofollow noopener\" target=\"_blank\">Dynamo Dresden<\/a> an.<\/p>\n<p>Nummer drei am Elfmeterpunkt<\/p>\n<p data-manual=\"paragraph\" data-schema-org-speakable=\"true\" class=\"css-1eosz7k\">Nach einem Fehlstart in der vergangenen Spielzeit mit nur einem Z\u00e4hler aus den ersten f\u00fcnf Partien sorgte Zoma nach einem Zuspiel von Finn Ole Becker schon in der neunten Minute f\u00fcr den perfekten N\u00fcrnberger Einstand.<\/p>\n<p><img decoding=\"async\" src=\"https:\/\/www.europesays.com\/de\/wp-content\/uploads\/2026\/08\/a54a4785-ed26-4f58-bf52-a94cad96bcd7.jpg\"   alt=\"Miroslav Klose erlebt einen Traumstart seiner N\u00fcrnberger.\" loading=\"lazy\" class=\"css-8atqhb\"\/>Miroslav Klose erlebt einen Traumstart seiner N\u00fcrnberger. Daniel L\u00f6b\/dpa<\/p>\n<p data-manual=\"paragraph\" data-schema-org-speakable=\"true\" class=\"css-1eosz7k\">Die 41.622 Zuschauer wurden beim zweiten Treffer des 22-J\u00e4hrigen etwas auf die Folter gespannt. Einen Lattenschuss von Tim Janisch staubte Zoma (45.+3) ab. Wegen vermeintlicher Abseitsposition musste aber der Videoschiedsrichter erst noch gr\u00fcnes Licht geben. Seinen dritten Treffer markierte Zoma (75.) im Nachschuss, nachdem er beim Foulelfmeter noch an Keeper Tim Schreiber gescheitert war. Es war sein zweiter Dreierpack in <a href=\"https:\/\/www.sueddeutsche.de\/thema\/Deutschland\" rel=\"nofollow noopener\" target=\"_blank\">Deutschland<\/a>.<\/p>\n<p>20 Millionen Euro Schmerzgrenze<\/p>\n<p data-manual=\"paragraph\" data-schema-org-speakable=\"true\" class=\"css-1eosz7k\">Der wendige St\u00fcrmer war vor einem Jahr von UC AlbinoLeffe aus Italiens dritter Liga gekommen. Jetzt konnte er erstmals die Sommervorbereitung mitmachen. Und nun liegt die Schmerzgrenze f\u00fcr einen kurzfristigen Wechsel Zomas bei 20 Millionen Euro Abl\u00f6se, wie Aufsichtsratschef Peter Meier erst vor wenigen Tagen \u201enn.de\u201c sagte.<\/p>\n<p data-manual=\"paragraph\" data-schema-org-speakable=\"true\" class=\"css-1eosz7k\">Der Angreifer f\u00fchlt sich wohl in N\u00fcrnberg. Spekulationen \u00fcber seine Zukunft konnte aber auch er nicht entsch\u00e4rfen. \u201eWenn ich bleibe, bleibe ich. Wenn ich gehe, gehe ich. Ich kann es jetzt nicht wissen\u201c, sagte er nach dem Sprung auf Tabellenplatz zwei nach dem ersten Spieltag. Das Transferfenster ist schlie\u00dflich noch ge\u00f6ffnet.<\/p>\n<p>Klose ist zuversichtlich bei Zoma<\/p>\n<p data-manual=\"paragraph\" data-schema-org-speakable=\"true\" class=\"css-1eosz7k\">Klose glaubt daran, dass Zoma bleibt. \u201eIch bin echt optimistisch und guter Dinge. Der Junge wei\u00df, dass er nicht fertig ist\u201c, meinte der Fu\u00dfball-Weltmeister von 2014. \u201eIch wei\u00df, dass er sich hier sehr wohlf\u00fchlt und eine Mannschaft hat, die ihn mag.\u201c Klose hat also \u201enicht das Gef\u00fchl, dass er irgendwo hin will\u201c.<\/p>\n<p data-manual=\"paragraph\" data-schema-org-speakable=\"true\" class=\"css-1eosz7k\">Zoma bekamen die Dresdner auf ihrer rechten Seite nie in den Griff. Im Mittelfeld der N\u00fcrnberger agierte Adam Markhiev als umsichtiger Taktgeber. Da waren auch kleinere Abstimmungsprobleme in der neuen Innenverteidigung aus Fynn Otto (SC Verl) und Alexios Kalogeropoulos (Olympiakos Pir\u00e4us) gegen harmlose Dresdner zu verschmerzen. F\u00fcnf Minuten vor dem Ende durfte Zoma unter dem Applaus der N\u00fcrnberger Fans dann vorzeitig zum Duschen.<\/p>\n<p data-manual=\"paragraph\" data-schema-org-speakable=\"true\" class=\"css-1eosz7k\">\u00a9 dpa-infocom, dpa:260809-930-505970\/1<\/p>\n","protected":false},"excerpt":{"rendered":"N\u00fcrnberg (dpa) &#8211; Nach seiner Drei-Tore-Show f\u00fcr den 1. FC N\u00fcrnberg beim Traumstart in die 2. Fu\u00dfball-Bundesliga nahm&hellip;\n","protected":false},"author":2,"featured_media":1226592,"comment_status":"","ping_status":"","sticky":false,"template":"","format":"standard","meta":{"footnotes":"","_share_on_mastodon":"0"},"categories":[1837],"tags":[783,621,772,3364,29,3766,347,30,13087,3783,859,149],"class_list":["post-1226591","post","type-post","status-publish","format-standard","has-post-thumbnail","category-nuernberg","tag-1-fc-nuernberg","tag-2-bundesliga","tag-bayern","tag-de","tag-deutschland","tag-dynamo-dresden","tag-fussball","tag-germany","tag-max-morlock-stadion","tag-nuernberg","tag-sachsen","tag-sueddeutsche-zeitung"],"share_on_mastodon":{"url":"https:\/\/pubeurope.com\/@de\/117066567068466955","error":""},"_links":{"self":[{"href":"https:\/\/www.europesays.com\/de\/wp-json\/wp\/v2\/posts\/1226591","targetHints":{"allow":["GET"]}}],"collection":[{"href":"https:\/\/www.europesays.com\/de\/wp-json\/wp\/v2\/posts"}],"about":[{"href":"https:\/\/www.europesays.com\/de\/wp-json\/wp\/v2\/types\/post"}],"author":[{"embeddable":true,"href":"https:\/\/www.europesays.com\/de\/wp-json\/wp\/v2\/users\/2"}],"replies":[{"embeddable":true,"href":"https:\/\/www.europesays.com\/de\/wp-json\/wp\/v2\/comments?post=1226591"}],"version-history":[{"count":0,"href":"https:\/\/www.europesays.com\/de\/wp-json\/wp\/v2\/posts\/1226591\/revisions"}],"wp:featuredmedia":[{"embeddable":true,"href":"https:\/\/www.europesays.com\/de\/wp-json\/wp\/v2\/media\/1226592"}],"wp:attachment":[{"href":"https:\/\/www.europesays.com\/de\/wp-json\/wp\/v2\/media?parent=1226591"}],"wp:term":[{"taxonomy":"category","embeddable":true,"href":"https:\/\/www.europesays.com\/de\/wp-json\/wp\/v2\/categories?post=1226591"},{"taxonomy":"post_tag","embeddable":true,"href":"https:\/\/www.europesays.com\/de\/wp-json\/wp\/v2\/tags?post=1226591"}],"curies":[{"name":"wp","href":"https:\/\/api.w.org\/{rel}","templated":true}]}}