{"id":1226705,"date":"2026-08-09T17:56:34","date_gmt":"2026-08-09T17:56:34","guid":{"rendered":"https:\/\/www.europesays.com\/de\/1226705\/"},"modified":"2026-08-09T17:56:34","modified_gmt":"2026-08-09T17:56:34","slug":"gluecksgefuehle-im-wildpark-karlsruher-sc-schlaegt-bielefeld-mit-21-sport","status":"publish","type":"post","link":"https:\/\/www.europesays.com\/de\/1226705\/","title":{"rendered":"Gl\u00fccksgef\u00fchle im Wildpark: Karlsruher SC schl\u00e4gt Bielefeld mit 2:1 &#8211; Sport"},"content":{"rendered":"<p>Selten war der Neubeginn beim Karlsruher SC von den Fans so herbeigesehnt und mit Erwartungen \u00fcberfrachtet worden wie in diesem Jahr. Selten gab es so viele Neuerungen: einen neuen Trainer, ein neues Spielsystem, viele neue Spieler. Wie gut, dass die hohen Erwartungen zum Auftakt nicht zum Hemmschuh gerieten. Mit 2:1 (1:0) hat der badische Zweitligist vor fast ausverkauftem Haus Arminia Bielefeld geschlagen. Bei den Toren gingen Altbew\u00e4hrtes und Neues eine fruchtbare Symbiose ein.<\/p>\n<p>Beide Tore wurden von KSC-Urgestein Marvin Wanitzek vorbereitet, beide dann von KSC-Deb\u00fctant Moritz Broschinski vollendet (35., 78.).<\/p>\n<blockquote>\n<p>\u201eIch bin hier, um Spa\u00df<\/p>\n<\/blockquote>\n","protected":false},"excerpt":{"rendered":"Selten war der Neubeginn beim Karlsruher SC von den Fans so herbeigesehnt und mit Erwartungen \u00fcberfrachtet worden wie&hellip;\n","protected":false},"author":2,"featured_media":1226706,"comment_status":"","ping_status":"","sticky":false,"template":"","format":"standard","meta":{"footnotes":"","_share_on_mastodon":"0"},"categories":[1841],"tags":[1605,3364,29,30,8903,28518,1209,3866],"class_list":["post-1226705","post","type-post","status-publish","format-standard","has-post-thumbnail","category-bielefeld","tag-bielefeld","tag-de","tag-deutschland","tag-germany","tag-karlsruhe","tag-ksc","tag-nordrhein-westfalen","tag-veranstaltungen"],"share_on_mastodon":{"url":"https:\/\/pubeurope.com\/@de\/117066844581943272","error":""},"_links":{"self":[{"href":"https:\/\/www.europesays.com\/de\/wp-json\/wp\/v2\/posts\/1226705","targetHints":{"allow":["GET"]}}],"collection":[{"href":"https:\/\/www.europesays.com\/de\/wp-json\/wp\/v2\/posts"}],"about":[{"href":"https:\/\/www.europesays.com\/de\/wp-json\/wp\/v2\/types\/post"}],"author":[{"embeddable":true,"href":"https:\/\/www.europesays.com\/de\/wp-json\/wp\/v2\/users\/2"}],"replies":[{"embeddable":true,"href":"https:\/\/www.europesays.com\/de\/wp-json\/wp\/v2\/comments?post=1226705"}],"version-history":[{"count":0,"href":"https:\/\/www.europesays.com\/de\/wp-json\/wp\/v2\/posts\/1226705\/revisions"}],"wp:featuredmedia":[{"embeddable":true,"href":"https:\/\/www.europesays.com\/de\/wp-json\/wp\/v2\/media\/1226706"}],"wp:attachment":[{"href":"https:\/\/www.europesays.com\/de\/wp-json\/wp\/v2\/media?parent=1226705"}],"wp:term":[{"taxonomy":"category","embeddable":true,"href":"https:\/\/www.europesays.com\/de\/wp-json\/wp\/v2\/categories?post=1226705"},{"taxonomy":"post_tag","embeddable":true,"href":"https:\/\/www.europesays.com\/de\/wp-json\/wp\/v2\/tags?post=1226705"}],"curies":[{"name":"wp","href":"https:\/\/api.w.org\/{rel}","templated":true}]}}