{"id":1226844,"date":"2026-08-09T19:26:28","date_gmt":"2026-08-09T19:26:28","guid":{"rendered":"https:\/\/www.europesays.com\/de\/1226844\/"},"modified":"2026-08-09T19:26:28","modified_gmt":"2026-08-09T19:26:28","slug":"erste-tickets-fuer-das-bielefelder-spiegelzelt-im-ravensberger-park-das-programm","status":"publish","type":"post","link":"https:\/\/www.europesays.com\/de\/1226844\/","title":{"rendered":"Erste Tickets f\u00fcr das Bielefelder Spiegelzelt im Ravensberger Park \u2013 das Programm"},"content":{"rendered":"<p id=\"absatz1\" class=\"em_text\">Bielefeld. Es dauert keine 100 Tage mehr, dann klopfen die M\u00e4nner des belgischen Familienunternehmens \u201eHet Spiegelpalais\u201c wieder ihre armdicken Heringe in den Boden des Ravensberger Parks und errichten zwei Tage lang das Bielefelder Spiegelzelt. Zum f\u00fcnften Mal in Folge, da kann man schon von Tradition sprechen, von einem Aush\u00e4ngeschild f\u00fcr die kulturelle Vielfalt am Teuto.<\/p>\n<p id=\"absatz2\" class=\"em_text\">Sind dann die fl\u00e4mischen 30-Tonner ausgeladen, stehen dann die Eichenholzw\u00e4nde, sind die bunten Bleiglasfenster eingebaut, die Tische und St\u00fchle in den 18, kreisrund angeordneten Nischen an ihrem Platz, die f\u00fcnf Meter lange Bar an Ort und Stelle, ist alles installiert, verkabelt und verst\u00f6pselt, sind die unz\u00e4hligen Gl\u00fchbirnen eingeschraubt und hat man auch die Blumenvasen auf den Tischen nicht vergessen, dann strahlt diese 102 Jahre alte historische Spielst\u00e4tte den ganzen Sp\u00e4therbst bis nach Weihnachten.<\/p>\n<p>Strahlen des Gl\u00fccks<\/p>\n<p id=\"absatz3\" class=\"em_text\">Das Spiegelzelt leuchtet von innen, strahlt W\u00e4rme und sanftes Licht aus. Ein kultureller Leuchtturm rund um die Adventszeit, der weit \u00fcber die Stadtgrenzen Bielefelds hinweg strahlt. Diese W\u00e4rme und das Licht kann man gut gebrauchen, wenn es drau\u00dfen kalt und dunkel ist.<\/p>\n<p id=\"absatz4\" class=\"em_text\">Auch hinter den Kulissen der Programmverantwortlichen von Stratmann Event wird noch kr\u00e4ftig gewerkelt und geschraubt, einige Highlights sind terminlich aber schon eingepflockt, der Vorverkauf f\u00fcr Tickets hat f\u00fcr einige Veranstaltungen bereits begonnen in der Gesch\u00e4ftsstelle der Neuen Westf\u00e4lischen in der Niedernstra\u00dfe und online unter <a href=\"https:\/\/www.nw.de\/events.de\" target=\"_blank\" rel=\"nofollow noopener\">www.nw.de\/events.de<\/a>.<\/p>\n<p>\n        \u00d7\n    <\/p>\n<p>\n            Sie erhalten in wenigen Minuten eine E-Mail zur Best\u00e4tigung Ihrer Anmeldung.\n        <\/p>\n<p>Erst danach ist diese abgeschlossen.<\/p>\n<p>Bitte pr\u00fcfen Sie auch den Spam-Ordner.<\/p>\n<p>\n        \u00d7\n    <\/p>\n<p>\n            Sie haben bisher Ihre E-Mail-Adresse noch nicht best\u00e4tigt.\n        <\/p>\n<p>Erst danach ist diese abgeschlossen.<\/p>\n<p>Bitte pr\u00fcfen Sie auch den Spam-Ordner.<\/p>\n<p>\n        \u00d7\n    <\/p>\n<p>\n            Es ist einen Fehler aufgetreten\n        <\/p>\n<p>Bei Fragen hilft unser Newsletter-Support<\/p>\n<p> Newsletter<\/p>\n<p> Aus Bielefeld<\/p>\n<p>W\u00f6chentliche News direkt aus der Redaktion Bielefeld.<\/p>\n<p>                Jetzt anmelden<\/p>\n<p>Feuchtfr\u00f6hlicher Frauenabend<\/p>\n<p id=\"absatz5\" class=\"em_text\">Bereits verf\u00fcgbar sind Karten f\u00fcr \u201eWeiber 3.0 \u2013 ein hei\u00dfer M\u00e4delsabend\u201c, Premiere ist am Mittwoch, 4. November, um 19.30 Uhr. Die leicht verpeilten Girlies Anke, B\u00e4rbel und Claudia haben ihr neues \u2013 das mittlerweile dritte \u2013 unfreiwilliges Abenteuerland gefunden in einem ranzigen Rasthaus, wo sie die Korken knallen lassen wollen. Da bleibt kein Auge trocken bei den insgesamt neun Auff\u00fchrungen bis Sonntag, 15. November. Dem chaotisch-witzigen Lustspiel k\u00f6nnen die G\u00e4ste im Zeltrund ab 36,95 Euro beiwohnen. \u201eWeiber 3.0\u201c bezieht sich \u2013 auch wenn man es vermuten k\u00f6nnte \u2013 nicht auf den Promillewert der Damen.<\/p>\n<p id=\"absatz6\"><b class=\"bold\">Lesen Sie auch: <\/b><a href=\"https:\/\/www.nw.de\/lokal\/bielefeld\/mitte\/24213271_Die-wilden-Weiber-2.0-sind-los-Premiere-im-Bielefelder-Spiegelzelt.html\" rel=\"nofollow noopener\" target=\"_blank\"> So viel Spa\u00df hatten die \u201eWeiber\u201c im letzten Jahr: Die wilden \u201eWeiber 2.0\u201c sind los<\/a><\/p>\n<p id=\"absatz7\" class=\"em_text\">Das \u201eImpro-Krimi-Dinner\u201c mit dem Theater Ph\u00f6nixallee am Freitag, 20. November, ab 19.15 Uhr, ist schon ziemlich voll, kein Wunder: Theater zum Anfassen, Mitraten und Mitfiebern. Serviert mit feiner Kost und noch feinerem Humor. Das geschmackvolle 3-G\u00e4nge-Men\u00fc richten die K\u00f6che des Restaurants Scaraba\u00e9 an, das gleich gegen\u00fcber an der Bleichstra\u00dfe liegt.<\/p>\n<\/p>\n<p id=\"absatz8\" class=\"em_text\">Auf der Krimi-Karte stehen orientalische rote Linsensuppe mit einem Hauch von frischer Minze, geschmorter Rinderbraten mit Rosmarinkartoffeln und s\u00fcndigem Portweinjus (K\u00fcrbis-Kichererbsen-Curry mit Zuckerschoten und duftem Basmati-Reis als vegetarische Alternative) und fruchtiges Apfelkompott, cremiger Vanillepudding mit knusprigem Keks-Crumble als Dessert. Die wenigen Tickets sind ab 96,95 Euro zu haben.<\/p>\n<p>Eine \u201esch\u00f6ne Bescherung\u201c kurz vor Heilig Abend<\/p>\n<p id=\"absatz9\">Ebenfalls nur noch Restkarten ab 47,95 Euro gibt es f\u00fcr das Gastspiel von Ross Antony und Paul Reeves am Montag, 14. Dezember. Na, das kann ja eine sch\u00f6ne Beschwerung werden kurz vor Heiligabend, auch deshalb, weil das Publikum angehalten ist, mit kreativen Klamotten, verr\u00fccktem Fummel oder festlichem Gewand \u00fcber den roten Teppich vor dem Zelt ebendort hinein zu schreiten. Witzbold Ross und Operns\u00e4nger Paul erledigen den Rest. <\/p>\n<p id=\"absatz10\" class=\"em_text\">Auch die Candle Night \u201eVon ABBA bis Queen &#8211; Pop Hits im romantischen Kerzenschein\u201c am Sonntag, 22. November, ab 18.30 Uhr ist sicher auch eine geeignete Gelegenheit, sich optisch ein wenig aufzubrezeln, eine Woche vor dem 1. Advent. Das \u201eQuartetto de 16 corde\u201c zeigt vielleicht mit seinen Streichern (zwei Violinen, Viola, Cello), dass \u201eWe will rock you\u201c auch besinnlich geht. Tickets sind ab 31,85 Euro zu bekommen.<\/p>\n<p id=\"absatz11\"><b class=\"bold\">Zum Thema:<\/b><a href=\"https:\/\/www.nw.de\/lokal\/bielefeld\/mitte\/24216220_Mit-vielen-Fotos-Bielefelder-Spiegelzelt-begeistert-mit-Konzert-im-Kerzenschein.html\" rel=\"nofollow noopener\" target=\"_blank\"> <\/a><a href=\"https:\/\/www.nw.de\/lokal\/bielefeld\/mitte\/24216220_Mit-vielen-Fotos-Bielefelder-Spiegelzelt-begeistert-mit-Konzert-im-Kerzenschein.html\" rel=\"nofollow noopener\" target=\"_blank\">Bielefelder Spiegelzelt begeistert mit Konzert im Kerzenschein<\/a><\/p>\n<p id=\"absatz12\">Weniger besinnlich wird es nach Weihnachten am Sonntag, 27. Dezember, ab 17.30 Uhr, wenn DJ Steven Murphy mit seiner extrem tanzbaren Musik das Zelt ins Wackeln bringt. Dann werden auch die, dann st\u00f6renden St\u00fchle und Tische samt Blumenvasen wegger\u00e4umt. Ein Stehplatz, besser Tanzplatz, kostet 18,02 Euro (alle Preisangaben zzgl. Geb\u00fchr).<\/p>\n<p>        <a href=\"https:\/\/www.nw.de\/_em_daten\/_cache\/image\/1xMTVCd0pIYzQ1VjQwd0J0ODN6amRGN2Yva3JJQXhDZnBiVUY3UjFxWVFXc0hUMTFCZlArSEx3c1BTaEVyd1BqQzJveHJ6aFFXRUVHN0JNMTBtV3hsUTl2VkZKdEZhTUo5T1R4VW9xdEZqZVE9\/260809-1520-919233248.jpg\" class=\"nw-article-image\" title=\"Anmutende Artistik beim Programm des WOW-Variet\u00e9s\" data-glightbox=\"type: image; description: Anmutende Artistik beim Programm des WOW-Variet\u00e9s  | \u00a9 WOW \" rel=\"nofollow noopener\" target=\"_blank\"><br \/>\n            <img decoding=\"async\" src=\"https:\/\/www.europesays.com\/de\/wp-content\/uploads\/2026\/08\/260809-1520-919233248.jpg\" class=\"nw-img-fluid nw-w-full nw-lazy nw-rounded-t-md\" alt=\"Anmutende Artistik beim Programm des WOW-Variet\u00e9s - \u00a9 WOW\" data-format=\"16:9\"\/><br \/>\n        <\/a><\/p>\n<p>                Anmutende Artistik beim Programm des WOW-Variet\u00e9s<br \/>\n                                    | \u00a9 WOW<\/p>\n<p id=\"absatz13\" class=\"em_text\">Am kommenden Donnerstag, 6. August, startet der Vorverkauf f\u00fcr das WOW-Variet\u00e9. Zwischen dem 25. November und Nikolaus wird es ein Dutzend Vorstellungen geben, an den Wochenenden auch nachmittags (samstags um 14 Uhr, sonntags um 17 Uhr). Die Abendvorstellungen mittwochs bis samstags beginnen jeweils um 19.30 Uhr. F\u00fcr das WOW-Variet\u00e9 kann ein 3-G\u00e4nge-Men\u00fc f\u00fcr 42 Euro dazugebucht werden. Conferencier des Variet\u00e9 wird \u00fcbrigens der bekannte Moderator Archie Clapp. Er f\u00fchrt das Publikum durch das Programm &#8211; eine Mischung aus Artistik, Comedy und Zauberei.<\/p>\n<p>Neu im Spiegelzelt: Am 11.11. sind die Narren los<\/p>\n<p id=\"absatz14\" class=\"em_text\">Auch in diesem Jahr werden im Spiegelzelt wieder schwarz-wei\u00df-blaue Fahnen wehen. Drei Arminen-Abende werden derzeit vorbereitet: der traditionelle \u201eLegenden-Abend\u201c, ein Abend anl\u00e4sslich des 100. Geburtstages der Alm und die Quiz-Show \u201eSchwarz-wei\u00df-schlau\u201c. Tickets gibt es ab dem 8. September.<\/p>\n<p id=\"absatz15\" class=\"em_text\"><a href=\"https:\/\/www.nw.de\/lokal\/bielefeld\/mitte\/24235228_Arminia-Talk-mit-Damen-Bundestrainer-Vom-Bielefelder-Tierpark-auf-die-Buehne-im-Spiegelzelt.html\" rel=\"nofollow noopener\" target=\"_blank\">Publikumsmagnet Legendenabend: Arminia-Talk mit Damen-Bundestrainer &#8211; vom Bielefelder Tierpark auf die B\u00fchne im Spiegelzelt<\/a><\/p>\n<p id=\"absatz16\">Auch etwas Neues haben sich die kreativen K\u00f6pfe von Stratmann Event einfallen lassen, der Termin steht schon fest: 11. November, Beginn wahrscheinlich um 11.11 Uhr. Es ist nicht schwer zu erraten, die Narren sind dann los, Pappnasen-Invasion im Ravensberger Park. Und wenn dann allm\u00e4hlich die besinnliche Zeit beginnt, dann kann das Spiegelzelt auch f\u00fcr Firmen- und Weihnachtsfeiern gebucht werden. Anfragen und Infos an Franziska Peitzmeier telefonisch unter (0521) 5 60 50 23 oder per E-Mail: <a href=\"https:\/\/www.nw.de\/lokal\/bielefeld\/mitte\/mailto:fp%40stratmann-event.de\" rel=\"nofollow noopener\" target=\"_blank\">fp@stratmann-event.de<\/a><\/p>\n<p id=\"absatz17\">\ud83d\udcf1 <b class=\"TextRun SCXW113160150 BCX8 NormalTextRun SCXW113160150 BCX8 bold\">News direkt aufs Smartphone: <\/b><a href=\"https:\/\/whatsapp.com\/channel\/0029VaeYHJ40Qeam4DWyn109\" rel=\"noreferrer noopener nofollow\" target=\"_blank\">Hier finden Sie den kostenlosen Whatsapp-Kanal der NW-Bielefeld<\/a>  <\/p>\n","protected":false},"excerpt":{"rendered":"Bielefeld. Es dauert keine 100 Tage mehr, dann klopfen die M\u00e4nner des belgischen Familienunternehmens \u201eHet Spiegelpalais\u201c wieder ihre&hellip;\n","protected":false},"author":2,"featured_media":1226845,"comment_status":"","ping_status":"","sticky":false,"template":"","format":"standard","meta":{"footnotes":"","_share_on_mastodon":"0"},"categories":[1841],"tags":[4594,1605,102818,3364,29,30,9311,9307,730,16359,16401,198343,736,164252,9312,1613,1209,198029,32881,14521,254758,103721,5435,12289],"class_list":["post-1226844","post","type-post","status-publish","format-standard","has-post-thumbnail","category-bielefeld","tag-bar","tag-bielefeld","tag-cnt_aufmacher","tag-de","tag-deutschland","tag-germany","tag-label_familie-freizeit","tag-label_foto","tag-label_grafik","tag-label_inspiriere-mich","tag-label_xxl-200","tag-meta_artikelklasse_aboanker","tag-meta_copyrights_nw","tag-meta_eo_zusammenfassung","tag-meta_themen_familie_bildung_freizeit","tag-meta_userneeds_informieremich","tag-nordrhein-westfalen","tag-paul-reeves","tag-ravensberger-park","tag-ross-antony","tag-spiegelpalais","tag-spiegelzelt","tag-vorverkauf","tag-weihnachten"],"share_on_mastodon":{"url":"","error":"Validation failed: Text character limit of 500 exceeded"},"_links":{"self":[{"href":"https:\/\/www.europesays.com\/de\/wp-json\/wp\/v2\/posts\/1226844","targetHints":{"allow":["GET"]}}],"collection":[{"href":"https:\/\/www.europesays.com\/de\/wp-json\/wp\/v2\/posts"}],"about":[{"href":"https:\/\/www.europesays.com\/de\/wp-json\/wp\/v2\/types\/post"}],"author":[{"embeddable":true,"href":"https:\/\/www.europesays.com\/de\/wp-json\/wp\/v2\/users\/2"}],"replies":[{"embeddable":true,"href":"https:\/\/www.europesays.com\/de\/wp-json\/wp\/v2\/comments?post=1226844"}],"version-history":[{"count":0,"href":"https:\/\/www.europesays.com\/de\/wp-json\/wp\/v2\/posts\/1226844\/revisions"}],"wp:featuredmedia":[{"embeddable":true,"href":"https:\/\/www.europesays.com\/de\/wp-json\/wp\/v2\/media\/1226845"}],"wp:attachment":[{"href":"https:\/\/www.europesays.com\/de\/wp-json\/wp\/v2\/media?parent=1226844"}],"wp:term":[{"taxonomy":"category","embeddable":true,"href":"https:\/\/www.europesays.com\/de\/wp-json\/wp\/v2\/categories?post=1226844"},{"taxonomy":"post_tag","embeddable":true,"href":"https:\/\/www.europesays.com\/de\/wp-json\/wp\/v2\/tags?post=1226844"}],"curies":[{"name":"wp","href":"https:\/\/api.w.org\/{rel}","templated":true}]}}