{"id":1226854,"date":"2026-08-09T19:33:17","date_gmt":"2026-08-09T19:33:17","guid":{"rendered":"https:\/\/www.europesays.com\/de\/1226854\/"},"modified":"2026-08-09T19:33:17","modified_gmt":"2026-08-09T19:33:17","slug":"ukraine-krieg-aktuell-angriff-aus-russland-fuehrt-zu-stromausfall-in-odessa","status":"publish","type":"post","link":"https:\/\/www.europesays.com\/de\/1226854\/","title":{"rendered":"Ukraine-Krieg aktuell: Angriff aus Russland f\u00fchrt zu Stromausfall in Odessa"},"content":{"rendered":"<p>&#8222;Absolut zufrieden&#8220;: Selenskyj zieht Bilanz nach 40-Tage-Mission<\/p>\n<p class=\"text-18 leading-17 user-text-lg:text-22 user-text-xl:text-24\">Der ukrainische Pr\u00e4sident Wolodymyr Selenskyj hat sich nach einer 40-t\u00e4gigen Operation gegen russische Logistikziele &#8222;absolut zufrieden&#8220; gezeigt. Die Kampagne habe <a href=\"https:\/\/www.t-online.de\/themen\/russland\/\" class=\"transition-colors cursor-pointer no-underline md:hover:text-magenta md:focus:text-magenta border-b border-solid border-current text-salemsfur md:hover:border-magenta\" data-tracking=\"{&quot;action&quot;:&quot;click&quot;,&quot;category&quot;:&quot;intextLink&quot;,&quot;label&quot;:&quot;\/themen\/russland\/&quot;}\" data-sctrack=\"BodyAnchor\" rel=\"nofollow noopener\" target=\"_blank\">Russland<\/a> nach ukrainischen Angaben Verluste von rund einer Billion Rubel (etwa 10,6 Milliarden Euro) zugef\u00fcgt, sagte Selenskyj in einem Interview im ukrainischen Fernsehen.<\/p>\n<p class=\"text-18 leading-17 user-text-lg:text-22 user-text-xl:text-24\">Selenskyj hatte den ukrainischen Inlandsgeheimdienst SBU Ende Juni mit der Operation beauftragt. Nach Angaben des SBU zielte sie darauf, zentrale Elemente der russischen Milit\u00e4rmaschinerie gleichzeitig zu schw\u00e4chen. Dazu sollen Angriffe auf russische Tanker geh\u00f6rt haben, die die besetzte Krim versorgen, sowie die Zerst\u00f6rung mehrerer Lager des Onlineh\u00e4ndlers Wildberries. Nach Beginn russischer Angriffe auf ukrainische Logistik habe die Ukraine &#8222;geantwortet&#8220;, so Selenskyj.<\/p>\n<p class=\"text-18 leading-17 user-text-lg:text-22 user-text-xl:text-24\">Selenskyj deutete weitere Angriffe an, sollte Russland ukrainische Versorgungswege weiter attackieren. &#8222;Ich w\u00fcrde Russland nicht raten, weiter ukrainische Logistik anzugreifen, weil wir sehr genau untersucht haben, wie die russische Logistik aussieht&#8220;, sagte er. Zugleich verwies Selenskyj auf die Folgen f\u00fcr die russische Bev\u00f6lkerung. Dass Waren wegen unterbrochener Lieferketten nicht bei Verbrauchern ank\u00e4men, w\u00fcrde in Russland sp\u00fcrbar werden.<\/p>\n<p>R\u00e4tsel um Putin-Telefonat<\/p>\n<p class=\"text-18 leading-17 user-text-lg:text-22 user-text-xl:text-24\"><a href=\"https:\/\/www.t-online.de\/themen\/wladimir-putin\/\" class=\"transition-colors cursor-pointer no-underline md:hover:text-magenta md:focus:text-magenta border-b border-solid border-current text-salemsfur md:hover:border-magenta\" data-tracking=\"{&quot;action&quot;:&quot;click&quot;,&quot;category&quot;:&quot;intextLink&quot;,&quot;label&quot;:&quot;\/themen\/wladimir-putin\/&quot;}\" data-sctrack=\"BodyAnchor\" rel=\"nofollow noopener\" target=\"_blank\">Wladimir Putin<\/a> l\u00e4sst sich zur Frontlage berichten. Doch sein Gespr\u00e4ch mit einem Kommandeur wirft Fragen auf. <a href=\"https:\/\/www.t-online.de\/nachrichten\/ukraine\/id_101380518\/wladimir-putin-spricht-mit-kommandeur-doch-der-ist-offenbar-lange-tot.html\" class=\"transition-colors cursor-pointer no-underline md:hover:text-magenta md:focus:text-magenta border-b border-solid border-current text-salemsfur md:hover:border-magenta\" data-tracking=\"{&quot;action&quot;:&quot;click&quot;,&quot;category&quot;:&quot;intextLink&quot;,&quot;label&quot;:&quot;\/nachrichten\/ukraine\/id_101380518\/wladimir-putin-spricht-mit-kommandeur-doch-der-ist-offenbar-lange-tot.html&quot;}\" data-sctrack=\"BodyAnchor\" rel=\"nofollow noopener\" target=\"_blank\">Lesen Sie hier mehr \u00fcber Putins Telefonat.<\/a><\/p>\n<p>Mehrere Tote nach russischen Angriffen<\/p>\n<p class=\"text-18 leading-17 user-text-lg:text-22 user-text-xl:text-24\">Bei einer Serie von russischen Angriffen auf ukrainische Regionen sind mehrere Menschen get\u00f6tet und verletzt worden. In der Region Dnipro kamen nach Angaben der Beh\u00f6rden mindestens zwei Menschen ums Leben, zwei weitere Personen wurden verletzt. Russische Milit\u00e4rs hatten die Oblast mit Artillerie und Fliegerbomben angegriffen, teilte der regionale Milit\u00e4rverwalter Olexander Ganscha auf Telegram mit. In der ostukrainischen Gro\u00dfstadt Charkiw wurde ein 68-J\u00e4hriger nach Angaben der Beh\u00f6rden durch eine Drohne get\u00f6tet, eine 46-j\u00e4hrige Frau wurde bei der Explosion einer Angriffsdrohne schwer verletzt.<\/p>\n<p>Kiew warnt vor Putins heimlicher Mobilisierung<\/p>\n<p class=\"text-18 leading-17 user-text-lg:text-22 user-text-xl:text-24\">Kremlchef Wladimir Putin ist nach Ansicht des ukrainischen Pr\u00e4sidenten Wolodymyr Selenskyj bereit zu einer weiteren Steigerung von Russlands Angriffskrieg gegen die Ukraine. Mit einer m\u00f6glichen neuen Massen-Mobilmachung solle eventuell auch Europa unter Druck gesetzt werden, sagte Selenskyj in einem Interview mit ukrainischen Sendern.<\/p>\n<p class=\"text-18 leading-17 user-text-lg:text-22 user-text-xl:text-24\">Nach einer versteckten Einberufung von hunderttausenden Russen zum Milit\u00e4rdienst k\u00f6nnten diese Streitkr\u00e4fte nicht nur f\u00fcr den aktuellen Ukraine-Krieg, sondern auch zur psychologischen Beeinflussung europ\u00e4ischer L\u00e4nder vorgesehen sein. &#8222;Wozu? Um zu zeigen, dass ich im Herbst eine halbe Million Menschen mobilisieren werde. Und diese halbe Million werde ich nicht unbedingt nur in der Ukraine einsetzen&#8220;, erl\u00e4uterte Selenskyj.<\/p>\n<p>Loading&#8230;<\/p>\n<p>Loading&#8230;<\/p>\n<p>Loading&#8230;<\/p>\n","protected":false},"excerpt":{"rendered":"&#8222;Absolut zufrieden&#8220;: Selenskyj zieht Bilanz nach 40-Tage-Mission Der ukrainische Pr\u00e4sident Wolodymyr Selenskyj hat sich nach einer 40-t\u00e4gigen Operation&hellip;\n","protected":false},"author":2,"featured_media":1226855,"comment_status":"","ping_status":"","sticky":false,"template":"","format":"standard","meta":{"footnotes":"","_share_on_mastodon":"0"},"categories":[4013],"tags":[1217,326,6079,331,332,2140,18983,12315,4960,1478,663,34388,13,254763,6555,5793,2776,451,308,14,15,3129,885,18223,4043,4044,850,307,12,5157,5667,143,317,312,8957,64,306,107],"class_list":["post-1226854","post","type-post","status-publish","format-standard","has-post-thumbnail","category-russland","tag-1217","tag-326","tag-6079","tag-aktuelle-nachrichten","tag-aktuelle-news","tag-angriff","tag-angriffskrieg","tag-aussenministerium-der-vereinigten-staaten","tag-charkiw","tag-drohne","tag-europa","tag-grossangriff","tag-headlines","tag-iist","tag-joe-biden","tag-kiew","tag-logistik","tag-militaer","tag-moskau","tag-nachrichten","tag-news","tag-newsblog","tag-nordkorea","tag-odessa","tag-russia","tag-russian-federation","tag-russische-foederation","tag-russland","tag-schlagzeilen","tag-serbien","tag-stromausfall","tag-tuerkei","tag-ukraine","tag-ukrainekrieg","tag-us-armee","tag-usa","tag-wladimir-putin","tag-wolodymyr-selenskyj"],"share_on_mastodon":{"url":"","error":"Validation failed: Text character limit of 500 exceeded"},"_links":{"self":[{"href":"https:\/\/www.europesays.com\/de\/wp-json\/wp\/v2\/posts\/1226854","targetHints":{"allow":["GET"]}}],"collection":[{"href":"https:\/\/www.europesays.com\/de\/wp-json\/wp\/v2\/posts"}],"about":[{"href":"https:\/\/www.europesays.com\/de\/wp-json\/wp\/v2\/types\/post"}],"author":[{"embeddable":true,"href":"https:\/\/www.europesays.com\/de\/wp-json\/wp\/v2\/users\/2"}],"replies":[{"embeddable":true,"href":"https:\/\/www.europesays.com\/de\/wp-json\/wp\/v2\/comments?post=1226854"}],"version-history":[{"count":0,"href":"https:\/\/www.europesays.com\/de\/wp-json\/wp\/v2\/posts\/1226854\/revisions"}],"wp:featuredmedia":[{"embeddable":true,"href":"https:\/\/www.europesays.com\/de\/wp-json\/wp\/v2\/media\/1226855"}],"wp:attachment":[{"href":"https:\/\/www.europesays.com\/de\/wp-json\/wp\/v2\/media?parent=1226854"}],"wp:term":[{"taxonomy":"category","embeddable":true,"href":"https:\/\/www.europesays.com\/de\/wp-json\/wp\/v2\/categories?post=1226854"},{"taxonomy":"post_tag","embeddable":true,"href":"https:\/\/www.europesays.com\/de\/wp-json\/wp\/v2\/tags?post=1226854"}],"curies":[{"name":"wp","href":"https:\/\/api.w.org\/{rel}","templated":true}]}}