{"id":1226878,"date":"2026-08-09T19:48:17","date_gmt":"2026-08-09T19:48:17","guid":{"rendered":"https:\/\/www.europesays.com\/de\/1226878\/"},"modified":"2026-08-09T19:48:17","modified_gmt":"2026-08-09T19:48:17","slug":"mann-sperrt-fremden-in-stein-stundenlang-ein-und-schlaegt-ihn","status":"publish","type":"post","link":"https:\/\/www.europesays.com\/de\/1226878\/","title":{"rendered":"Mann sperrt Fremden in Stein stundenlang ein und schl\u00e4gt ihn"},"content":{"rendered":"<p>Ein Mann ist am gestrigen Samstag in Stein im Landkreis F\u00fcrth stundenlang eingesperrt und geschlagen worden, so die Polizei. Ein Spezialeinsatzkommando (SEK) der Polizei wurde gerufen, aber da hatte der T\u00e4ter die Wohnung schon verlassen.<\/p>\n<p>Ein Mann hatte nach einem Streit offenbar wahllos an mehreren T\u00fcren geklingelt, teilte die Polizei mit. Nachdem ein 37-J\u00e4hriger \u00f6ffnete, wurde er unter einem Vorwand in die Wohnung des Tatverd\u00e4chtigen gelockt. Dort \u00fcberzog ihn der ein Jahr J\u00fcngere mit Vorw\u00fcrfen und unterstellte ihm ein Verh\u00e4ltnis mit seiner Frau. Daraufhin sperrte er sein Opfer \u00fcber Stunden in der Wohnung ein und schlug den Mann mehrfach, sodass er massive H\u00e4matome davontrug.<\/p>\n<p>Tatverd\u00e4chtiger unter Drogen<\/p>\n<p>Schlie\u00dflich gelang es dem Opfer, die Wohnung zu verlassen und die Polizei zu verst\u00e4ndigen. Am Abend r\u00fcckte ein Spezialeinsatzkommando an, aber der 36-J\u00e4hrige hatte die Wohnung bereits verlassen. Als er gegen 22.15 Uhr nach Hause kam, wurde er von Zivilpolizisten festgenommen. Er stand der Polizei zufolge unter dem Einfluss von Drogen und verhielt sich auff\u00e4llig. Nun muss ein Ermittlungsrichter entscheiden, ob der Mann in Untersuchungshaft genommen wird.<\/p>\n","protected":false},"excerpt":{"rendered":"Ein Mann ist am gestrigen Samstag in Stein im Landkreis F\u00fcrth stundenlang eingesperrt und geschlagen worden, so die&hellip;\n","protected":false},"author":2,"featured_media":1226879,"comment_status":"","ping_status":"","sticky":false,"template":"","format":"standard","meta":{"footnotes":"","_share_on_mastodon":"0"},"categories":[1837],"tags":[772,3364,29,30,4156,3783,121,15103,14177,10354],"class_list":["post-1226878","post","type-post","status-publish","format-standard","has-post-thumbnail","category-nuernberg","tag-bayern","tag-de","tag-deutschland","tag-germany","tag-mittelfranken","tag-nuernberg","tag-polizei","tag-sek","tag-spezialeinsatzkommando","tag-stein"],"share_on_mastodon":{"url":"https:\/\/pubeurope.com\/@de\/117067285022698669","error":""},"_links":{"self":[{"href":"https:\/\/www.europesays.com\/de\/wp-json\/wp\/v2\/posts\/1226878","targetHints":{"allow":["GET"]}}],"collection":[{"href":"https:\/\/www.europesays.com\/de\/wp-json\/wp\/v2\/posts"}],"about":[{"href":"https:\/\/www.europesays.com\/de\/wp-json\/wp\/v2\/types\/post"}],"author":[{"embeddable":true,"href":"https:\/\/www.europesays.com\/de\/wp-json\/wp\/v2\/users\/2"}],"replies":[{"embeddable":true,"href":"https:\/\/www.europesays.com\/de\/wp-json\/wp\/v2\/comments?post=1226878"}],"version-history":[{"count":0,"href":"https:\/\/www.europesays.com\/de\/wp-json\/wp\/v2\/posts\/1226878\/revisions"}],"wp:featuredmedia":[{"embeddable":true,"href":"https:\/\/www.europesays.com\/de\/wp-json\/wp\/v2\/media\/1226879"}],"wp:attachment":[{"href":"https:\/\/www.europesays.com\/de\/wp-json\/wp\/v2\/media?parent=1226878"}],"wp:term":[{"taxonomy":"category","embeddable":true,"href":"https:\/\/www.europesays.com\/de\/wp-json\/wp\/v2\/categories?post=1226878"},{"taxonomy":"post_tag","embeddable":true,"href":"https:\/\/www.europesays.com\/de\/wp-json\/wp\/v2\/tags?post=1226878"}],"curies":[{"name":"wp","href":"https:\/\/api.w.org\/{rel}","templated":true}]}}