{"id":1226932,"date":"2026-08-09T20:20:34","date_gmt":"2026-08-09T20:20:34","guid":{"rendered":"https:\/\/www.europesays.com\/de\/1226932\/"},"modified":"2026-08-09T20:20:34","modified_gmt":"2026-08-09T20:20:34","slug":"berlin-altes-museum-sackt-langsam-ab","status":"publish","type":"post","link":"https:\/\/www.europesays.com\/de\/1226932\/","title":{"rendered":"Berlin: Altes Museum sackt langsam ab"},"content":{"rendered":"<p>Nach dem Pergamonmuseum steht auf der Berliner Museumsinsel offenbar die n\u00e4chste gro\u00dfe Sanierung an. Das Alte Museum soll nach Angaben der Stiftung Preu\u00dfischer Kulturbesitz (SPK) in den 2030er-Jahren grundlegend modernisiert werden.<\/p>\n<p>Grund daf\u00fcr seien Sch\u00e4den an dem fast 200 Jahre alten Geb\u00e4ude, hie\u00df es. Das Alte Museum sackt den Angaben zufolge langsam ab, in den W\u00e4nden haben sich bereits Risse gebildet.<\/p>\n<p>Wie die gesamte Museumsinsel wurde das Geb\u00e4ude auf schlammigem Untergrund errichtet. Beim Bau im fr\u00fchen 19. Jahrhundert wurde es deshalb auf rund 3.000 Kiefernholzpf\u00e4hle gesetzt. Diese seien zwar noch in einem guten Zustand, dennoch senke sich das Geb\u00e4ude langsam ab.<\/p>\n","protected":false},"excerpt":{"rendered":"Nach dem Pergamonmuseum steht auf der Berliner Museumsinsel offenbar die n\u00e4chste gro\u00dfe Sanierung an. Das Alte Museum soll&hellip;\n","protected":false},"author":2,"featured_media":1226933,"comment_status":"","ping_status":"","sticky":false,"template":"","format":"standard","meta":{"footnotes":"","_share_on_mastodon":"0"},"categories":[1825],"tags":[296,29,30,240073,134296,6190],"class_list":["post-1226932","post","type-post","status-publish","format-standard","has-post-thumbnail","category-berlin","tag-berlin","tag-deutschland","tag-germany","tag-rbb24museum","tag-rbb24tagesschau","tag-regionen"],"share_on_mastodon":{"url":"https:\/\/pubeurope.com\/@de\/117067410878184880","error":""},"_links":{"self":[{"href":"https:\/\/www.europesays.com\/de\/wp-json\/wp\/v2\/posts\/1226932","targetHints":{"allow":["GET"]}}],"collection":[{"href":"https:\/\/www.europesays.com\/de\/wp-json\/wp\/v2\/posts"}],"about":[{"href":"https:\/\/www.europesays.com\/de\/wp-json\/wp\/v2\/types\/post"}],"author":[{"embeddable":true,"href":"https:\/\/www.europesays.com\/de\/wp-json\/wp\/v2\/users\/2"}],"replies":[{"embeddable":true,"href":"https:\/\/www.europesays.com\/de\/wp-json\/wp\/v2\/comments?post=1226932"}],"version-history":[{"count":0,"href":"https:\/\/www.europesays.com\/de\/wp-json\/wp\/v2\/posts\/1226932\/revisions"}],"wp:featuredmedia":[{"embeddable":true,"href":"https:\/\/www.europesays.com\/de\/wp-json\/wp\/v2\/media\/1226933"}],"wp:attachment":[{"href":"https:\/\/www.europesays.com\/de\/wp-json\/wp\/v2\/media?parent=1226932"}],"wp:term":[{"taxonomy":"category","embeddable":true,"href":"https:\/\/www.europesays.com\/de\/wp-json\/wp\/v2\/categories?post=1226932"},{"taxonomy":"post_tag","embeddable":true,"href":"https:\/\/www.europesays.com\/de\/wp-json\/wp\/v2\/tags?post=1226932"}],"curies":[{"name":"wp","href":"https:\/\/api.w.org\/{rel}","templated":true}]}}