{"id":1227004,"date":"2026-08-09T21:01:35","date_gmt":"2026-08-09T21:01:35","guid":{"rendered":"https:\/\/www.europesays.com\/de\/1227004\/"},"modified":"2026-08-09T21:01:35","modified_gmt":"2026-08-09T21:01:35","slug":"usa-und-mexiko-sheinbaum-geht-auf-konfrontation-mit-trump","status":"publish","type":"post","link":"https:\/\/www.europesays.com\/de\/1227004\/","title":{"rendered":"USA und Mexiko: Sheinbaum geht auf Konfrontation mit Trump"},"content":{"rendered":"<p>Neue Strategie <\/p>\n<p>Jetzt geht Mexiko gegen Trump in die Offensive<\/p>\n<p>09.08.2026 &#8211; 20:42 UhrLesedauer: 5 Min.<\/p>\n<p><a href=\"#focus-0\" class=\"transition-colors block text-current relative\" data-sctrack=\"FocusGalleryImage.Reference\"><img fetchpriority=\"high\" data-testid=\"Opener.Image\"   loading=\"eager\" src=\"https:\/\/www.europesays.com\/de\/wp-content\/uploads\/2026\/08\/claudia-sheinbaum-und-donald-trump-fotomontage.jpg\" alt=\"Claudia Sheinbaum und Donald Trump (Fotomontage): Mexiko schaltet gegen\u00fcber den USA auf Konfrontationskurs.\" title=\"Claudia Sheinbaum und Donald Trump (Fotomontage): Mexiko schaltet gegen\u00fcber den USA auf Konfrontationskurs.\" width=\"1829\" height=\"1029\" class=\"bg-[url:var(--lqipURL)] bg-cover bg-center flex h-full w-full max-w-full\" style=\"--lqipURL:url('https:\/\/images.t-online.de\/2026\/08\/3JYfHVdnuyYY\/49x51:1829x1029\/fit-in\/150x0\/filters:blur(25)\/claudia-sheinbaum-und-donald-trump-fotomontage.jpg')\" decoding=\"async\"\/><img loading=\"lazy\" src=\"https:\/\/www.t-online.de\/s\/paper\/_next\/static\/media\/zoom-in.f7dae02f.svg\" alt=\"Vergr\u00f6\u00dfern des Bildes\" title=\"Vergr\u00f6\u00dfern des Bildes\" class=\"block h-[calc(var(--height)_\/_16_*_1rem)] w-[calc(var(--width)_\/_16_*_1rem)] max-w-none absolute right-8 bottom-8 rounded-4 bg-snow p-8\" style=\"--width:32;--height:32\" decoding=\"async\"\/><\/a><\/p>\n<p>Claudia Sheinbaum und Donald Trump (Fotomontage): Mexiko schaltet gegen\u00fcber den USA auf Konfrontationskurs. (Quelle: Reuters\/Daniel Heuer, Imago\/ZUMA Press Wire, imagebroker, Zoonar)<\/p>\n<p><img loading=\"lazy\" src=\"https:\/\/www.t-online.de\/s\/paper\/_next\/static\/media\/audio-volume.6689034c.svg\" alt=\"\" title=\"\" class=\"block h-[calc(var(--height)_\/_16_*_1rem)] w-[calc(var(--width)_\/_16_*_1rem)] max-w-none group-hover:brightness-0 group-hover:invert\" style=\"--width:16;--height:16\" decoding=\"async\"\/>Vorlesen<\/p>\n<p>Aktuelle Zeit:0:00Gesamtdauer:0:00<\/p>\n<p>1x<\/p>\n<p class=\"text-center\">Jetzt neu bei t-online:<\/p>\n<p class=\"text-center\">Schriftgr\u00f6\u00dfe anpassen!<\/p>\n<p><img loading=\"lazy\" src=\"https:\/\/www.t-online.de\/s\/paper\/_next\/static\/media\/font-sizes.32942e33.svg\" alt=\"\" title=\"\" class=\"block h-[calc(var(--height)_\/_16_*_1rem)] w-[calc(var(--width)_\/_16_*_1rem)] max-w-none group-hover:hidden group-aria-expanded:hidden\" style=\"--width:16;--height:16\" decoding=\"async\"\/><img loading=\"lazy\" src=\"https:\/\/www.t-online.de\/s\/paper\/_next\/static\/media\/font-sizes-dark-mode.e382645c.svg\" alt=\"\" title=\"\" class=\"block h-[calc(var(--height)_\/_16_*_1rem)] w-[calc(var(--width)_\/_16_*_1rem)] max-w-none hidden group-hover:block group-aria-expanded:block\" style=\"--width:16;--height:16\" decoding=\"async\"\/><img loading=\"lazy\" src=\"https:\/\/www.t-online.de\/s\/paper\/_next\/static\/media\/sharing-menu-icon.1eb71368.svg\" alt=\"\" title=\"\" class=\"block h-[calc(var(--height)_\/_16_*_1rem)] w-[calc(var(--width)_\/_16_*_1rem)] max-w-none group-hover:brightness-0 group-hover:invert\" style=\"--width:16;--height:16\" decoding=\"async\"\/>Artikel teilen<\/p>\n<p class=\"font-bold text-18 leading-17 user-text-lg:text-22 user-text-xl:text-24\">Mexiko hat monatelang gute Miene zu Trumps Forderungen gemacht \u2013 bei Migration, Drogenschmuggel und Handel. Nun schl\u00e4gt Pr\u00e4sidentin Claudia Sheinbaum zur\u00fcck.<\/p>\n<p class=\"text-18 leading-17 user-text-lg:text-22 user-text-xl:text-24\">Aus Mexiko-Stadt berichtet Marc Pfitzenmaier<\/p>\n<p class=\"text-18 leading-17 user-text-lg:text-22 user-text-xl:text-24\">Seit Donald Trumps Amtsantritt hat sich <a href=\"https:\/\/www.t-online.de\/themen\/mexiko\/\" class=\"transition-colors cursor-pointer no-underline md:hover:text-magenta md:focus:text-magenta border-b border-solid border-current text-salemsfur md:hover:border-magenta\" data-tracking=\"{&quot;action&quot;:&quot;click&quot;,&quot;category&quot;:&quot;intextLink&quot;,&quot;label&quot;:&quot;\/themen\/mexiko\/&quot;}\" data-sctrack=\"BodyAnchor\" rel=\"nofollow noopener\" target=\"_blank\">Mexiko<\/a> vielen Forderungen aus <a href=\"https:\/\/www.t-online.de\/themen\/washington\/\" class=\"transition-colors cursor-pointer no-underline md:hover:text-magenta md:focus:text-magenta border-b border-solid border-current text-salemsfur md:hover:border-magenta\" data-tracking=\"{&quot;action&quot;:&quot;click&quot;,&quot;category&quot;:&quot;intextLink&quot;,&quot;label&quot;:&quot;\/themen\/washington\/&quot;}\" data-sctrack=\"BodyAnchor\" rel=\"nofollow noopener\" target=\"_blank\">Washington<\/a> beugen m\u00fcssen. Ob beim Thema Migration, beim Kampf gegen den Drogenschmuggel oder bei den Handelsbeziehungen \u2013 US-Pr\u00e4sident <a href=\"https:\/\/www.t-online.de\/themen\/donald-trump\/\" class=\"transition-colors cursor-pointer no-underline md:hover:text-magenta md:focus:text-magenta border-b border-solid border-current text-salemsfur md:hover:border-magenta\" data-tracking=\"{&quot;action&quot;:&quot;click&quot;,&quot;category&quot;:&quot;intextLink&quot;,&quot;label&quot;:&quot;\/themen\/donald-trump\/&quot;}\" data-sctrack=\"BodyAnchor\" rel=\"nofollow noopener\" target=\"_blank\">Donald Trump<\/a> hat dem s\u00fcdlichen Nachbarn bisher ein Zugest\u00e4ndnis nach dem anderen abgezwungen.<\/p>\n<p class=\"text-18 leading-17 user-text-lg:text-22 user-text-xl:text-24\">Obwohl seine Amtskollegin Claudia Sheinbaum nach au\u00dfen hin relativ souver\u00e4n wirkt, hatte sie angesichts der wirtschaftlichen Abh\u00e4ngigkeit von den <a href=\"https:\/\/www.t-online.de\/themen\/usa\/\" class=\"transition-colors cursor-pointer no-underline md:hover:text-magenta md:focus:text-magenta border-b border-solid border-current text-salemsfur md:hover:border-magenta\" data-tracking=\"{&quot;action&quot;:&quot;click&quot;,&quot;category&quot;:&quot;intextLink&quot;,&quot;label&quot;:&quot;\/themen\/usa\/&quot;}\" data-sctrack=\"BodyAnchor\" rel=\"nofollow noopener\" target=\"_blank\">USA<\/a> bisher kaum Verhandlungsspielraum. Doch ihr Mantra der Kooperation bei gleichzeitiger Wahrung der nationalen Souver\u00e4nit\u00e4t hat sich ver\u00e4ndert. Mexikos Au\u00dfenpolitik schaltet gegen\u00fcber Washington zunehmend in den Konfrontationsmodus.<\/p>\n<p class=\"text-18 leading-17 user-text-lg:text-22 user-text-xl:text-24\">Daf\u00fcr verantwortlich ist vor allem ein Thema, das die beiden L\u00e4nder verbindet wie kaum ein anderes: Die umstrittene Migrationspolitik der USA hat zahlreiche Opfer gefordert, immer wieder sterben Menschen in den ber\u00fcchtigten Abschiebegef\u00e4ngnissen oder bei Eins\u00e4tzen der Einwanderungsbeh\u00f6rde ICE, darunter sind besonders viele Mexikaner. Anfang Juli erschossen US-Beamte im Bundesstaat <a href=\"https:\/\/www.t-online.de\/themen\/texas\/\" class=\"transition-colors cursor-pointer no-underline md:hover:text-magenta md:focus:text-magenta border-b border-solid border-current text-salemsfur md:hover:border-magenta\" data-tracking=\"{&quot;action&quot;:&quot;click&quot;,&quot;category&quot;:&quot;intextLink&quot;,&quot;label&quot;:&quot;\/themen\/texas\/&quot;}\" data-sctrack=\"BodyAnchor\" rel=\"nofollow noopener\" target=\"_blank\">Texas<\/a> unter ungekl\u00e4rten Umst\u00e4nden einen mexikanischen Handwerker. Mexikos Pr\u00e4sidentin und ihr Au\u00dfenminister k\u00fcndigten daraufhin juristische Schritte gegen die USA an und beantragten gleichzeitig bei den Vereinten Nationen eine Pr\u00fcfung der Vorf\u00e4lle durch die Menschenrechtskommission.<\/p>\n<ul class=\"text-18 leading-17 block pl-24 *:pb-16 *:before:inline-block *:before:size-8 *:before:bg-magenta *:before:mt-0 *:before:mr-12 *:before:mb-2 *:before:-ml-[20px]\">\n<li><strong class=\"font-bold\">Trump-Strategie schl\u00e4gt fehl:<\/strong> <a href=\"https:\/\/www.t-online.de\/nachrichten\/ausland\/internationale-politik\/id_101330614\/trump-und-der-drogen-krieg-in-lateinamerika-experten-zweifeln-an-erfolg.html\" class=\"transition-colors cursor-pointer no-underline md:hover:text-magenta md:focus:text-magenta border-b border-solid border-current text-salemsfur md:hover:border-magenta\" data-tracking=\"{&quot;action&quot;:&quot;click&quot;,&quot;category&quot;:&quot;intextLink&quot;,&quot;label&quot;:&quot;\/nachrichten\/ausland\/internationale-politik\/id_101330614\/trump-und-der-drogen-krieg-in-lateinamerika-experten-zweifeln-an-erfolg.html&quot;}\" data-sctrack=\"BodyAnchor\" rel=\"nofollow noopener\" target=\"_blank\">&#8222;Er l\u00f6st das Problem nicht&#8220;<\/a><\/li>\n<li><strong class=\"font-bold\">Machtkampf in den USA:<\/strong> <a href=\"https:\/\/www.t-online.de\/nachrichten\/ausland\/usa\/id_101366072\/us-midterms-2026-auf-diese-politiker-kommt-es-bei-den-zwischenwahlen-an.html\" class=\"transition-colors cursor-pointer no-underline md:hover:text-magenta md:focus:text-magenta border-b border-solid border-current text-salemsfur md:hover:border-magenta\" data-tracking=\"{&quot;action&quot;:&quot;click&quot;,&quot;category&quot;:&quot;intextLink&quot;,&quot;label&quot;:&quot;\/nachrichten\/ausland\/usa\/id_101366072\/us-midterms-2026-auf-diese-politiker-kommt-es-bei-den-zwischenwahlen-an.html&quot;}\" data-sctrack=\"BodyAnchor\" rel=\"nofollow noopener\" target=\"_blank\">F\u00fcnf Namen, die \u00fcber Trumps Zukunft entscheiden<\/a><\/li>\n<\/ul>\n<p class=\"text-18 leading-17 user-text-lg:text-22 user-text-xl:text-24\">Mittlerweile hat das mexikanische Au\u00dfenministerium zahlreiche Strafanzeigen in den USA eingereicht. Kritik und rechtlicher Druck gegen\u00fcber Washington sind an sich nichts Neues. Doch eine vergleichbare koordinierte Offensive mit Strafanzeigen in den USA und der Einschaltung der Vereinten Nationen hat es in der bilateralen Beziehung zwischen den L\u00e4ndern bislang nicht gegeben.<\/p>\n<p>Im Video | Trump f\u00fchrt Reporterin vor<\/p>\n<p><img loading=\"lazy\" src=\"https:\/\/www.t-online.de\/s\/paper\/_next\/static\/media\/loading-indicator-magenta.1f35d8de.svg\" alt=\"Video l\u00e4dt\" title=\"Video l\u00e4dt\" class=\"block h-[calc(var(--height)_\/_16_*_1rem)] w-[calc(var(--width)_\/_16_*_1rem)] max-w-none undefined\" style=\"--width:32;--height:32\" decoding=\"async\"\/>Player wird geladen<\/p>\n<p>&#8222;Wir leben in einer tief asymmetrischen Beziehung zu den USA&#8220;<\/p>\n<p class=\"text-18 leading-17 user-text-lg:text-22 user-text-xl:text-24\">Bisher war es vor allem US-Pr\u00e4sident Donald Trump, der den s\u00fcdlichen Nachbarn mit Vorw\u00fcrfen und Forderungen \u00fcberzogen hatte: Er behauptete mehrfach, nicht Sheinbaum regiere das Land, sondern die Drogenkartelle. Deshalb drohte Washington wiederholt Milit\u00e4reins\u00e4tze im Nachbarland an und drang hinter den Kulissen darauf, US-Sicherheitskr\u00e4fte an Eins\u00e4tzen gegen das Organisierte Verbrechen zu beteiligen.<\/p>\n<p class=\"text-18 leading-17 user-text-lg:text-22 user-text-xl:text-24\">Sheinbaum lehnte das vehement ab und pochte auf die nationale Souver\u00e4nit\u00e4t ihres Landes. Zugest\u00e4ndnisse musste sie trotzdem machen, darunter die rechtlich umstrittene Auslieferung Dutzender, teils hochrangiger Kartellmitglieder, die Aufstockung ihrer Grenztruppen um 10.000 Mann und hohe Z\u00f6lle auf Produkte aus <a href=\"https:\/\/www.t-online.de\/themen\/china\/\" class=\"transition-colors cursor-pointer no-underline md:hover:text-magenta md:focus:text-magenta border-b border-solid border-current text-salemsfur md:hover:border-magenta\" data-tracking=\"{&quot;action&quot;:&quot;click&quot;,&quot;category&quot;:&quot;intextLink&quot;,&quot;label&quot;:&quot;\/themen\/china\/&quot;}\" data-sctrack=\"BodyAnchor\" rel=\"nofollow noopener\" target=\"_blank\">China<\/a>. Letztere Ma\u00dfnahme war eine Reaktion auf Behauptungen aus den USA, dass China Mexiko als Umweg auf den US-Markt nutze, um Trumps Z\u00f6lle zu umgehen.<\/p>\n","protected":false},"excerpt":{"rendered":"Neue Strategie Jetzt geht Mexiko gegen Trump in die Offensive 09.08.2026 &#8211; 20:42 UhrLesedauer: 5 Min. Claudia Sheinbaum&hellip;\n","protected":false},"author":2,"featured_media":1227005,"comment_status":"","ping_status":"","sticky":false,"template":"","format":"standard","meta":{"footnotes":"","_share_on_mastodon":"0"},"categories":[3977],"tags":[326,848,331,332,227,25048,106,5536,980,91730,13,2229,141416,254790,208,15982,382,14,15,6372,4603,254789,12,26,4017,4018,4016,64,4019,4020,320,59416],"class_list":["post-1227004","post","type-post","status-publish","format-standard","has-post-thumbnail","category-usa","tag-326","tag-aa","tag-aktuelle-nachrichten","tag-aktuelle-news","tag-china","tag-claudia-sheinbaum","tag-donald-trump","tag-drogenschmuggel","tag-festnahme","tag-fotomontage","tag-headlines","tag-ice","tag-konfrontationskurs","tag-marc-pfitzenmaier","tag-mexiko","tag-mexiko-stadt","tag-migration","tag-nachrichten","tag-news","tag-offensive","tag-organisiertes-verbrechen","tag-ruben-rocha-moya","tag-schlagzeilen","tag-un","tag-united-states","tag-united-states-of-america","tag-us","tag-usa","tag-vereinigte-staaten","tag-vereinigte-staaten-von-amerika","tag-washington","tag-wm-2026"],"share_on_mastodon":{"url":"https:\/\/pubeurope.com\/@de\/117067574130136974","error":""},"_links":{"self":[{"href":"https:\/\/www.europesays.com\/de\/wp-json\/wp\/v2\/posts\/1227004","targetHints":{"allow":["GET"]}}],"collection":[{"href":"https:\/\/www.europesays.com\/de\/wp-json\/wp\/v2\/posts"}],"about":[{"href":"https:\/\/www.europesays.com\/de\/wp-json\/wp\/v2\/types\/post"}],"author":[{"embeddable":true,"href":"https:\/\/www.europesays.com\/de\/wp-json\/wp\/v2\/users\/2"}],"replies":[{"embeddable":true,"href":"https:\/\/www.europesays.com\/de\/wp-json\/wp\/v2\/comments?post=1227004"}],"version-history":[{"count":0,"href":"https:\/\/www.europesays.com\/de\/wp-json\/wp\/v2\/posts\/1227004\/revisions"}],"wp:featuredmedia":[{"embeddable":true,"href":"https:\/\/www.europesays.com\/de\/wp-json\/wp\/v2\/media\/1227005"}],"wp:attachment":[{"href":"https:\/\/www.europesays.com\/de\/wp-json\/wp\/v2\/media?parent=1227004"}],"wp:term":[{"taxonomy":"category","embeddable":true,"href":"https:\/\/www.europesays.com\/de\/wp-json\/wp\/v2\/categories?post=1227004"},{"taxonomy":"post_tag","embeddable":true,"href":"https:\/\/www.europesays.com\/de\/wp-json\/wp\/v2\/tags?post=1227004"}],"curies":[{"name":"wp","href":"https:\/\/api.w.org\/{rel}","templated":true}]}}