{"id":1227035,"date":"2026-08-09T21:34:20","date_gmt":"2026-08-09T21:34:20","guid":{"rendered":"https:\/\/www.europesays.com\/de\/1227035\/"},"modified":"2026-08-09T21:34:20","modified_gmt":"2026-08-09T21:34:20","slug":"vermisste-jugendliche-greift-bundespolizisten-in-dortmund-an","status":"publish","type":"post","link":"https:\/\/www.europesays.com\/de\/1227035\/","title":{"rendered":"Vermisste Jugendliche greift Bundespolizisten in Dortmund an"},"content":{"rendered":"<p>\t\tJugendliche greift Bundespolizisten in Dortmund an<br \/>\n\t\t\t\t\tSie galt als vermisst<\/p>\n<p>\t\t<img alt=\"\" src=\"https:\/\/www.europesays.com\/de\/wp-content\/uploads\/2025\/04\/630_0036_782026_.jpg\"  class=\"avatar avatar-36 photo avatar-default\" height=\"36\" width=\"36\" loading=\"eager\" decoding=\"async\"\/>\t\t<a class=\"article-author__name\" href=\"https:\/\/www.ruhrnachrichten.de\/author\/tim-huebbertz\/\" rel=\"author nofollow noopener\" target=\"_blank\">Tim H\u00fcbbertz<\/a><br \/>\n\t\tRedakteur<\/p>\n<p>    <a href=\"https:\/\/www.ruhrnachrichten.de\/wp-content\/uploads\/2026\/08\/09\/14\/630_0900_6654953_-1648x824.jpg\" rel=\"nofollow noopener\" target=\"_blank\"><\/p>\n<p>            <img loading=\"lazy\" decoding=\"async\" src=\"https:\/\/www.europesays.com\/de\/wp-content\/uploads\/2026\/08\/630_0900_6654951_-640x428.jpg\" width=\"640\" height=\"428\"  alt=\"Bundespolizisten stehen an einem Gleis am Dortmunder Hauptbahnhof.\"\/><\/p>\n<p>    <\/a><br \/>\n    Die Bundespolizei hat eine vermisste 14-J\u00e4hrige am Hauptbahnhof Dortmund in Gewahrsam genommen. (Symbolbild) \u00a9 RN-Archiv<\/p>\n<p class=\"article__teaser-text\">Eine vermisste 14-J\u00e4hrige hat sich am Samstag (8.8.) im Dortmunder Hauptbahnhof heftig gegen Bundespolizisten gewehrt und Beamte getreten.<\/p>\n<p>1 Min Lesezeit<\/p>\n<p>Am Samstag (8.8.) trafen Bundespolizisten gegen 8 Uhr eine als vermisst gemeldete 14-J\u00e4hrige im Hauptbahnhof Dortmund an. Die Dortmunderin war zur Ingewahrsamnahme ausgeschrieben und sollte in ihre Betreuungseinrichtung zur\u00fcckgebracht werden.<\/p>\n<p>W\u00e4hrend der Ma\u00dfnahme wurde die Jugendliche nach Angaben der Bundespolizei zunehmend aggressiv und verweigerte die Mitfahrt. Trotz mehrfacher Zwangsandrohungen folgte sie den Aufforderungen nicht. Stattdessen trat und schlug sie nach den Einsatzkr\u00e4ften und traf einen Polizisten am Schienbein. Die Beamten fixierten ihre Arme und f\u00fchrten sie zum Dienstfahrzeug.<\/p>\n<p>Tritte und Beleidigungen<\/p>\n<p>Dort trat die 14-J\u00e4hrige erneut nach einem Beamten, stemmte sich gegen das Auto und hielt sich fest. Sie musste unter starkem K\u00f6rpereinsatz in das Fahrzeug getragen werden. Im Auto trat sie wiederholt nach zwei weiteren Beamten sowie mehrfach gegen die Fahrzeugt\u00fcr und beleidigte die Einsatzkr\u00e4fte.<\/p>\n<p>Nach Abschluss aller polizeilichen Ma\u00dfnahmen wurde das M\u00e4dchen der zust\u00e4ndigen Wohngruppe \u00fcbergeben. S\u00e4mtliche beteiligten Bundespolizisten blieben dienstf\u00e4hig. Die Bundespolizei leitete ein Ermittlungsverfahren wegen t\u00e4tlichen Angriffs auf und Widerstands gegen Vollstreckungsbeamte, K\u00f6rperverletzung und Beleidigung ein.<\/p>\n<p>\t\t<a href=\"https:\/\/www.ruhrnachrichten.de\/dortmund\/bombenentschaerfer-dortmund-training-video-einsatz-gefaehrliche-situationen-w1215469-2002155286\/\" rel=\"nofollow noopener\" aria-hidden=\"true\" tabindex=\"-1\" title=\"Sicherheit in Bahnh\u00f6fen In dieser Dortmunder Stadtbahn trainieren Bomben-Entsch\u00e4rfer\" aria-label=\"Sicherheit in Bahnh\u00f6fen In dieser Dortmunder Stadtbahn trainieren Bomben-Entsch\u00e4rfer\" target=\"_blank\"><\/p>\n<p>                <img decoding=\"async\" src=\"https:\/\/www.europesays.com\/de\/wp-content\/uploads\/2026\/08\/630_0900_6612715_-160x160.jpg\"  width=\"160\" height=\"160\" alt=\"Ein Polizist kniet im Schutzanzug vor einer Bomben-Attrappe in einer U-Bahn.\" loading=\"lazy\"\/><\/p>\n<p>\t\t<\/a><\/p>\n","protected":false},"excerpt":{"rendered":"Jugendliche greift Bundespolizisten in Dortmund an Sie galt als vermisst Tim H\u00fcbbertz Redakteur Die Bundespolizei hat eine vermisste&hellip;\n","protected":false},"author":2,"featured_media":1227036,"comment_status":"","ping_status":"","sticky":false,"template":"","format":"standard","meta":{"footnotes":"","_share_on_mastodon":"0"},"categories":[1833],"tags":[3364,29,217,30,1209,3826,22407],"class_list":["post-1227035","post","type-post","status-publish","format-standard","has-post-thumbnail","category-dortmund","tag-de","tag-deutschland","tag-dortmund","tag-germany","tag-nordrhein-westfalen","tag-sicherheit-kriminalitaet","tag-vermisste"],"share_on_mastodon":{"url":"https:\/\/pubeurope.com\/@de\/117067703611618401","error":""},"_links":{"self":[{"href":"https:\/\/www.europesays.com\/de\/wp-json\/wp\/v2\/posts\/1227035","targetHints":{"allow":["GET"]}}],"collection":[{"href":"https:\/\/www.europesays.com\/de\/wp-json\/wp\/v2\/posts"}],"about":[{"href":"https:\/\/www.europesays.com\/de\/wp-json\/wp\/v2\/types\/post"}],"author":[{"embeddable":true,"href":"https:\/\/www.europesays.com\/de\/wp-json\/wp\/v2\/users\/2"}],"replies":[{"embeddable":true,"href":"https:\/\/www.europesays.com\/de\/wp-json\/wp\/v2\/comments?post=1227035"}],"version-history":[{"count":0,"href":"https:\/\/www.europesays.com\/de\/wp-json\/wp\/v2\/posts\/1227035\/revisions"}],"wp:featuredmedia":[{"embeddable":true,"href":"https:\/\/www.europesays.com\/de\/wp-json\/wp\/v2\/media\/1227036"}],"wp:attachment":[{"href":"https:\/\/www.europesays.com\/de\/wp-json\/wp\/v2\/media?parent=1227035"}],"wp:term":[{"taxonomy":"category","embeddable":true,"href":"https:\/\/www.europesays.com\/de\/wp-json\/wp\/v2\/categories?post=1227035"},{"taxonomy":"post_tag","embeddable":true,"href":"https:\/\/www.europesays.com\/de\/wp-json\/wp\/v2\/tags?post=1227035"}],"curies":[{"name":"wp","href":"https:\/\/api.w.org\/{rel}","templated":true}]}}