{"id":1227274,"date":"2026-08-10T00:15:38","date_gmt":"2026-08-10T00:15:38","guid":{"rendered":"https:\/\/www.europesays.com\/de\/1227274\/"},"modified":"2026-08-10T00:15:38","modified_gmt":"2026-08-10T00:15:38","slug":"hertha-bsc-gouram-hertha-hat-wieder-einen-strassenkicker-berlin-sport","status":"publish","type":"post","link":"https:\/\/www.europesays.com\/de\/1227274\/","title":{"rendered":"Hertha BSC: Gouram! Hertha hat wieder einen Stra\u00dfenkicker | Berlin-Sport"},"content":{"rendered":"<p><b>Beim 1:0-Sieg zum Auftakt der neuen Zweitliga-Saison in Bochum feierte Eigengew\u00e4chs Soufian Gouram (20) sein Startelf-Deb\u00fct. Mit gro\u00dfem Erfolg: Der junge Hertha-Spieler bereitete das entscheidende Tor von Sebastian Gr\u00f6nning (29) mit einem herrlichen Steckpass vor.<\/b><\/p>\n<p>Nach der Partie schw\u00e4rmte <a href=\"https:\/\/www.bz-berlin.de\/berlin-sport\/hertha-bsc\/siegtor-in-bochum-ein-blick-auf-sein-baby-machte-groenning-stark-6a7820df0e3689919ec756c2\" class=\"text-link\" rel=\"nofollow noopener\" target=\"_blank\">Gr\u00f6nning<\/a> \u00fcber seinen jungen Teamkollegen: \u201eIch habe mit ihm dar\u00fcber gesprochen. Von Anfang an zu spielen, ist gro\u00dfer Druck. Wir hatten ein gutes Gespr\u00e4ch. Als offensiver Spieler macht man viele Fehler, davon darf man sich nicht beeinflussen lassen. Wir brauchen ihn in diesen Situationen, in denen er es gut macht. Dann hat er diese eine, gute Situation und deswegen stehen wir hier mit dem Sieg \u2013 ich bin sehr stolz auf ihn.\u201c<\/p>\n<p>Pressing und Torvorlage \u2013 Gouram \u00fcberzeugt<\/p>\n<p>Gouram dr\u00e4ngte nicht nur nach vorn aufs Tor, sondern setzte auch das geforderte hohe Pressing konsequent mit um. Nach 62 Minuten wurde er gemeinsam mit Gr\u00f6nning ausgewechselt. Letzte Saison verbrachte das Talent sein erstes Herrenjahr in der viertklassigen Regionalliga Nordost bei <a href=\"https:\/\/www.bz-berlin.de\/thema\/hertha-u23\" class=\"text-link\" rel=\"nofollow noopener\" target=\"_blank\">Herthas U23.<\/a> Er spielte sowohl f\u00fcr die estnische als auch f\u00fcr die deutsche Nationalmannschaft. Jetzt zaubert er auf der gro\u00dfen Profi-B\u00fchne.<\/p>\n<p>Niklas Kolbe (28) verleiht dem Mittelfeld-Talent sogar einen besonderen Titel: \u201eF\u00fcr mich ist er ein klassischer Stra\u00dfenkicker, die gibt es nicht mehr so oft. Und wenn er das beibeh\u00e4lt, entwickelt er sich brutal.\u201c<\/p>\n<p>Mehr zum ThemaHertha sehnt sich nach K\u00e4figkicker-Mentalit\u00e4t<\/p>\n<p>Der Klub sehnt sich seit Jahren nach einem neuen Spieler mit dieser Mentalit\u00e4t. So steht es auch in den klubeigenen Akademie-Leitlinien. Jetzt gibt es Stra\u00dfenkicker Gouram.<\/p>\n<p>Trainer <a href=\"https:\/\/www.bz-berlin.de\/thema\/stefan-leitl\" class=\"text-link\" rel=\"nofollow noopener\" target=\"_blank\">Stefan Leitl<\/a> (48) zeigte sich zufrieden mit seiner Entdeckung des Sommers \u2013 und der Qualit\u00e4t der Nachwuchsspieler im Allgemeinen. Nach der Partie erkl\u00e4rte der Coach: \u201eEs war abzusehen, dass er diese Leistung bringt. Klar, es ist ein deutlich intensiveres Spiel. Trotzdem hatte er sehr viele gute Aktionen. Die Torvorlage war ein super erster Kontakt nach vorn, ein super Steckpass in die Tiefe und dann ein sch\u00f6nes Tor.\u201c<\/p>\n<p>Haben Sie einen Fehler in diesem Artikel entdeckt? Dann schreiben Sie uns gern: <a href=\"mailto:fehler.melden@bz.de?body=%0A%0A%0AURL%3A%20https%3A%2F%2Fwww.bz-berlin.de%2Fberlin-sport%2Fhertha-bsc%2Fhertha-bsc-gouram-hertha-hat-wieder-einen-strassenkicker-6a78771f0ffb05c5b7b192ec%0ADatum%3A%2010.8.2026%2C%2002%3A15%3A03%0A\" target=\"_blank\" rel=\"noopener\" class=\"anchor anchor--external\">fehler.melden@bz.de.<\/a><\/p>\n","protected":false},"excerpt":{"rendered":"Beim 1:0-Sieg zum Auftakt der neuen Zweitliga-Saison in Bochum feierte Eigengew\u00e4chs Soufian Gouram (20) sein Startelf-Deb\u00fct. Mit gro\u00dfem&hellip;\n","protected":false},"author":2,"featured_media":1227275,"comment_status":"","ping_status":"","sticky":false,"template":"","format":"standard","meta":{"footnotes":"","_share_on_mastodon":"0"},"categories":[1839],"tags":[25017,7507,3364,29,30,1088,6246,1209,806,4581,8173,784],"class_list":["post-1227274","post","type-post","status-publish","format-standard","has-post-thumbnail","category-bochum","tag-a2","tag-bochum","tag-de","tag-deutschland","tag-germany","tag-hertha-bsc","tag-leitl-stefan","tag-nordrhein-westfalen","tag-sport-leuchtturm-berlin","tag-sport-tag-im-ticker","tag-vfl-bochum","tag-zweite-bundesliga"],"share_on_mastodon":{"url":"https:\/\/pubeurope.com\/@de\/117068334856685241","error":""},"_links":{"self":[{"href":"https:\/\/www.europesays.com\/de\/wp-json\/wp\/v2\/posts\/1227274","targetHints":{"allow":["GET"]}}],"collection":[{"href":"https:\/\/www.europesays.com\/de\/wp-json\/wp\/v2\/posts"}],"about":[{"href":"https:\/\/www.europesays.com\/de\/wp-json\/wp\/v2\/types\/post"}],"author":[{"embeddable":true,"href":"https:\/\/www.europesays.com\/de\/wp-json\/wp\/v2\/users\/2"}],"replies":[{"embeddable":true,"href":"https:\/\/www.europesays.com\/de\/wp-json\/wp\/v2\/comments?post=1227274"}],"version-history":[{"count":0,"href":"https:\/\/www.europesays.com\/de\/wp-json\/wp\/v2\/posts\/1227274\/revisions"}],"wp:featuredmedia":[{"embeddable":true,"href":"https:\/\/www.europesays.com\/de\/wp-json\/wp\/v2\/media\/1227275"}],"wp:attachment":[{"href":"https:\/\/www.europesays.com\/de\/wp-json\/wp\/v2\/media?parent=1227274"}],"wp:term":[{"taxonomy":"category","embeddable":true,"href":"https:\/\/www.europesays.com\/de\/wp-json\/wp\/v2\/categories?post=1227274"},{"taxonomy":"post_tag","embeddable":true,"href":"https:\/\/www.europesays.com\/de\/wp-json\/wp\/v2\/tags?post=1227274"}],"curies":[{"name":"wp","href":"https:\/\/api.w.org\/{rel}","templated":true}]}}