{"id":1227288,"date":"2026-08-10T00:25:21","date_gmt":"2026-08-10T00:25:21","guid":{"rendered":"https:\/\/www.europesays.com\/de\/1227288\/"},"modified":"2026-08-10T00:25:21","modified_gmt":"2026-08-10T00:25:21","slug":"fortuna-duesseldorf-ende-manoevriert-sich-in-gefaehrliche-f95-zwickmuehle","status":"publish","type":"post","link":"https:\/\/www.europesays.com\/de\/1227288\/","title":{"rendered":"Fortuna D\u00fcsseldorf: Ende man\u00f6vriert sich in gef\u00e4hrliche F95-Zwickm\u00fchle"},"content":{"rendered":"<p class=\"text_ohne_einzug richtext text-em-55 !leading-serif mx-6 desktop:mx-0\">Das gro\u00dfe Augenreiben begann ungef\u00e4hr eine Stunde vor dem Anpfiff, und irgendwie wollte es \u00fcberhaupt nicht aufh\u00f6ren. Im Gegenteil: Je mehr Zeit ins Land ging, desto st\u00e4rker kam die Verwunderung auf ganz vielen weiteren Wegen zum Ausdruck. Manch einer zweifelte beim Anblick der Startelf von Drittligist Fortuna vielleicht sogar an seiner Lesekompetenz, w\u00e4hrend es wiederum andere gab, die wahrscheinlich v\u00f6llig aus ihren Latschen gekippt waren. Hatte sich Trainer Alexander Ende ernsthaft dazu entschieden, die erste Partie der neuen Saison beim SV Waldhof <a href=\"https:\/\/rp-online.de\/thema\/mannheim\/\" rel=\"nofollow noopener\" target=\"_blank\">Mannheim<\/a> mit Kaden Amaniampong, Marcel Benger und Philipp F\u00f6rster zu beginnen?<\/p>\n","protected":false},"excerpt":{"rendered":"Das gro\u00dfe Augenreiben begann ungef\u00e4hr eine Stunde vor dem Anpfiff, und irgendwie wollte es \u00fcberhaupt nicht aufh\u00f6ren. Im&hellip;\n","protected":false},"author":2,"featured_media":1227289,"comment_status":"","ping_status":"","sticky":false,"template":"","format":"standard","meta":{"footnotes":"","_share_on_mastodon":"0"},"categories":[5],"tags":[331,332,3364,29,30,13,4693,14,15,12],"class_list":["post-1227288","post","type-post","status-publish","format-standard","has-post-thumbnail","category-nachrichten","tag-aktuelle-nachrichten","tag-aktuelle-news","tag-de","tag-deutschland","tag-germany","tag-headlines","tag-kommentar","tag-nachrichten","tag-news","tag-schlagzeilen"],"share_on_mastodon":{"url":"https:\/\/pubeurope.com\/@de\/117068374630083709","error":""},"_links":{"self":[{"href":"https:\/\/www.europesays.com\/de\/wp-json\/wp\/v2\/posts\/1227288","targetHints":{"allow":["GET"]}}],"collection":[{"href":"https:\/\/www.europesays.com\/de\/wp-json\/wp\/v2\/posts"}],"about":[{"href":"https:\/\/www.europesays.com\/de\/wp-json\/wp\/v2\/types\/post"}],"author":[{"embeddable":true,"href":"https:\/\/www.europesays.com\/de\/wp-json\/wp\/v2\/users\/2"}],"replies":[{"embeddable":true,"href":"https:\/\/www.europesays.com\/de\/wp-json\/wp\/v2\/comments?post=1227288"}],"version-history":[{"count":0,"href":"https:\/\/www.europesays.com\/de\/wp-json\/wp\/v2\/posts\/1227288\/revisions"}],"wp:featuredmedia":[{"embeddable":true,"href":"https:\/\/www.europesays.com\/de\/wp-json\/wp\/v2\/media\/1227289"}],"wp:attachment":[{"href":"https:\/\/www.europesays.com\/de\/wp-json\/wp\/v2\/media?parent=1227288"}],"wp:term":[{"taxonomy":"category","embeddable":true,"href":"https:\/\/www.europesays.com\/de\/wp-json\/wp\/v2\/categories?post=1227288"},{"taxonomy":"post_tag","embeddable":true,"href":"https:\/\/www.europesays.com\/de\/wp-json\/wp\/v2\/tags?post=1227288"}],"curies":[{"name":"wp","href":"https:\/\/api.w.org\/{rel}","templated":true}]}}