{"id":1227333,"date":"2026-08-10T01:03:21","date_gmt":"2026-08-10T01:03:21","guid":{"rendered":"https:\/\/www.europesays.com\/de\/1227333\/"},"modified":"2026-08-10T01:03:21","modified_gmt":"2026-08-10T01:03:21","slug":"wetter-in-muenchen-dwd-warnt-vor-hitze-bis-zu-36-grad-am-montag","status":"publish","type":"post","link":"https:\/\/www.europesays.com\/de\/1227333\/","title":{"rendered":"Wetter in M\u00fcnchen: DWD warnt vor Hitze \u2013 bis zu 36 Grad am Montag"},"content":{"rendered":"<p>Bis zu 36 Grad erwartet <\/p>\n<p>Der S\u00fcden schwitzt weiter \u2013 Beh\u00f6rde warnt vor Hitze<\/p>\n<p>10.08.2026 &#8211; 02:23 UhrLesedauer: 2 Min.<\/p>\n<p><a href=\"#focus-0\" class=\"transition-colors block text-current relative\" data-sctrack=\"FocusGalleryImage.Reference\"><img fetchpriority=\"high\" data-testid=\"Opener.Image\"   loading=\"eager\" src=\"https:\/\/www.europesays.com\/de\/wp-content\/uploads\/2026\/08\/muenchen-innenstadt-stadtansicht-hitze-hitzewelle-hitzewarnung-hitzerekord-wetter-sommer-sonne-sonne.jpeg\" alt=\"imago images 0299255378\" title=\"imago images 0299255378\" width=\"4000\" height=\"2250\" class=\"bg-[url:var(--lqipURL)] bg-cover bg-center flex h-full w-full max-w-full\" style=\"--lqipURL:url('https:\/\/images.t-online.de\/2024\/07\/d1BrQycSOfKx\/0x279:4000x2250\/fit-in\/150x0\/filters:blur(25)\/muenchen-innenstadt-stadtansicht-hitze-hitzewelle-hitzewarnung-hitzerekord-wetter-sommer-sonne-sonnenschein-sonnenstunden-trockenheit-duerre-erderwaermung-klima-klimakrise-klimaveraenderumg-klimawandel-frauenkirche-ludwigstrasse-gebirge-berge-alpen-zigspitze-muenchen-germany-munich-city-center-city-view-heat-heat-wave-heat-warning-heat-record-weather-summer-sun-sunshine-sunshine-hours-drought-global-warming-climate-climate-crisis-climate-change-climate-change-frauenkir.jpg')\" decoding=\"async\"\/><img loading=\"lazy\" src=\"https:\/\/muenchen.t-online.de\/s\/paper\/_next\/static\/media\/zoom-in.f7dae02f.svg\" alt=\"Vergr\u00f6\u00dfern des Bildes\" title=\"Vergr\u00f6\u00dfern des Bildes\" class=\"block h-[calc(var(--height)_\/_16_*_1rem)] w-[calc(var(--width)_\/_16_*_1rem)] max-w-none absolute right-8 bottom-8 rounded-4 bg-snow p-8\" style=\"--width:32;--height:32\" decoding=\"async\"\/><\/a><\/p>\n<p>Strahlender Sonnenschein \u00fcber M\u00fcnchen bei Blick bis zu den Alpen (Archivbild): In M\u00fcnchen wird es die gesamte Woche \u00fcber warm. (Quelle: IMAGO\/Heinz Gebhardt\/imago)<\/p>\n<p><img loading=\"lazy\" src=\"https:\/\/muenchen.t-online.de\/s\/paper\/_next\/static\/media\/audio-volume.6689034c.svg\" alt=\"\" title=\"\" class=\"block h-[calc(var(--height)_\/_16_*_1rem)] w-[calc(var(--width)_\/_16_*_1rem)] max-w-none group-hover:brightness-0 group-hover:invert\" style=\"--width:16;--height:16\" decoding=\"async\"\/>Vorlesen<\/p>\n<p>Aktuelle Zeit:0:00Gesamtdauer:0:00<\/p>\n<p>1x<\/p>\n<p class=\"text-center\">Jetzt neu bei t-online:<\/p>\n<p class=\"text-center\">Schriftgr\u00f6\u00dfe anpassen!<\/p>\n<p><img loading=\"lazy\" src=\"https:\/\/muenchen.t-online.de\/s\/paper\/_next\/static\/media\/font-sizes.32942e33.svg\" alt=\"\" title=\"\" class=\"block h-[calc(var(--height)_\/_16_*_1rem)] w-[calc(var(--width)_\/_16_*_1rem)] max-w-none group-hover:hidden group-aria-expanded:hidden\" style=\"--width:16;--height:16\" decoding=\"async\"\/><img loading=\"lazy\" src=\"https:\/\/muenchen.t-online.de\/s\/paper\/_next\/static\/media\/font-sizes-dark-mode.e382645c.svg\" alt=\"\" title=\"\" class=\"block h-[calc(var(--height)_\/_16_*_1rem)] w-[calc(var(--width)_\/_16_*_1rem)] max-w-none hidden group-hover:block group-aria-expanded:block\" style=\"--width:16;--height:16\" decoding=\"async\"\/><img loading=\"lazy\" src=\"https:\/\/muenchen.t-online.de\/s\/paper\/_next\/static\/media\/sharing-menu-icon.1eb71368.svg\" alt=\"\" title=\"\" class=\"block h-[calc(var(--height)_\/_16_*_1rem)] w-[calc(var(--width)_\/_16_*_1rem)] max-w-none group-hover:brightness-0 group-hover:invert\" style=\"--width:16;--height:16\" decoding=\"async\"\/>Artikel teilen<\/p>\n<p class=\"font-bold text-18 leading-17 user-text-lg:text-22 user-text-xl:text-24\">F\u00fcr M\u00fcnchen gilt bis Montagabend eine Hitzewarnung. Der DWD erwartet bis zu 36 Grad und warnt vor hoher W\u00e4rmebelastung in der Stadt.<\/p>\n<p class=\"text-18 leading-17 user-text-lg:text-22 user-text-xl:text-24\">Der Deutsche Wetterdienst hat f\u00fcr M\u00fcnchen eine Hitzewarnung ausgesprochen, die noch bis Montagabend l\u00e4uft. Grund ist eine deutlich erh\u00f6hte W\u00e4rmebelastung des K\u00f6rpers, mit der die Experten bis in eine H\u00f6he von rund 600 Metern rechnen. Am Tag werden bis zu 36 Grad erwartet. Weil Beton, Asphalt und Fassaden in der Stadt W\u00e4rme speichern, k\u00fchlt es dort nachts weniger ab als auf dem Land. Genau das macht die Situation f\u00fcr Menschen in M\u00fcnchens Innenstadt zus\u00e4tzlich anstrengend, so der DWD.<\/p>\n<p class=\"text-18 leading-17 user-text-lg:text-22 user-text-xl:text-24\">Hitze dieses Ausma\u00dfes belastet den K\u00f6rper erheblich: Der Kreislauf ger\u00e4t unter Druck, Kopfschmerzen, Schwindel oder Ersch\u00f6pfung k\u00f6nnen die Folge sein \u2013 im Extremfall drohen ernstere gesundheitliche Komplikationen. Der DWD r\u00e4t deshalb dazu, k\u00f6rperliche Anstrengung in der prallen Sonne zu vermeiden, viel zu trinken und Wohnungen m\u00f6glichst k\u00fchl zu halten, etwa durch L\u00fcften in den fr\u00fchen Morgenstunden.<\/p>\n<p>Montag steigen die Temperaturen in M\u00fcnchen auf bis zu 36 Grad<\/p>\n<p class=\"text-18 leading-17 user-text-lg:text-22 user-text-xl:text-24\">Der Blick auf die Vorhersage f\u00fcr S\u00fcdbayern zeigt, dass es zun\u00e4chst hei\u00df weitergeht. Am heutigen Montag zeigt sich h\u00e4ufig die Sonne, im Tagesverlauf bilden sich aber gr\u00f6\u00dfere Wolkent\u00fcrme, und von Westen k\u00f6nnen einzelne Schauer und Gewitter aufziehen. Die Temperaturen steigen auf 30 bis 36 Grad, dazu weht ein sp\u00fcrbarer, b\u00f6iger Wind aus westlichen Richtungen.<\/p>\n<p>Empfohlener externer InhaltYoutube<\/p>\n<p class=\"text-14 leading-15\">Wir ben\u00f6tigen Ihre Einwilligung, um den von unserer Redaktion eingebundenen Youtube-Inhalt anzuzeigen. Sie k\u00f6nnen diesen (und damit auch alle weiteren Youtube-Inhalte auf t-online.de) mit einem Klick anzeigen lassen und auch wieder deaktivieren.<\/p>\n<p>Youtube-Inhalte immer anzeigen<\/p>\n<p>Ich bin damit einverstanden, dass mir externe Inhalte angezeigt werden. Damit k\u00f6nnen personenbezogene Daten an Drittplattformen \u00fcbermittelt werden. <a href=\"https:\/\/www.t-online.de\/datenschutz\/id_88397036\/index#17-externe-inhalte\" target=\"_blank\" class=\"transition-colors text-magenta\" rel=\"nofollow noopener\">Mehr dazu in unseren Datenschutzhinweisen<\/a>.<\/p>\n<p class=\"text-18 leading-17 user-text-lg:text-22 user-text-xl:text-24\">In der Nacht zum Dienstag beruhigt sich das Wetter etwas, vereinzelte Schauer sind noch m\u00f6glich, ansonsten bleibt es \u00fcberwiegend trocken bei milden 15 bis 19 Grad. Der Dienstag selbst verl\u00e4uft \u00fcberwiegend freundlich mit viel Sonnenschein, nur in den Alpen kann es noch einmal kurz gewittern. Mit 28 bis 32 Grad bleibt das Sommerwetter bestehen, w\u00e4hrend der Wind auf eine n\u00f6rdliche Richtung dreht und schw\u00e4cher wird.<\/p>\n<p>Wetter in M\u00fcnchen bleibt sommerlich<\/p>\n<p class=\"text-18 leading-17 user-text-lg:text-22 user-text-xl:text-24\">Auch die zweite Wochenh\u00e4lfte bringt in M\u00fcnchen und im Alpenvorland kaum Abk\u00fchlung: Am Mittwoch dominiert lange die Sonne, erst nachmittags ziehen ein paar Wolken auf, ein Gewitter bleibt allenfalls in den Alpen eine Randerscheinung. Die Temperaturen pendeln zwischen 27 und 32 Grad.<\/p>\n<p class=\"text-18 leading-17 user-text-lg:text-22 user-text-xl:text-24\">Am Donnerstag bleibt der Himmel bis auf vereinzelte harmlose Quellwolken \u00fcber den Bergen weitgehend klar, gemessen werden 28 Grad im Bayerischen Wald bis 33 Grad entlang der Donau. Nachts sinken die Werte sp\u00fcrbar, in der Nacht zum Freitag ist bei sternenklarem Himmel mit Tiefstwerten zwischen 10 und 16 Grad in M\u00fcnchen zu rechnen.<\/p>\n","protected":false},"excerpt":{"rendered":"Bis zu 36 Grad erwartet Der S\u00fcden schwitzt weiter \u2013 Beh\u00f6rde warnt vor Hitze 10.08.2026 &#8211; 02:23 UhrLesedauer:&hellip;\n","protected":false},"author":2,"featured_media":1227334,"comment_status":"","ping_status":"","sticky":false,"template":"","format":"standard","meta":{"footnotes":"","_share_on_mastodon":"0"},"categories":[1827],"tags":[722,3176,7887,772,950,29,4906,30,61775,1268,67380],"class_list":["post-1227333","post","type-post","status-publish","format-standard","has-post-thumbnail","category-muenchen","tag-722","tag-3176","tag-alpen","tag-bayern","tag-deutscher-wetterdienst","tag-deutschland","tag-dwd","tag-germany","tag-hitzewarnung","tag-muenchen","tag-waermebelastung"],"share_on_mastodon":{"url":"https:\/\/pubeurope.com\/@de\/117068524182704823","error":""},"_links":{"self":[{"href":"https:\/\/www.europesays.com\/de\/wp-json\/wp\/v2\/posts\/1227333","targetHints":{"allow":["GET"]}}],"collection":[{"href":"https:\/\/www.europesays.com\/de\/wp-json\/wp\/v2\/posts"}],"about":[{"href":"https:\/\/www.europesays.com\/de\/wp-json\/wp\/v2\/types\/post"}],"author":[{"embeddable":true,"href":"https:\/\/www.europesays.com\/de\/wp-json\/wp\/v2\/users\/2"}],"replies":[{"embeddable":true,"href":"https:\/\/www.europesays.com\/de\/wp-json\/wp\/v2\/comments?post=1227333"}],"version-history":[{"count":0,"href":"https:\/\/www.europesays.com\/de\/wp-json\/wp\/v2\/posts\/1227333\/revisions"}],"wp:featuredmedia":[{"embeddable":true,"href":"https:\/\/www.europesays.com\/de\/wp-json\/wp\/v2\/media\/1227334"}],"wp:attachment":[{"href":"https:\/\/www.europesays.com\/de\/wp-json\/wp\/v2\/media?parent=1227333"}],"wp:term":[{"taxonomy":"category","embeddable":true,"href":"https:\/\/www.europesays.com\/de\/wp-json\/wp\/v2\/categories?post=1227333"},{"taxonomy":"post_tag","embeddable":true,"href":"https:\/\/www.europesays.com\/de\/wp-json\/wp\/v2\/tags?post=1227333"}],"curies":[{"name":"wp","href":"https:\/\/api.w.org\/{rel}","templated":true}]}}