{"id":1227345,"date":"2026-08-10T01:09:57","date_gmt":"2026-08-10T01:09:57","guid":{"rendered":"https:\/\/www.europesays.com\/de\/1227345\/"},"modified":"2026-08-10T01:09:57","modified_gmt":"2026-08-10T01:09:57","slug":"polizist-setzt-taser-gegen-hotelgast-in-berlin-ein-tageskarte","status":"publish","type":"post","link":"https:\/\/www.europesays.com\/de\/1227345\/","title":{"rendered":"Polizist setzt Taser gegen Hotelgast in Berlin ein: Tageskarte"},"content":{"rendered":"<p>Nach einem Vorfall in einem <strong data-end=\"150\" data-start=\"100\">Hotel in der K\u00f6penicker Stra\u00dfe in Berlin-Mitte<\/strong> hat ein Polizist am fr\u00fchen Morgen des <strong data-end=\"207\" data-start=\"189\">9. August 2026<\/strong> ein Distanzelektroimpulsger\u00e4t (DEIG) gegen einen 31 Jahre alten Hotelgast eingesetzt. Zuvor soll der Mann Einsatzkr\u00e4fte angegriffen und Widerstand geleistet haben. Das geht aus einer Polizeimeldung vom selben Tag hervor.<\/p>\n<p>Nach Angaben der <strong data-end=\"496\" data-start=\"485\">Polizei<\/strong> soll der Gast gegen <strong data-end=\"526\" data-start=\"517\">4 Uhr<\/strong> missbr\u00e4uchlich eine Brandmeldeanlage ausgel\u00f6st haben. Daraufhin seien Einsatzkr\u00e4fte zu dem Hotel in Mitte alarmiert worden.<\/p>\n<p>Hotelgast greift Einsatzkr\u00e4fte auf dem Weg zu seinem Zimmer an<\/p>\n<p>Die Einsatzkr\u00e4fte h\u00e4tten den nach Polizeiangaben verhaltensauff\u00e4lligen Hotelgast zur <strong data-end=\"876\" data-start=\"843\">Feststellung seiner Identit\u00e4t<\/strong> in Richtung seines Zimmers begleitet. Nachdem der Mann den Fahrstuhl betreten habe, sei er augenscheinlich in Panik geraten.<\/p>\n<p>Dabei habe der <strong data-end=\"1087\" data-start=\"1018\">31-J\u00e4hrige die Einsatzkr\u00e4fte angegriffen und Widerstand geleistet<\/strong>. Dieser habe sich nach Darstellung der Polizei mit einfacher k\u00f6rperlicher Gewalt nicht beenden lassen. Daraufhin habe ein Polizist das <strong data-end=\"1252\" data-start=\"1223\">Distanzelektroimpulsger\u00e4t<\/strong> eingesetzt. Anschlie\u00dfend sei der Widerstand beendet und der Mann festgenommen worden.<\/p>\n<p>Polizei \u00e4u\u00dfert Verdacht auf Medikamenten- oder Bet\u00e4ubungsmitteleinfluss beim Festgenommenen<\/p>\n<p>Eine Atemalkoholkontrolle habe bei dem Festgenommenen einen Wert von <strong data-end=\"1560\" data-start=\"1544\">0,1 Promille<\/strong> ergeben. Zudem habe der Verdacht bestanden, dass der Mann unter dem Einfluss von <strong data-end=\"1681\" data-start=\"1642\">Medikamenten oder Bet\u00e4ubungsmitteln<\/strong> gestanden habe.<\/p>\n<p>Der 31-J\u00e4hrige habe <strong data-end=\"1749\" data-start=\"1719\">R\u00f6tungen am unteren R\u00fccken<\/strong> erlitten und sei in ein Krankenhaus gebracht worden. Nach \u00e4rztlicher Behandlung und einer staatsanwaltschaftlich angeordneten Blutentnahme sei er dort in einer <strong data-end=\"1953\" data-start=\"1910\">psychiatrischen Fachstation aufgenommen<\/strong> worden.<\/p>\n<p>Abschnittskommissariate ermitteln nach dem Einsatz im Berliner Hotel weiter<\/p>\n<p>Die weiteren Ermittlungen f\u00fchrt nach Angaben der Polizei die <strong data-end=\"2172\" data-start=\"2143\">Polizeidirektion 5 (City)<\/strong>. Dabei gehe es um den Verdacht des <strong data-end=\"2334\" data-start=\"2208\">Missbrauchs von Notrufen, des t\u00e4tlichen Angriffs auf Vollstreckungsbeamte sowie des Widerstands gegen Vollstreckungsbeamte<\/strong>. Zust\u00e4ndig seien die jeweiligen Abschnittskommissariate.<\/p>\n<p>Bei der Erstellung dieses Artikels kamen KI-gest\u00fctzte Werkzeuge zum Einsatz. Die Inhalte wurden redaktionell \u00fcberpr\u00fcft. Feedback nehmen wir gerne unter news@tageskarte.io entgegen.<\/p>\n<p><strong data-end=\"2624\" data-start=\"2613\">Teaser:<\/strong> Nach einer mutma\u00dflich missbr\u00e4uchlichen Ausl\u00f6sung einer Brandmeldeanlage in einem Berliner Hotel soll ein 31-j\u00e4hriger Gast Einsatzkr\u00e4fte angegriffen und Widerstand geleistet haben. Ein Polizist setzte daraufhin ein Distanzelektroimpulsger\u00e4t ein.<\/p>\n<p><strong data-end=\"2888\" data-start=\"2871\">SEO-Keywords:<\/strong> Berlin Hotel, Hotel Berlin Mitte, K\u00f6penicker Stra\u00dfe, DEIG, Distanzelektroimpulsger\u00e4t, Polizei Berlin, Polizeieinsatz Hotel, Brandmeldeanlage, Widerstand gegen Vollstreckungsbeamte, t\u00e4tlicher Angriff<\/p>\n","protected":false},"excerpt":{"rendered":"Nach einem Vorfall in einem Hotel in der K\u00f6penicker Stra\u00dfe in Berlin-Mitte hat ein Polizist am fr\u00fchen Morgen&hellip;\n","protected":false},"author":2,"featured_media":1227346,"comment_status":"","ping_status":"","sticky":false,"template":"","format":"standard","meta":{"footnotes":"","_share_on_mastodon":"0"},"categories":[1825],"tags":[104302,296,254831,32230,254834,29,242760,30,254832,254833,86569,254835,95073],"class_list":["post-1227345","post","type-post","status-publish","format-standard","has-post-thumbnail","category-berlin","tag-widerstand-gegen-vollstreckungsbeamte","tag-berlin","tag-berlin-hotel","tag-brandmeldeanlage","tag-deig","tag-deutschland","tag-distanzelektroimpulsgeraet","tag-germany","tag-hotel-berlin-mitte","tag-koepenicker-strasse","tag-polizei-berlin","tag-polizeieinsatz-hotel","tag-taetlicher-angriff"],"share_on_mastodon":{"url":"https:\/\/pubeurope.com\/@de\/117068550880947788","error":""},"_links":{"self":[{"href":"https:\/\/www.europesays.com\/de\/wp-json\/wp\/v2\/posts\/1227345","targetHints":{"allow":["GET"]}}],"collection":[{"href":"https:\/\/www.europesays.com\/de\/wp-json\/wp\/v2\/posts"}],"about":[{"href":"https:\/\/www.europesays.com\/de\/wp-json\/wp\/v2\/types\/post"}],"author":[{"embeddable":true,"href":"https:\/\/www.europesays.com\/de\/wp-json\/wp\/v2\/users\/2"}],"replies":[{"embeddable":true,"href":"https:\/\/www.europesays.com\/de\/wp-json\/wp\/v2\/comments?post=1227345"}],"version-history":[{"count":0,"href":"https:\/\/www.europesays.com\/de\/wp-json\/wp\/v2\/posts\/1227345\/revisions"}],"wp:featuredmedia":[{"embeddable":true,"href":"https:\/\/www.europesays.com\/de\/wp-json\/wp\/v2\/media\/1227346"}],"wp:attachment":[{"href":"https:\/\/www.europesays.com\/de\/wp-json\/wp\/v2\/media?parent=1227345"}],"wp:term":[{"taxonomy":"category","embeddable":true,"href":"https:\/\/www.europesays.com\/de\/wp-json\/wp\/v2\/categories?post=1227345"},{"taxonomy":"post_tag","embeddable":true,"href":"https:\/\/www.europesays.com\/de\/wp-json\/wp\/v2\/tags?post=1227345"}],"curies":[{"name":"wp","href":"https:\/\/api.w.org\/{rel}","templated":true}]}}