{"id":1227378,"date":"2026-08-10T02:05:20","date_gmt":"2026-08-10T02:05:20","guid":{"rendered":"https:\/\/www.europesays.com\/de\/1227378\/"},"modified":"2026-08-10T02:05:20","modified_gmt":"2026-08-10T02:05:20","slug":"ferien-zuhause-skyline-park-bei-nacht-ferientipp-mit-familiengewinnspiel","status":"publish","type":"post","link":"https:\/\/www.europesays.com\/de\/1227378\/","title":{"rendered":"Ferien zuhause | Skyline Park bei Nacht &#8211; Ferientipp mit Familiengewinnspiel"},"content":{"rendered":"<p><strong>Wenn der Tag langsam zu Ende geht und tausende Lichter den Park erstrahlen lassen, beginnt im Skyline Park eine ganz besondere Zeit: Skyline Park bei Nacht kehrt 2026 zur\u00fcck \u2013 und das gleich an zwei Abenden. Am Freitag, den 14. August, sowie am Samstag, den 15. August 2026, l\u00e4dt Bayerns gr\u00f6\u00dfter Freizeitpark zu einem unvergesslichen Sommererlebnis mit verl\u00e4ngerten \u00d6ffnungszeiten bis 23 Uhr ein.<\/strong><\/p>\n<p><img decoding=\"async\" onerror=\"this.onerror=null;this.src=\" https:=\"\" src=\"https:\/\/www.europesays.com\/de\/wp-content\/uploads\/2026\/08\/Skyline-Park-bei-Nacht_1-1.jpg\"\/><\/p>\n<p>Wenn die Sonne untergeht, verwandelt sich der Skyline Park in eine einzigartige Erlebniswelt aus Fahrspa\u00df, Musik, Shows und besonderen Momenten. Besucher k\u00f6nnen zahlreiche Attraktionen bis in die Abendstunden erleben und den Park in einer au\u00dfergew\u00f6hnlichen Atmosph\u00e4re genie\u00dfen.<\/p>\n<p>F\u00fcr die passende Stimmung sorgt ein abwechslungsreiches Musikprogramm im gesamten Park. Live-Bands und K\u00fcnstler bringen die Besucher an verschiedenen Standorten zum Tanzen, Mitsingen und Staunen. Mit dabei sind unter anderem die Alpenrocker LAUSBUAM, die mit ihrer energiegeladenen Show f\u00fcr beste Stimmung sorgen, Rockspitz mit ihrem mitrei\u00dfenden Sound, sowie Adi Hauke mit handgemachter Musik und seiner besonderen Mischung aus Blues, Rock, Reggae und Pop. Weitere K\u00fcnstler und musikalische Highlights runden das Programm ab.<\/p>\n<p>\u00a0<\/p>\n<p>Auch f\u00fcr Familien und die j\u00fcngsten Besucher wird Skyline Park bei Nacht zu einem besonderen Erlebnis. Kreative Kinderschminkerinnen verwandeln kleine G\u00e4ste in fantasievolle Figuren, w\u00e4hrend bunte Airbrush-Tattoos f\u00fcr leuchtende Erinnerungen sorgen. Zudem begeistern verschiedene Walking Acts die Besucher auf den Wegen durch den Park und sorgen f\u00fcr \u00fcberraschende Begegnungen und besondere Fotomotive.<\/p>\n<p>Ein weiteres Highlight des Abends ist das gro\u00dfe Hochfeuerwerk, das an beiden Veranstaltungstagen den Himmel \u00fcber dem Skyline Park zum Leuchten bringt und den perfekten Abschluss eines au\u00dfergew\u00f6hnlichen Freizeitparkabends bildet. Skyline Park bei Nacht verspricht auch 2026 wieder zwei besondere Sommerabende voller Musik, Unterhaltung und unvergesslicher Erlebnisse f\u00fcr die ganze Familie. Ein Event, bei dem der Skyline Park einmal mehr zeigt, wie faszinierend Freizeitparkspa\u00df bei Nacht sein kann.<\/p>\n<p>Weitere Informationen zum Event finden Sie auf der Skyline Park-Webseite.<\/p>\n<p><strong>Wir verlosen 2x 5 Tageskarten f\u00fcr den Allg\u00e4u Skyline Park<\/strong><\/p>\n<p><strong>Wie k\u00f6nnen Sie gewinnen?<\/strong><\/p>\n<p>1. Presse Augsburg bei Facebook liken, falls noch nicht geschehen<\/p>\n<p>2. Dazugeh\u00f6rigen Facebook Eintrag liken und gerne auch teilen \u2013&gt; Zum Beitrag<\/p>\n<p>3. Vielleicht der gl\u00fcckliche Gewinner sein!<\/p>\n<p>\u00a0<\/p>\n<p>Das Gewinnspiel l\u00e4uft bis 11. August 2026 um 21:00 Uhr. Der Rechtsweg ist ausgeschlossen. Den Gewinner werden wir \u00fcber Facebook benachrichtigen. Bitte pr\u00fcfen Sie dazu auch regelm\u00e4\u00dfig den Ordner \u201eSonstige Nachrichten\u201c in Ihrem Posteingang. Zu unseren Teilnahmebedingungen gehts <a href=\"https:\/\/presse-augsburg.de\/allgemeine-teilnahmebedingungen-fuer-facebook-gewinnspiele-von-presse-augsburg\/\" target=\"_blank\" rel=\"noopener nofollow\">hier.<\/a> Das Gewinnspiel wird von einem Gewinnspielpartner unterst\u00fctzt.<\/p>\n<p>Mehr <a href=\"https:\/\/presse-augsburg.de\/category\/thema\/gewinnspiele\/\" target=\"_blank\" rel=\"noopener nofollow\">Gewinnspiele<\/a>?\u00a0<\/p>\n","protected":false},"excerpt":{"rendered":"Wenn der Tag langsam zu Ende geht und tausende Lichter den Park erstrahlen lassen, beginnt im Skyline Park&hellip;\n","protected":false},"author":2,"featured_media":1227379,"comment_status":"","ping_status":"","sticky":false,"template":"","format":"standard","meta":{"footnotes":"","_share_on_mastodon":"0"},"categories":[1846],"tags":[16733,680,772,3364,29,548,663,3934,4532,32323,30,13,14,15,12,254848],"class_list":["post-1227378","post","type-post","status-publish","format-standard","has-post-thumbnail","category-augsburg","tag-allgaeu","tag-augsburg","tag-bayern","tag-de","tag-deutschland","tag-eu","tag-europa","tag-europe","tag-ferien","tag-freizeitpark","tag-germany","tag-headlines","tag-nachrichten","tag-news","tag-schlagzeilen","tag-skyline-park"],"share_on_mastodon":{"url":"https:\/\/pubeurope.com\/@de\/117068768830562440","error":""},"_links":{"self":[{"href":"https:\/\/www.europesays.com\/de\/wp-json\/wp\/v2\/posts\/1227378","targetHints":{"allow":["GET"]}}],"collection":[{"href":"https:\/\/www.europesays.com\/de\/wp-json\/wp\/v2\/posts"}],"about":[{"href":"https:\/\/www.europesays.com\/de\/wp-json\/wp\/v2\/types\/post"}],"author":[{"embeddable":true,"href":"https:\/\/www.europesays.com\/de\/wp-json\/wp\/v2\/users\/2"}],"replies":[{"embeddable":true,"href":"https:\/\/www.europesays.com\/de\/wp-json\/wp\/v2\/comments?post=1227378"}],"version-history":[{"count":0,"href":"https:\/\/www.europesays.com\/de\/wp-json\/wp\/v2\/posts\/1227378\/revisions"}],"wp:featuredmedia":[{"embeddable":true,"href":"https:\/\/www.europesays.com\/de\/wp-json\/wp\/v2\/media\/1227379"}],"wp:attachment":[{"href":"https:\/\/www.europesays.com\/de\/wp-json\/wp\/v2\/media?parent=1227378"}],"wp:term":[{"taxonomy":"category","embeddable":true,"href":"https:\/\/www.europesays.com\/de\/wp-json\/wp\/v2\/categories?post=1227378"},{"taxonomy":"post_tag","embeddable":true,"href":"https:\/\/www.europesays.com\/de\/wp-json\/wp\/v2\/tags?post=1227378"}],"curies":[{"name":"wp","href":"https:\/\/api.w.org\/{rel}","templated":true}]}}