{"id":1227422,"date":"2026-08-10T02:44:22","date_gmt":"2026-08-10T02:44:22","guid":{"rendered":"https:\/\/www.europesays.com\/de\/1227422\/"},"modified":"2026-08-10T02:44:22","modified_gmt":"2026-08-10T02:44:22","slug":"wetter-in-nuernberg-dwd-warnt-vor-hitze-gefuehlt-bis-zu-38-grad","status":"publish","type":"post","link":"https:\/\/www.europesays.com\/de\/1227422\/","title":{"rendered":"Wetter in N\u00fcrnberg: DWD warnt vor Hitze \u2013 gef\u00fchlt bis zu 38 Grad"},"content":{"rendered":"<p>Gef\u00fchlt sogar 38 Grad <\/p>\n<p>Hitzewarnung f\u00fcr N\u00fcrnberg: Bis zu 34 Grad erwartet<\/p>\n<p>10.08.2026 &#8211; 02:44 UhrLesedauer: 2 Min.<\/p>\n<p><a href=\"#focus-0\" class=\"transition-colors block text-current relative\" data-sctrack=\"FocusGalleryImage.Reference\"><img fetchpriority=\"high\" data-testid=\"Opener.Image\"   loading=\"eager\" src=\"https:\/\/www.europesays.com\/de\/wp-content\/uploads\/2026\/08\/nuernberger-stadtblick-01-07-2025-ansicht-des-historischen-weinstadels-mit-wasserturm-und-henkersteg.jpeg\" alt=\"imago images 0823713912\" title=\"imago images 0823713912\" width=\"4000\" height=\"2250\" class=\"bg-[url:var(--lqipURL)] bg-cover bg-center flex h-full w-full max-w-full\" style=\"--lqipURL:url('https:\/\/images.t-online.de\/2026\/07\/pNQXKowadddh\/0x209:4000x2250\/fit-in\/150x0\/filters:blur(25)\/nuernberger-stadtblick-01-07-2025-ansicht-des-historischen-weinstadels-mit-wasserturm-und-henkersteg-an-der-pegnitz-in-der-altstadt-von-nuernberg-die-gut-erhaltene-fachwerkarchitektur-und-die-mittelalterlichen-sandsteinbauten-spiegeln-sich-im-ruhigen-wasser-nuernberg-bayern-deutschland-nuremberg-city-view-01-07-2025-view-of-the-historic-weinstadel-with-water-tower-and-henkersteg-on-the-pegnitz-in-the-old-town-of-nuremberg-the-well-preserved-half-timbered-architecture-and-the-medieval-sandstone-buildin.jpg')\" decoding=\"async\"\/><img loading=\"lazy\" src=\"https:\/\/muenchen.t-online.de\/s\/paper\/_next\/static\/media\/zoom-in.f7dae02f.svg\" alt=\"Vergr\u00f6\u00dfern des Bildes\" title=\"Vergr\u00f6\u00dfern des Bildes\" class=\"block h-[calc(var(--height)_\/_16_*_1rem)] w-[calc(var(--width)_\/_16_*_1rem)] max-w-none absolute right-8 bottom-8 rounded-4 bg-snow p-8\" style=\"--width:32;--height:32\" decoding=\"async\"\/><\/a><\/p>\n<p>Ansicht des historischen Weinstadels mit Wasserturm und Henkersteg an der Pegnitz in der Altstadt von N\u00fcrnberg (Archivbild): Der DWD hat f\u00fcr Montag eine amtliche Warnung ausgesprochen. (Quelle: IMAGO\/Ardan Fuessmann\/imago)<\/p>\n<p><img loading=\"lazy\" src=\"https:\/\/muenchen.t-online.de\/s\/paper\/_next\/static\/media\/audio-volume.6689034c.svg\" alt=\"\" title=\"\" class=\"block h-[calc(var(--height)_\/_16_*_1rem)] w-[calc(var(--width)_\/_16_*_1rem)] max-w-none group-hover:brightness-0 group-hover:invert\" style=\"--width:16;--height:16\" decoding=\"async\"\/>Vorlesen<\/p>\n<p>Aktuelle Zeit:0:00Gesamtdauer:0:00<\/p>\n<p>1x<\/p>\n<p class=\"text-center\">Jetzt neu bei t-online:<\/p>\n<p class=\"text-center\">Schriftgr\u00f6\u00dfe anpassen!<\/p>\n<p><img loading=\"lazy\" src=\"https:\/\/muenchen.t-online.de\/s\/paper\/_next\/static\/media\/font-sizes.32942e33.svg\" alt=\"\" title=\"\" class=\"block h-[calc(var(--height)_\/_16_*_1rem)] w-[calc(var(--width)_\/_16_*_1rem)] max-w-none group-hover:hidden group-aria-expanded:hidden\" style=\"--width:16;--height:16\" decoding=\"async\"\/><img loading=\"lazy\" src=\"https:\/\/muenchen.t-online.de\/s\/paper\/_next\/static\/media\/font-sizes-dark-mode.e382645c.svg\" alt=\"\" title=\"\" class=\"block h-[calc(var(--height)_\/_16_*_1rem)] w-[calc(var(--width)_\/_16_*_1rem)] max-w-none hidden group-hover:block group-aria-expanded:block\" style=\"--width:16;--height:16\" decoding=\"async\"\/><img loading=\"lazy\" src=\"https:\/\/muenchen.t-online.de\/s\/paper\/_next\/static\/media\/sharing-menu-icon.1eb71368.svg\" alt=\"\" title=\"\" class=\"block h-[calc(var(--height)_\/_16_*_1rem)] w-[calc(var(--width)_\/_16_*_1rem)] max-w-none group-hover:brightness-0 group-hover:invert\" style=\"--width:16;--height:16\" decoding=\"async\"\/>Artikel teilen<\/p>\n<p class=\"font-bold text-18 leading-17 user-text-lg:text-22 user-text-xl:text-24\">F\u00fcr N\u00fcrnberg gilt bis Montagabend eine Hitzewarnung. Erwartet werden bis zu 34 Grad, gef\u00fchlt kann es sogar bis zu 38 Grad hei\u00df werden.<\/p>\n<p class=\"text-18 leading-17 user-text-lg:text-22 user-text-xl:text-24\">Der Deutsche Wetterdienst (DWD) hat f\u00fcr N\u00fcrnberg eine amtliche Warnung vor Hitze herausgegeben. Die Warnung gilt noch bis Montagabend, 19 Uhr.<\/p>\n<p class=\"text-18 leading-17 user-text-lg:text-22 user-text-xl:text-24\">Wie der DWD mitteilt, wird heute eine starke W\u00e4rmebelastung erwartet. Besonders im dicht bebauten Stadtgebiet von N\u00fcrnberg komme eine zus\u00e4tzliche Belastung durch verringerte n\u00e4chtliche Abk\u00fchlung hinzu.<\/p>\n<p>Wetter in N\u00fcrnberg: Montag wird es bis 34 Grad hei\u00df<\/p>\n<p class=\"text-18 leading-17 user-text-lg:text-22 user-text-xl:text-24\">Der DWD warnt, dass Hitzebelastung f\u00fcr den menschlichen K\u00f6rper gef\u00e4hrlich werden und zu einer Vielzahl gesundheitlicher Probleme f\u00fchren kann. Die Beh\u00f6rde r\u00e4t, die Hitze nach M\u00f6glichkeit zu meiden, ausreichend Wasser zu trinken und Innenr\u00e4ume k\u00fchl zu halten.<\/p>\n<p>Empfohlener externer InhaltYoutube<\/p>\n<p class=\"text-14 leading-15\">Wir ben\u00f6tigen Ihre Einwilligung, um den von unserer Redaktion eingebundenen Youtube-Inhalt anzuzeigen. Sie k\u00f6nnen diesen (und damit auch alle weiteren Youtube-Inhalte auf t-online.de) mit einem Klick anzeigen lassen und auch wieder deaktivieren.<\/p>\n<p>Youtube-Inhalte immer anzeigen<\/p>\n<p>Ich bin damit einverstanden, dass mir externe Inhalte angezeigt werden. Damit k\u00f6nnen personenbezogene Daten an Drittplattformen \u00fcbermittelt werden. <a href=\"https:\/\/www.t-online.de\/datenschutz\/id_88397036\/index#17-externe-inhalte\" target=\"_blank\" class=\"transition-colors text-magenta\" rel=\"nofollow noopener\">Mehr dazu in unseren Datenschutzhinweisen<\/a>.<\/p>\n<p class=\"text-18 leading-17 user-text-lg:text-22 user-text-xl:text-24\">Konkret werden f\u00fcr N\u00fcrnberg am Montag H\u00f6chstwerte von 34 Grad erwartet, gef\u00fchlt sogar bis zu 38 Grad, bei einem Tiefstwert von 21 Grad. Es wird teils sonnig und windig, mit B\u00f6en von bis zu 48 Kilometer pro Stunde. Niederschlag ist nicht zu erwarten.<\/p>\n<p class=\"text-18 leading-17 user-text-lg:text-22 user-text-xl:text-24\">Im Tagesverlauf liegen die Werte am Morgen zwischen 21 und 30 Grad, am Mittag zwischen 32 und 34 Grad, am Abend zwischen 27 und 32 Grad. In der Nacht k\u00fchlt es auf Werte zwischen 18 und 26 Grad ab, dabei ist es wechselnd bew\u00f6lkt.<\/p>\n<p class=\"text-18 leading-17 user-text-lg:text-22 user-text-xl:text-24\">Am Dienstag wird es in N\u00fcrnberg mit H\u00f6chstwerten von 28 Grad und teils sonnigem Wetter etwas milder, der Tiefstwert liegt bei 18 Grad. Mittwoch scheint durchgehend die Sonne, die Temperatur steigt auf 30 Grad, gef\u00fchlt 32 Grad, der Tiefstwert liegt bei 14 Grad, gef\u00fchlt 15 Grad. Am Donnerstag bleibt es bei sonnigem Wetter erneut w\u00e4rmer, mit H\u00f6chstwerten von 32 Grad, gef\u00fchlt 35 Grad, und einem Tiefstwert von 18 Grad, gef\u00fchlt 19 Grad.<\/p>\n","protected":false},"excerpt":{"rendered":"Gef\u00fchlt sogar 38 Grad Hitzewarnung f\u00fcr N\u00fcrnberg: Bis zu 34 Grad erwartet 10.08.2026 &#8211; 02:44 UhrLesedauer: 2 Min.&hellip;\n","protected":false},"author":2,"featured_media":1227423,"comment_status":"","ping_status":"","sticky":false,"template":"","format":"standard","meta":{"footnotes":"","_share_on_mastodon":"0"},"categories":[1837],"tags":[722,3176,772,3364,950,29,4906,30,99480,61775,3783,14204,99595],"class_list":["post-1227422","post","type-post","status-publish","format-standard","has-post-thumbnail","category-nuernberg","tag-722","tag-3176","tag-bayern","tag-de","tag-deutscher-wetterdienst","tag-deutschland","tag-dwd","tag-germany","tag-henkersteg","tag-hitzewarnung","tag-nuernberg","tag-pegnitz","tag-weinstadel"],"share_on_mastodon":{"url":"https:\/\/pubeurope.com\/@de\/117068922656970393","error":""},"_links":{"self":[{"href":"https:\/\/www.europesays.com\/de\/wp-json\/wp\/v2\/posts\/1227422","targetHints":{"allow":["GET"]}}],"collection":[{"href":"https:\/\/www.europesays.com\/de\/wp-json\/wp\/v2\/posts"}],"about":[{"href":"https:\/\/www.europesays.com\/de\/wp-json\/wp\/v2\/types\/post"}],"author":[{"embeddable":true,"href":"https:\/\/www.europesays.com\/de\/wp-json\/wp\/v2\/users\/2"}],"replies":[{"embeddable":true,"href":"https:\/\/www.europesays.com\/de\/wp-json\/wp\/v2\/comments?post=1227422"}],"version-history":[{"count":0,"href":"https:\/\/www.europesays.com\/de\/wp-json\/wp\/v2\/posts\/1227422\/revisions"}],"wp:featuredmedia":[{"embeddable":true,"href":"https:\/\/www.europesays.com\/de\/wp-json\/wp\/v2\/media\/1227423"}],"wp:attachment":[{"href":"https:\/\/www.europesays.com\/de\/wp-json\/wp\/v2\/media?parent=1227422"}],"wp:term":[{"taxonomy":"category","embeddable":true,"href":"https:\/\/www.europesays.com\/de\/wp-json\/wp\/v2\/categories?post=1227422"},{"taxonomy":"post_tag","embeddable":true,"href":"https:\/\/www.europesays.com\/de\/wp-json\/wp\/v2\/tags?post=1227422"}],"curies":[{"name":"wp","href":"https:\/\/api.w.org\/{rel}","templated":true}]}}