{"id":1227426,"date":"2026-08-10T02:48:15","date_gmt":"2026-08-10T02:48:15","guid":{"rendered":"https:\/\/www.europesays.com\/de\/1227426\/"},"modified":"2026-08-10T02:48:15","modified_gmt":"2026-08-10T02:48:15","slug":"23-millionen-gaeste-feiern-in-hannover-das-maschseefest-2026","status":"publish","type":"post","link":"https:\/\/www.europesays.com\/de\/1227426\/","title":{"rendered":"2,3 Millionen G\u00e4ste feiern in Hannover das Maschseefest 2026"},"content":{"rendered":"<p>\n                Stand: 09.08.2026 20:56 Uhr<\/p>\n<p class=\"preface\">Rund 2,3 Millionen Besucherinnen und Besucher haben in diesem Jahr das Maschseefest besucht. Damit hat das Seefest die Vorjahresniveau von 2,1 Millionen G\u00e4sten noch einmal leicht \u00fcbertroffen. <\/p>\n<p class=\"\">Das hat die Hannover Veranstaltungs GmbH (HVG) am Sonntag bekanntgegeben. Zum Besucherzuwachs habe auch die parallele Austragung der <a href=\"https:\/\/www.ndr.de\/nachrichten\/niedersachsen\/finals\/die-finals-in-hannover-sind-vorbei-was-bleibt,finals-308.html\" title=\"Die Finals in Hannover sind vorbei - was bleibt?\" rel=\"nofollow noopener\" target=\"_blank\">Finals 2026<\/a> in Hannover beigetragen. In den ersten vier Tagen des Maschseefests seien deshalb rund 150.000 G\u00e4ste mehr an den Maschsee gekommen, um die Kanu- und Ruderrennen auf dem See zu verfolgen. Besonders gut besucht waren laut HVG alle drei Samstage des 19-t\u00e4gigen Maschseefests. An den st\u00e4rksten Tagen kamen demnach jeweils bis zu rund 240.000 G\u00e4ste an den Maschsee. An das Rekordjahr 2018 kam die diesj\u00e4hrige Ausgabe knapp nicht heran. Damals z\u00e4hlten die Veranstaltenden rund 2,4 Millionen G\u00e4ste.<\/p>\n<p>    Gastronomie und Polizei ziehen positive Bilanz<\/p>\n<p class=\"\">Man sei &#8222;insgesamt sehr zufrieden&#8220;, \u00e4u\u00dferte sich ein Maschseefest-Gastronom zum Finale der Seeparty. Die wetterbedingten Einschr\u00e4nkungen am ersten Sonntag und Montag seien zwar schade gewesen, allerdings w\u00fcrden diese Tage ohnehin nicht zu den besucherst\u00e4rksten des Maschseefests z\u00e4hlen. Auch die Polizei zog eine weitgehend positive Bilanz. Die Zahl der Straftaten habe sich auf dem Niveau der Vorjahre bewegt, bei Auseinandersetzungen habe man eine leichte Tendenz nach oben festgestellt. Diese Streitigkeiten fanden laut Polizei \u00fcberwiegend an den stark frequentierten Wochenenden und in den sp\u00e4ten Nacht- beziehungsweise fr\u00fchen Morgenstunden statt. H\u00e4ufig seien &#8222;deutlich alkoholisierte Beteiligte involviert&#8220; gewesen.<\/p>\n<p>        <img decoding=\"async\" src=\"https:\/\/www.europesays.com\/de\/wp-content\/uploads\/2026\/08\/ndrvorort-128.webp\" alt=\"Marc Atlas Konzert auf der B\u00fchne von NDR VOR ORT am Maschsee \" title=\"NDR 2 Musikstar Marc Atlas gibt Konzert unplugged auf der B\u00fchne von NDR VOR ORT am Maschsee. | NDR \/ Stefan Nobel\" class=\"responsive\" loading=\"lazy\"\/><\/p>\n<p>Nach knapp drei Wochen NDR VOR ORT am Mascchsee: Heute nochmal Radio, Fernsehen, Online live erleben &#8211; mit vielen Prominenten. <\/p>\n<p>        <img decoding=\"async\" src=\"https:\/\/www.europesays.com\/de\/wp-content\/uploads\/2026\/08\/finals-310.webp\" alt=\"Marie Marquardt vom Blankenfelder BS 1 bei der Deutsche Meisterschaft im Mixed Compound.\" title=\"Marie Marquardt vom Blankenfelder BS 1 bei der Deutsche Meisterschaft im Mixed Compound. | dpa-Bildfunk, Robert Michael\" class=\"responsive\" loading=\"lazy\"\/><\/p>\n<p>In 24 Sportarten wurden insgesamt 143 Deutsche Meistertitel vergeben. Aber: Was hat der Leistungssport davon, was die Region Hannover?<\/p>\n<p>        <img decoding=\"async\" src=\"https:\/\/www.europesays.com\/de\/wp-content\/uploads\/2026\/06\/maschseefest1528.webp\" alt=\"Maschseefest Hannover am Abend\" title=\"Maschseefest Hannover am Abend | Hannover Marketing und Tourismus GmbH, Kevin M\u00fcnkel\" class=\"responsive\" loading=\"lazy\"\/><\/p>\n<p>19 Tage lang wird gefeiert &#8211; mit Programm f\u00fcr die ganze Familie. Die Veranstaltenden bieten auch in diesem Jahr Neues.<\/p>\n<p>Dieses Thema im Programm:<\/p>\n<p>                NDR 1 Niedersachsen | Aktuell | 09.08.2026 | 15:00 Uhr<\/p>\n<p>        Schlagw\u00f6rter zu diesem Artikel<\/p>\n<p>            <a href=\"https:\/\/www.ndr.de\/nachrichten\/niedersachsen\/hannover_weser-leinegebiet\/Hannover-Aktuelle-News-und-Nachrichten,hannover18518.html\" rel=\"nofollow noopener\" target=\"_blank\">Hannover<\/a><\/p>\n","protected":false},"excerpt":{"rendered":"Stand: 09.08.2026 20:56 Uhr Rund 2,3 Millionen Besucherinnen und Besucher haben in diesem Jahr das Maschseefest besucht. Damit&hellip;\n","protected":false},"author":2,"featured_media":1227427,"comment_status":"","ping_status":"","sticky":false,"template":"","format":"standard","meta":{"footnotes":"","_share_on_mastodon":"0"},"categories":[1836],"tags":[2217,3364,29,17445,30,46,254859,5948,37517,1411,7789],"class_list":["post-1227426","post","type-post","status-publish","format-standard","has-post-thumbnail","category-hannover","tag-bilanz","tag-de","tag-deutschland","tag-fest","tag-germany","tag-hannover","tag-lawiszus","tag-maschsee","tag-maschseefest","tag-niedersachsen","tag-programm"],"share_on_mastodon":{"url":"https:\/\/pubeurope.com\/@de\/117068938166363397","error":""},"_links":{"self":[{"href":"https:\/\/www.europesays.com\/de\/wp-json\/wp\/v2\/posts\/1227426","targetHints":{"allow":["GET"]}}],"collection":[{"href":"https:\/\/www.europesays.com\/de\/wp-json\/wp\/v2\/posts"}],"about":[{"href":"https:\/\/www.europesays.com\/de\/wp-json\/wp\/v2\/types\/post"}],"author":[{"embeddable":true,"href":"https:\/\/www.europesays.com\/de\/wp-json\/wp\/v2\/users\/2"}],"replies":[{"embeddable":true,"href":"https:\/\/www.europesays.com\/de\/wp-json\/wp\/v2\/comments?post=1227426"}],"version-history":[{"count":0,"href":"https:\/\/www.europesays.com\/de\/wp-json\/wp\/v2\/posts\/1227426\/revisions"}],"wp:featuredmedia":[{"embeddable":true,"href":"https:\/\/www.europesays.com\/de\/wp-json\/wp\/v2\/media\/1227427"}],"wp:attachment":[{"href":"https:\/\/www.europesays.com\/de\/wp-json\/wp\/v2\/media?parent=1227426"}],"wp:term":[{"taxonomy":"category","embeddable":true,"href":"https:\/\/www.europesays.com\/de\/wp-json\/wp\/v2\/categories?post=1227426"},{"taxonomy":"post_tag","embeddable":true,"href":"https:\/\/www.europesays.com\/de\/wp-json\/wp\/v2\/tags?post=1227426"}],"curies":[{"name":"wp","href":"https:\/\/api.w.org\/{rel}","templated":true}]}}