{"id":1227472,"date":"2026-08-10T03:26:16","date_gmt":"2026-08-10T03:26:16","guid":{"rendered":"https:\/\/www.europesays.com\/de\/1227472\/"},"modified":"2026-08-10T03:26:16","modified_gmt":"2026-08-10T03:26:16","slug":"berlin-fast-400-lehrer-seit-mindestens-einem-jahr-krankgeschrieben","status":"publish","type":"post","link":"https:\/\/www.europesays.com\/de\/1227472\/","title":{"rendered":"Berlin: Fast 400 Lehrer seit mindestens einem Jahr krankgeschrieben"},"content":{"rendered":"<p>Bildung <\/p>\n<p>Hunderte Lehrer fallen wegen Krankheit dauerhaft aus<\/p>\n<p>10.08.2026 &#8211; 05:19 UhrLesedauer: 2 Min.<\/p>\n<p><a href=\"#focus-0\" class=\"transition-colors block text-current relative\" data-sctrack=\"FocusGalleryImage.Reference\"><img fetchpriority=\"high\" data-testid=\"Opener.Image\"   loading=\"eager\" src=\"https:\/\/www.europesays.com\/de\/wp-content\/uploads\/2026\/08\/hochgestellte-stuehle-sind-in-einem-klassenzimmer-zu-sehen-in-berlin-sind-zahlreiche-lehrer-dauerhaf.jpeg\" alt=\"Hochgestellte St\u00fchle sind in einem Klassenzimmer zu sehen: In Berlin sind zahlreiche Lehrer dauerhaft krankgeschrieben.\" title=\"Hochgestellte St\u00fchle sind in einem Klassenzimmer zu sehen: In Berlin sind zahlreiche Lehrer dauerhaft krankgeschrieben.\" width=\"800\" height=\"450\" class=\"bg-[url:var(--lqipURL)] bg-cover bg-center flex h-full w-full max-w-full\" style=\"--lqipURL:url('https:\/\/images.t-online.de\/2026\/08\/zZgTn2mxd9z8\/0x75:800x450\/fit-in\/150x0\/filters:blur(25)\/hochgestellte-stuehle-sind-in-einem-klassenzimmer-zu-sehen-in-berlin-sind-zahlreiche-lehrer-dauerhaft-krankgeschrieben.jpg')\" decoding=\"async\"\/><img loading=\"lazy\" src=\"https:\/\/berlin.t-online.de\/s\/paper\/_next\/static\/media\/zoom-in.f7dae02f.svg\" alt=\"Vergr\u00f6\u00dfern des Bildes\" title=\"Vergr\u00f6\u00dfern des Bildes\" class=\"block h-[calc(var(--height)_\/_16_*_1rem)] w-[calc(var(--width)_\/_16_*_1rem)] max-w-none absolute right-8 bottom-8 rounded-4 bg-snow p-8\" style=\"--width:32;--height:32\" decoding=\"async\"\/><\/a><\/p>\n<p>Hochgestellte St\u00fchle sind in einem Klassenzimmer zu sehen: In Berlin sind zahlreiche Lehrer dauerhaft krankgeschrieben. (Quelle: Jens Kalaene\/dpa)<\/p>\n<p><img loading=\"lazy\" src=\"https:\/\/berlin.t-online.de\/s\/paper\/_next\/static\/media\/audio-volume.6689034c.svg\" alt=\"\" title=\"\" class=\"block h-[calc(var(--height)_\/_16_*_1rem)] w-[calc(var(--width)_\/_16_*_1rem)] max-w-none group-hover:brightness-0 group-hover:invert\" style=\"--width:16;--height:16\" decoding=\"async\"\/>Vorlesen<\/p>\n<p>Aktuelle Zeit:0:00Gesamtdauer:0:00<\/p>\n<p>1x<\/p>\n<p class=\"text-center\">Jetzt neu bei t-online:<\/p>\n<p class=\"text-center\">Schriftgr\u00f6\u00dfe anpassen!<\/p>\n<p><img loading=\"lazy\" src=\"https:\/\/berlin.t-online.de\/s\/paper\/_next\/static\/media\/font-sizes.32942e33.svg\" alt=\"\" title=\"\" class=\"block h-[calc(var(--height)_\/_16_*_1rem)] w-[calc(var(--width)_\/_16_*_1rem)] max-w-none group-hover:hidden group-aria-expanded:hidden\" style=\"--width:16;--height:16\" decoding=\"async\"\/><img loading=\"lazy\" src=\"https:\/\/berlin.t-online.de\/s\/paper\/_next\/static\/media\/font-sizes-dark-mode.e382645c.svg\" alt=\"\" title=\"\" class=\"block h-[calc(var(--height)_\/_16_*_1rem)] w-[calc(var(--width)_\/_16_*_1rem)] max-w-none hidden group-hover:block group-aria-expanded:block\" style=\"--width:16;--height:16\" decoding=\"async\"\/><img loading=\"lazy\" src=\"https:\/\/berlin.t-online.de\/s\/paper\/_next\/static\/media\/sharing-menu-icon.1eb71368.svg\" alt=\"\" title=\"\" class=\"block h-[calc(var(--height)_\/_16_*_1rem)] w-[calc(var(--width)_\/_16_*_1rem)] max-w-none group-hover:brightness-0 group-hover:invert\" style=\"--width:16;--height:16\" decoding=\"async\"\/>Artikel teilen<\/p>\n<p class=\"font-bold text-18 leading-17 user-text-lg:text-22 user-text-xl:text-24\">Fast 400 Berliner Lehrkr\u00e4fte fehlen seit mindestens einem Jahr im Unterricht. Ein Bezirk f\u00e4llt dabei besonders negativ auf.<\/p>\n<p class=\"text-18 leading-17 user-text-lg:text-22 user-text-xl:text-24\">Fast 400 Lehrer an Berliner Schulen sind seit mindestens einem Jahr krankheitsbedingt nicht im Dienst. Das geht aus einer Antwort des Senats auf eine parlamentarische Anfrage des Abgeordneten Alexander King (BSW) hervor, die der Nachrichtenagentur dpa vorliegt und \u00fcber die zuvor die &#8222;Berliner Morgenpost&#8220; berichtet hatte.<\/p>\n<p class=\"text-18 leading-17 user-text-lg:text-22 user-text-xl:text-24\">Demnach sind 225 verbeamtete Lehrkr\u00e4fte seit mindestens zw\u00f6lf Monaten krankgeschrieben, hinzu kommen 155 angestellte Lehrer mit ebenso langen Ausf\u00e4llen. Insgesamt arbeiten in der Hauptstadt rund 35.000 Lehrkr\u00e4fte.<\/p>\n<p>143 verbeamtete Lehrer fallen seit einem Jahr oder l\u00e4nger aus<\/p>\n<p class=\"text-18 leading-17 user-text-lg:text-22 user-text-xl:text-24\">King f\u00fchrt die Entwicklung auch auf die &#8222;mangelhafte Personalausstattung&#8220; zur\u00fcck. Sie erh\u00f6he die Belastung der vorhandenen Lehrkr\u00e4fte und beg\u00fcnstige weitere krankheitsbedingte Ausf\u00e4lle, erkl\u00e4rte er.<\/p>\n<p class=\"text-18 leading-17 user-text-lg:text-22 user-text-xl:text-24\">Von den 225 verbeamteten Lehrkr\u00e4ften fallen 143 seit mindestens einem Jahr aus, 50 seit mindestens zwei Jahren und 18 sogar seit mindestens zehn Jahren. Die meisten der dauerhaft kranken Kr\u00e4fte \u2013 98 \u2013 fehlen an Grundschulen, gefolgt von Sekundarschulen (54), Gymnasien (34) und berufsbildenden Schulen (27).<\/p>\n<p>21 Lehrkr\u00e4fte seit mindestens f\u00fcnf Jahren krankgeschrieben<\/p>\n<p class=\"text-18 leading-17 user-text-lg:text-22 user-text-xl:text-24\">Unter den angestellten Lehrkr\u00e4ften sind f\u00fcnf seit mindestens zehn Jahren und weitere 16 seit mindestens f\u00fcnf Jahren krankgeschrieben. Die meisten langfristig erkrankten Lehrkr\u00e4fte gibt es in Marzahn-Hellersdorf (41), gefolgt von Pankow (39) und Lichtenberg (33). Am wenigsten betroffen sind Mitte (17) sowie Spandau und Tempelhof-Sch\u00f6neberg mit jeweils 22.<\/p>\n<p class=\"text-18 leading-17 user-text-lg:text-22 user-text-xl:text-24\">Bei Langzeiterkrankten beauftragt die Bildungsverwaltung die Zentrale medizinische Gutachtenstelle (ZMGA) des Landesamts f\u00fcr Gesundheit und Soziales mit einer Untersuchung. &#8222;Besteht laut Gutachten der ZMGA keine Aussicht, dass die Beamtin oder Beamte innerhalb weiterer sechs Monate wieder dienstf\u00e4hig wird, beginnt die Einleitung des Ruhestandsverfahrens&#8220;, hie\u00df es.<\/p>\n<p class=\"text-18 leading-17 user-text-lg:text-22 user-text-xl:text-24\">Kann die betroffene Person nicht mehr als Lehrkraft arbeiten, ist aber in der Lage, andere T\u00e4tigkeiten zu \u00fcbernehmen, kann laut Bildungsverwaltung &#8222;ein Einsatz im Projekt der beruflichen Neuorientierung durch amtsangemessene anderweitige Verwendung erfolgen&#8220;. An diesem Projekt nehmen derzeit 29 der Betroffenen teil.<\/p>\n","protected":false},"excerpt":{"rendered":"Bildung Hunderte Lehrer fallen wegen Krankheit dauerhaft aus 10.08.2026 &#8211; 05:19 UhrLesedauer: 2 Min. Hochgestellte St\u00fchle sind in&hellip;\n","protected":false},"author":2,"featured_media":1227473,"comment_status":"","ping_status":"","sticky":false,"template":"","format":"standard","meta":{"footnotes":"","_share_on_mastodon":"0"},"categories":[1825],"tags":[722,3176,296,13871,29,30,6204,966],"class_list":["post-1227472","post","type-post","status-publish","format-standard","has-post-thumbnail","category-berlin","tag-722","tag-3176","tag-berlin","tag-buendnis-sahra-wagenknecht","tag-deutschland","tag-germany","tag-lehrkraefte","tag-schule"],"share_on_mastodon":{"url":"https:\/\/pubeurope.com\/@de\/117069088421721505","error":""},"_links":{"self":[{"href":"https:\/\/www.europesays.com\/de\/wp-json\/wp\/v2\/posts\/1227472","targetHints":{"allow":["GET"]}}],"collection":[{"href":"https:\/\/www.europesays.com\/de\/wp-json\/wp\/v2\/posts"}],"about":[{"href":"https:\/\/www.europesays.com\/de\/wp-json\/wp\/v2\/types\/post"}],"author":[{"embeddable":true,"href":"https:\/\/www.europesays.com\/de\/wp-json\/wp\/v2\/users\/2"}],"replies":[{"embeddable":true,"href":"https:\/\/www.europesays.com\/de\/wp-json\/wp\/v2\/comments?post=1227472"}],"version-history":[{"count":0,"href":"https:\/\/www.europesays.com\/de\/wp-json\/wp\/v2\/posts\/1227472\/revisions"}],"wp:featuredmedia":[{"embeddable":true,"href":"https:\/\/www.europesays.com\/de\/wp-json\/wp\/v2\/media\/1227473"}],"wp:attachment":[{"href":"https:\/\/www.europesays.com\/de\/wp-json\/wp\/v2\/media?parent=1227472"}],"wp:term":[{"taxonomy":"category","embeddable":true,"href":"https:\/\/www.europesays.com\/de\/wp-json\/wp\/v2\/categories?post=1227472"},{"taxonomy":"post_tag","embeddable":true,"href":"https:\/\/www.europesays.com\/de\/wp-json\/wp\/v2\/tags?post=1227472"}],"curies":[{"name":"wp","href":"https:\/\/api.w.org\/{rel}","templated":true}]}}