{"id":1227483,"date":"2026-08-10T03:34:23","date_gmt":"2026-08-10T03:34:23","guid":{"rendered":"https:\/\/www.europesays.com\/de\/1227483\/"},"modified":"2026-08-10T03:34:23","modified_gmt":"2026-08-10T03:34:23","slug":"sami-khedira-bericht-porsche-trennt-sich-vom-weltmeister-von-2014","status":"publish","type":"post","link":"https:\/\/www.europesays.com\/de\/1227483\/","title":{"rendered":"Sami Khedira \u2013 Bericht: Porsche trennt sich vom Weltmeister von 2014"},"content":{"rendered":"<p>K\u00fcndigung <\/p>\n<p>Bericht: Porsche trennt sich von Sami Khedira<\/p>\n<p>Aktualisiert am 10.08.2026 &#8211; 01:41 UhrLesedauer: 2 Min.<\/p>\n<p><a href=\"#focus-0\" class=\"transition-colors block text-current relative\" data-sctrack=\"FocusGalleryImage.Reference\"><img fetchpriority=\"high\" data-testid=\"Opener.Image\"   loading=\"eager\" src=\"https:\/\/www.europesays.com\/de\/wp-content\/uploads\/2026\/08\/bei-der-wm-2026-trat-sami-khedira-noch-als-tv-experte-in-erscheinung.jpg\" alt=\"Bei der WM 2026 trat Sami Khedira noch als TV-Experte in Erscheinung.\" title=\"Bei der WM 2026 trat Sami Khedira noch als TV-Experte in Erscheinung.\" width=\"6000\" height=\"3375\" class=\"bg-[url:var(--lqipURL)] bg-cover bg-center flex h-full w-full max-w-full\" style=\"--lqipURL:url('https:\/\/images.t-online.de\/2026\/08\/PGUclu94Qn1l\/0x313:6000x3375\/fit-in\/150x0\/filters:blur(25)\/bei-der-wm-2026-trat-sami-khedira-noch-als-tv-experte-in-erscheinung.jpg')\" decoding=\"async\"\/><img loading=\"lazy\" src=\"https:\/\/www.t-online.de\/s\/paper\/_next\/static\/media\/zoom-in.f7dae02f.svg\" alt=\"Vergr\u00f6\u00dfern des Bildes\" title=\"Vergr\u00f6\u00dfern des Bildes\" class=\"block h-[calc(var(--height)_\/_16_*_1rem)] w-[calc(var(--width)_\/_16_*_1rem)] max-w-none absolute right-8 bottom-8 rounded-4 bg-snow p-8\" style=\"--width:32;--height:32\" decoding=\"async\"\/><\/a><\/p>\n<p>Bei der WM 2026 trat Sami Khedira noch als TV-Experte in Erscheinung. (Quelle: Bei der WM 2026 trat Sami Khedira noch als TV-Experte in Erscheinung.\/imago)<\/p>\n<p><img loading=\"lazy\" src=\"https:\/\/www.t-online.de\/s\/paper\/_next\/static\/media\/audio-volume.6689034c.svg\" alt=\"\" title=\"\" class=\"block h-[calc(var(--height)_\/_16_*_1rem)] w-[calc(var(--width)_\/_16_*_1rem)] max-w-none group-hover:brightness-0 group-hover:invert\" style=\"--width:16;--height:16\" decoding=\"async\"\/>Vorlesen<\/p>\n<p>Aktuelle Zeit:0:00Gesamtdauer:0:00<\/p>\n<p>1x<\/p>\n<p class=\"text-center\">Jetzt neu bei t-online:<\/p>\n<p class=\"text-center\">Schriftgr\u00f6\u00dfe anpassen!<\/p>\n<p><img loading=\"lazy\" src=\"https:\/\/www.t-online.de\/s\/paper\/_next\/static\/media\/font-sizes.32942e33.svg\" alt=\"\" title=\"\" class=\"block h-[calc(var(--height)_\/_16_*_1rem)] w-[calc(var(--width)_\/_16_*_1rem)] max-w-none group-hover:hidden group-aria-expanded:hidden\" style=\"--width:16;--height:16\" decoding=\"async\"\/><img loading=\"lazy\" src=\"https:\/\/www.t-online.de\/s\/paper\/_next\/static\/media\/font-sizes-dark-mode.e382645c.svg\" alt=\"\" title=\"\" class=\"block h-[calc(var(--height)_\/_16_*_1rem)] w-[calc(var(--width)_\/_16_*_1rem)] max-w-none hidden group-hover:block group-aria-expanded:block\" style=\"--width:16;--height:16\" decoding=\"async\"\/><img loading=\"lazy\" src=\"https:\/\/www.t-online.de\/s\/paper\/_next\/static\/media\/sharing-menu-icon.1eb71368.svg\" alt=\"\" title=\"\" class=\"block h-[calc(var(--height)_\/_16_*_1rem)] w-[calc(var(--width)_\/_16_*_1rem)] max-w-none group-hover:brightness-0 group-hover:invert\" style=\"--width:16;--height:16\" decoding=\"async\"\/>Artikel teilen<\/p>\n<p class=\"font-bold text-18 leading-17 user-text-lg:text-22 user-text-xl:text-24\">Keine Porsches mehr frei Haus f\u00fcr Sami Khedira. Das berichtet zumindest die &#8222;Bild&#8220;-Zeitung. Demnach hat sich der Autobauer vom Ex-Profi getrennt.<\/p>\n<p class=\"text-18 leading-17 user-text-lg:text-22 user-text-xl:text-24\"><a href=\"https:\/\/www.t-online.de\/themen\/sami-khedira\/\" class=\"transition-colors cursor-pointer no-underline md:hover:text-magenta md:focus:text-magenta border-b border-solid border-current text-salemsfur md:hover:border-magenta\" data-tracking=\"{&quot;action&quot;:&quot;click&quot;,&quot;category&quot;:&quot;intextLink&quot;,&quot;label&quot;:&quot;\/themen\/sami-khedira\/&quot;}\" data-sctrack=\"BodyAnchor\" rel=\"nofollow noopener\" target=\"_blank\">Sami Khedira<\/a> hatte auch nach dem Ende seiner aktiven Fu\u00dfballerkarriere keine Probleme, einen Job zu bekommen. Er arbeitete unter anderem als TV-Experte f\u00fcr den Streamingsender DAZN, auch trat er als Markenbotschafter f\u00fcr einen B\u00fcrom\u00f6belhersteller in Erscheinung und er engagierte sich f\u00fcr das F\u00f6rderprogramm &#8222;Turbo f\u00fcr Talente&#8220; des Sportwagenherstellers Porsche.<\/p>\n<p class=\"text-18 leading-17 user-text-lg:text-22 user-text-xl:text-24\">Doch damit soll es laut &#8222;Bild&#8220;-Zeitung nun vorbei sein. Wie das Blatt erfuhr, hat der Produzent von Luxuswagen die Zusammenarbeit mit dem Weltmeister von 2014 gek\u00fcndigt. Demnach soll es ein letztes Gespr\u00e4ch zwischen dem Unternehmen und dem Ex-Profi bereits im Fr\u00fchjahr gegeben haben. Die Trennung steht laut &#8222;Bild&#8220; also schon seit Wochen fest.<\/p>\n<p class=\"text-18 leading-17 user-text-lg:text-22 user-text-xl:text-24\">&#8222;Porsche und Sami Khedira haben sich in gegenseitigem Einvernehmen darauf verst\u00e4ndigt, die erfolgreiche Zusammenarbeit nach Ablauf der aktuellen Vertragslaufzeit nicht fortzusetzen&#8220;, teilte ein Porsche-Sprecher auf &#8222;Bild&#8220;-Anfrage mit.<\/p>\n<p><a href=\"#focus-1\" class=\"transition-colors block text-current relative\" data-sctrack=\"FocusGalleryImage.Reference\"><img   loading=\"lazy\" src=\"https:\/\/www.europesays.com\/de\/wp-content\/uploads\/2026\/08\/juergen-klopp-r-beim-plausch-mit-2014er-weltmeister-sami-khedira.jpg\" alt=\"WM 2026 - New York\" title=\"WM 2026 - New York\" width=\"2048\" height=\"1152\" class=\"h-full w-full max-w-full rounded-8\" decoding=\"async\"\/><img loading=\"lazy\" src=\"https:\/\/www.t-online.de\/s\/paper\/_next\/static\/media\/zoom-in.f7dae02f.svg\" alt=\"Vergr\u00f6\u00dfern des Bildes\" title=\"Vergr\u00f6\u00dfern des Bildes\" class=\"block h-[calc(var(--height)_\/_16_*_1rem)] w-[calc(var(--width)_\/_16_*_1rem)] max-w-none absolute right-8 bottom-8 rounded-4 bg-snow p-8\" style=\"--width:32;--height:32\" decoding=\"async\"\/>J\u00fcrgen Klopp (r.) beim Plausch mit 2014er-Weltmeister Sami Khedira. (Quelle: Federico Gambarini\/dpa\/dpa-bilder)<\/a><\/p>\n<p>&#8222;BILD&#8220;: Zwei Porsche SUV als Dienstwagen<\/p>\n<p class=\"text-18 leading-17 user-text-lg:text-22 user-text-xl:text-24\">Als Grund f\u00fcr den Schritt wird das Sparprogramm angegeben, dass der Autohersteller derzeit f\u00e4hrt. Porsche befindet sich auf Konsolidierungskurs, nachdem unter anderem eine milliardenschwere Abschreibung im Rahmen der Beteiligung der Porsche SE am Volkswagen-Konzern angefallen waren. Unter dem Strich machte die Beteiligungsgesellschaft einen Verlust von 2,2 Milliarden. Im Jahr zuvor gab es noch einen Gewinn von 300 Millionen Euro.<\/p>\n<p class=\"text-18 leading-17 user-text-lg:text-22 user-text-xl:text-24\">Sowohl Europas gr\u00f6\u00dfter Autobauer <a href=\"https:\/\/www.t-online.de\/themen\/volkswagen\/\" class=\"transition-colors cursor-pointer no-underline md:hover:text-magenta md:focus:text-magenta border-b border-solid border-current text-salemsfur md:hover:border-magenta\" data-tracking=\"{&quot;action&quot;:&quot;click&quot;,&quot;category&quot;:&quot;intextLink&quot;,&quot;label&quot;:&quot;\/themen\/volkswagen\/&quot;}\" data-sctrack=\"BodyAnchor\" rel=\"nofollow noopener\" target=\"_blank\">Volkswagen<\/a> als auch der Sportwagenbauer Porsche k\u00e4mpfen mit schwierigen Marktbedingungen und dem Umbruch in der <a href=\"https:\/\/www.t-online.de\/themen\/automobilindustrie\/\" class=\"transition-colors cursor-pointer no-underline md:hover:text-magenta md:focus:text-magenta border-b border-solid border-current text-salemsfur md:hover:border-magenta\" data-tracking=\"{&quot;action&quot;:&quot;click&quot;,&quot;category&quot;:&quot;intextLink&quot;,&quot;label&quot;:&quot;\/themen\/automobilindustrie\/&quot;}\" data-sctrack=\"BodyAnchor\" rel=\"nofollow noopener\" target=\"_blank\">Automobilindustrie<\/a>. Die Wertberichtigungen auf die Volkswagen-Anteile betrugen im ersten Halbjahr 3 Milliarden Euro und auf Porsche 200 Millionen Euro.<\/p>\n<p class=\"text-18 leading-17 user-text-lg:text-22 user-text-xl:text-24\">Als Markenbotschafter soll Khedira nach &#8222;Bild&#8220;-Informationen rund 200.000 Euro pro Jahr sowie zwei Porsche SUV als Dienstwagen bekommen haben. Die Autos wird er am Jahresende wohl zur\u00fcckgeben m\u00fcssen. Gegen\u00fcber der Boulevardzeitung \u00e4u\u00dferte sich Khedira nicht zum Ende seiner Kooperation mit Porsche.<\/p>\n<p><a href=\"#focus-2\" class=\"transition-colors block text-current relative\" data-sctrack=\"FocusGalleryImage.Reference\"><img   loading=\"lazy\" src=\"https:\/\/www.europesays.com\/de\/wp-content\/uploads\/2026\/08\/sami-khedira-l-und-trainer-jose-mourinho-waehrend-ihrer-gemeinsamen-zeit-bei-real-madrid-archivbild..jpeg\" alt=\"Sami Khedira (l.) und Trainer Jos\u00e9 Mourinho w\u00e4hrend ihrer gemeinsamen zeit bei Real madrid (Archivbild).\" title=\"Sami Khedira (l.) und Trainer Jos\u00e9 Mourinho w\u00e4hrend ihrer gemeinsamen zeit bei Real madrid (Archivbild).\" width=\"800\" height=\"450\" class=\"h-full w-full max-w-full rounded-8\" decoding=\"async\"\/><img loading=\"lazy\" src=\"https:\/\/www.t-online.de\/s\/paper\/_next\/static\/media\/zoom-in.f7dae02f.svg\" alt=\"Vergr\u00f6\u00dfern des Bildes\" title=\"Vergr\u00f6\u00dfern des Bildes\" class=\"block h-[calc(var(--height)_\/_16_*_1rem)] w-[calc(var(--width)_\/_16_*_1rem)] max-w-none absolute right-8 bottom-8 rounded-4 bg-snow p-8\" style=\"--width:32;--height:32\" decoding=\"async\"\/>Sami Khedira (l.) und Trainer Jos\u00e9 Mourinho w\u00e4hrend ihrer gemeinsamen zeit bei Real madrid (Archivbild). (Quelle: Katia Christodoulou)<\/a><\/p>\n<p>Khedira will &#8222;n\u00e4chsten Schritt&#8220; gehen<\/p>\n<p class=\"text-18 leading-17 user-text-lg:text-22 user-text-xl:text-24\">Doch es d\u00fcrfte den 39-J\u00e4hrigen nicht allzu sehr schmerzen, schlie\u00dflich hat er mit seinem Job bei <a href=\"https:\/\/www.t-online.de\/themen\/real-madrid\/\" class=\"transition-colors cursor-pointer no-underline md:hover:text-magenta md:focus:text-magenta border-b border-solid border-current text-salemsfur md:hover:border-magenta\" data-tracking=\"{&quot;action&quot;:&quot;click&quot;,&quot;category&quot;:&quot;intextLink&quot;,&quot;label&quot;:&quot;\/themen\/real-madrid\/&quot;}\" data-sctrack=\"BodyAnchor\" rel=\"nofollow noopener\" target=\"_blank\">Real Madrid<\/a> ohnehin alle H\u00e4nde voll zu tun. An der Seite von Startrainer <a href=\"https:\/\/www.t-online.de\/themen\/jose-mourinho\/\" class=\"transition-colors cursor-pointer no-underline md:hover:text-magenta md:focus:text-magenta border-b border-solid border-current text-salemsfur md:hover:border-magenta\" data-tracking=\"{&quot;action&quot;:&quot;click&quot;,&quot;category&quot;:&quot;intextLink&quot;,&quot;label&quot;:&quot;\/themen\/jose-mourinho\/&quot;}\" data-sctrack=\"BodyAnchor\" rel=\"nofollow noopener\" target=\"_blank\">Jos\u00e9 Mourinho<\/a> soll Khedira daf\u00fcr sorgen, dass der spanische Vorzeigeklub national und international wieder an die Spitze zur\u00fcckkehrt.<\/p>\n","protected":false},"excerpt":{"rendered":"K\u00fcndigung Bericht: Porsche trennt sich von Sami Khedira Aktualisiert am 10.08.2026 &#8211; 01:41 UhrLesedauer: 2 Min. Bei der&hellip;\n","protected":false},"author":2,"featured_media":1227484,"comment_status":"","ping_status":"","sticky":false,"template":"","format":"standard","meta":{"footnotes":"","_share_on_mastodon":"0"},"categories":[136],"tags":[1217,9492,1931,29,254864,30,112280,4665,14056,3349,12150,265,603,59416],"class_list":["post-1227483","post","type-post","status-publish","format-standard","has-post-thumbnail","category-sport","tag-1217","tag-bild-zeitung","tag-dazn","tag-deutschland","tag-fussballerkarriere","tag-germany","tag-jose-mourinho","tag-juergen-klopp","tag-porsche","tag-real-madrid","tag-sami-khedira","tag-sport","tag-vw","tag-wm-2026"],"share_on_mastodon":{"url":"https:\/\/pubeurope.com\/@de\/117069118467332365","error":""},"_links":{"self":[{"href":"https:\/\/www.europesays.com\/de\/wp-json\/wp\/v2\/posts\/1227483","targetHints":{"allow":["GET"]}}],"collection":[{"href":"https:\/\/www.europesays.com\/de\/wp-json\/wp\/v2\/posts"}],"about":[{"href":"https:\/\/www.europesays.com\/de\/wp-json\/wp\/v2\/types\/post"}],"author":[{"embeddable":true,"href":"https:\/\/www.europesays.com\/de\/wp-json\/wp\/v2\/users\/2"}],"replies":[{"embeddable":true,"href":"https:\/\/www.europesays.com\/de\/wp-json\/wp\/v2\/comments?post=1227483"}],"version-history":[{"count":0,"href":"https:\/\/www.europesays.com\/de\/wp-json\/wp\/v2\/posts\/1227483\/revisions"}],"wp:featuredmedia":[{"embeddable":true,"href":"https:\/\/www.europesays.com\/de\/wp-json\/wp\/v2\/media\/1227484"}],"wp:attachment":[{"href":"https:\/\/www.europesays.com\/de\/wp-json\/wp\/v2\/media?parent=1227483"}],"wp:term":[{"taxonomy":"category","embeddable":true,"href":"https:\/\/www.europesays.com\/de\/wp-json\/wp\/v2\/categories?post=1227483"},{"taxonomy":"post_tag","embeddable":true,"href":"https:\/\/www.europesays.com\/de\/wp-json\/wp\/v2\/tags?post=1227483"}],"curies":[{"name":"wp","href":"https:\/\/api.w.org\/{rel}","templated":true}]}}