{"id":1227496,"date":"2026-08-10T03:45:39","date_gmt":"2026-08-10T03:45:39","guid":{"rendered":"https:\/\/www.europesays.com\/de\/1227496\/"},"modified":"2026-08-10T03:45:39","modified_gmt":"2026-08-10T03:45:39","slug":"avocado-hand-faelle-am-uksh-steigen-mehr-frauen-betroffen","status":"publish","type":"post","link":"https:\/\/www.europesays.com\/de\/1227496\/","title":{"rendered":"\u00abAvocado-Hand\u00bb-F\u00e4lle am UKSH steigen \u2013 Mehr Frauen betroffen"},"content":{"rendered":"<p>Notaufnahmedaten <\/p>\n<p>&#8222;Avocado-Hand&#8220;-F\u00e4lle am UKSH steigen \u2013 Mehr Frauen betroffen<\/p>\n<p>Aktualisiert am 10.08.2026 &#8211; 05:00 UhrLesedauer: 2 Min.<\/p>\n<p><a href=\"#focus-0\" class=\"transition-colors block text-current relative\" data-sctrack=\"FocusGalleryImage.Reference\"><img fetchpriority=\"high\" data-testid=\"Opener.Image\"   loading=\"eager\" src=\"https:\/\/www.europesays.com\/de\/wp-content\/uploads\/2026\/08\/die-auswertung-der-notaufnahmedaten-von-anfang-2022-bis-mitte-2026-zeigt-steigende-fallzahlen.jpg\" alt=\"Verletzungen beim Schneiden von Avocado\" title=\"Verletzungen beim Schneiden von Avocado\" width=\"2048\" height=\"1152\" class=\"bg-[url:var(--lqipURL)] bg-cover bg-center flex h-full w-full max-w-full\" style=\"--lqipURL:url('https:\/\/images.t-online.de\/2026\/08\/DW1JcJaGGmxQ\/0x107:2048x1152\/fit-in\/150x0\/filters:blur(25)\/die-auswertung-der-notaufnahmedaten-von-anfang-2022-bis-mitte-2026-zeigt-steigende-fallzahlen.jpg')\" decoding=\"async\"\/><img loading=\"lazy\" src=\"https:\/\/www.t-online.de\/s\/paper\/_next\/static\/media\/zoom-in.f7dae02f.svg\" alt=\"Vergr\u00f6\u00dfern des Bildes\" title=\"Vergr\u00f6\u00dfern des Bildes\" class=\"block h-[calc(var(--height)_\/_16_*_1rem)] w-[calc(var(--width)_\/_16_*_1rem)] max-w-none absolute right-8 bottom-8 rounded-4 bg-snow p-8\" style=\"--width:32;--height:32\" decoding=\"async\"\/><\/a><\/p>\n<p>Die Auswertung der Notaufnahmedaten von Anfang 2022 bis Mitte 2026 zeigt steigende Fallzahlen. (Quelle: Christian Charisius\/dpa\/dpa-bilder)<\/p>\n<p><img loading=\"lazy\" src=\"https:\/\/www.t-online.de\/s\/paper\/_next\/static\/media\/audio-volume.6689034c.svg\" alt=\"\" title=\"\" class=\"block h-[calc(var(--height)_\/_16_*_1rem)] w-[calc(var(--width)_\/_16_*_1rem)] max-w-none group-hover:brightness-0 group-hover:invert\" style=\"--width:16;--height:16\" decoding=\"async\"\/>Vorlesen<\/p>\n<p>Aktuelle Zeit:0:00Gesamtdauer:0:00<\/p>\n<p>1x<\/p>\n<p class=\"text-center\">Jetzt neu bei t-online:<\/p>\n<p class=\"text-center\">Schriftgr\u00f6\u00dfe anpassen!<\/p>\n<p><img loading=\"lazy\" src=\"https:\/\/www.t-online.de\/s\/paper\/_next\/static\/media\/font-sizes.32942e33.svg\" alt=\"\" title=\"\" class=\"block h-[calc(var(--height)_\/_16_*_1rem)] w-[calc(var(--width)_\/_16_*_1rem)] max-w-none group-hover:hidden group-aria-expanded:hidden\" style=\"--width:16;--height:16\" decoding=\"async\"\/><img loading=\"lazy\" src=\"https:\/\/www.t-online.de\/s\/paper\/_next\/static\/media\/font-sizes-dark-mode.e382645c.svg\" alt=\"\" title=\"\" class=\"block h-[calc(var(--height)_\/_16_*_1rem)] w-[calc(var(--width)_\/_16_*_1rem)] max-w-none hidden group-hover:block group-aria-expanded:block\" style=\"--width:16;--height:16\" decoding=\"async\"\/><img loading=\"lazy\" src=\"https:\/\/www.t-online.de\/s\/paper\/_next\/static\/media\/sharing-menu-icon.1eb71368.svg\" alt=\"\" title=\"\" class=\"block h-[calc(var(--height)_\/_16_*_1rem)] w-[calc(var(--width)_\/_16_*_1rem)] max-w-none group-hover:brightness-0 group-hover:invert\" style=\"--width:16;--height:16\" decoding=\"async\"\/>Artikel teilen<\/p>\n<p class=\"font-bold text-18 leading-17 user-text-lg:text-22 user-text-xl:text-24\">Die Zahl der &#8222;Avocado-Hand&#8220;-F\u00e4lle am Universit\u00e4tsklinikum Schleswig-Holstein nimmt zu. Besonders h\u00e4ufig betroffen: Frauen. Was hinter den Schnittverletzungen steckt und wie man sie vermeiden kann.<\/p>\n<p class=\"text-18 leading-17 user-text-lg:text-22 user-text-xl:text-24\">Am Universit\u00e4tsklinikum Schleswig-Holstein (UKSH) steigt die Zahl von F\u00e4llen der sogenannten &#8222;Avocado-Hand&#8220;. Dabei handelt es sich um spezifische Schnittverletzungen der Hand, die auf die unsachgem\u00e4\u00dfe Zubereitung von Avocados zur\u00fcckzuf\u00fchren sind, wie eine Sprecherin des Klinikums mit den Standtorten in Kiel und L\u00fcbeck mitteilte. <\/p>\n<p class=\"text-18 leading-17 user-text-lg:text-22 user-text-xl:text-24\">Die Auswertung der Notaufnahmedaten von Anfang 2022 bis Mitte 2026 z\u00e4hlt 83 Behandlungsf\u00e4lle. Im vergangenen Jahr registrierte das Klinikum 21 F\u00e4lle &#8211; 2020 waren es noch acht. Zudem waren Frauen \u00fcberproportional h\u00e4ufig betroffen. So verletzten sich zu 81,9 Prozent Frauen beim Schneiden einer Avocado. <\/p>\n<p class=\"text-18 leading-17 user-text-lg:text-22 user-text-xl:text-24\">Ebenso zeigte sich, dass mehr als die H\u00e4lfte der Verletzten zwischen 20 und 29 Jahre alt war (44 F\u00e4lle). Die medizinisch als &#8222;Avocado-Hand&#8220; bekannte Verletzung erfordert den Angaben nach in vielen F\u00e4llen eine operative, teils mikrochirurgische Versorgung.<\/p>\n<p>Verletzung und Folgen<\/p>\n<p class=\"text-18 leading-17 user-text-lg:text-22 user-text-xl:text-24\">Die sogenannte &#8222;Avocado-Hand&#8220; entsteht laut UKSH, weil die Anatomie der Handinnenfl\u00e4che und die Beschaffenheit der Frucht ung\u00fcnstig zusammenspielen. Typischerweise h\u00e4lt man die Avocadoh\u00e4lfte in der hohlen, nicht-dominanten Hand und schneidet mit der dominanten Hand das Fruchtfleisch ein oder hebelt den harten, glatten Kern mit der Messerspitze heraus. <\/p>\n<p class=\"text-18 leading-17 user-text-lg:text-22 user-text-xl:text-24\">Rutscht die Klinge dann vom Kern ab oder gleitet sie unerwartet leicht durch die weiche Schale, trifft das Messer mit Wucht auf die Handinnenfl\u00e4che oder die Fingerbeugen. Dort verlaufen wichtige Strukturen wie Beugesehnen, Fingernerven und Arterien dicht unter der Haut. Verletzungen f\u00fchren oft von starken Blutungen bis sogar zu einem Funktionsverlust von Fingern. Selbst nach einer erfolgreichen Operation bleibt die Hand meist wochenlang ruhiggestellt und braucht intensive Physiotherapie, hie\u00df es.<\/p>\n<p>Wie man sich sch\u00fctzt<\/p>\n<p><a href=\"#focus-1\" class=\"transition-colors block text-current relative\" data-sctrack=\"FocusGalleryImage.Reference\"><img   loading=\"lazy\" src=\"https:\/\/www.europesays.com\/de\/wp-content\/uploads\/2026\/08\/die-avocado-sollte-beim-schneiden-nicht-in-der-hand-gehalten-werden.jpg\" alt=\"Verletzungen beim Schneiden von Avocado\" title=\"Verletzungen beim Schneiden von Avocado\" width=\"2048\" height=\"1152\" class=\"h-full w-full max-w-full rounded-8\" decoding=\"async\"\/><img loading=\"lazy\" src=\"https:\/\/www.t-online.de\/s\/paper\/_next\/static\/media\/zoom-in.f7dae02f.svg\" alt=\"Vergr\u00f6\u00dfern des Bildes\" title=\"Vergr\u00f6\u00dfern des Bildes\" class=\"block h-[calc(var(--height)_\/_16_*_1rem)] w-[calc(var(--width)_\/_16_*_1rem)] max-w-none absolute right-8 bottom-8 rounded-4 bg-snow p-8\" style=\"--width:32;--height:32\" decoding=\"async\"\/>Die Avocado sollte beim Schneiden nicht in der Hand gehalten werden. (Quelle: Christian Charisius\/dpa\/dpa-bilder)<\/a><\/p>\n<p class=\"text-18 leading-17 user-text-lg:text-22 user-text-xl:text-24\">Um das Risiko von dauerhaften Funktionseinschr\u00e4nkungen der Hand zu minimieren, r\u00e4t das Klinikum Folgendes: So sollte die Avocado beim Halbieren nicht in der Hand gehalten, sondern flach auf ein stabiles Schneidebrett gelegt werden. Ebenso sollte der Kern nicht mit der Messerklinge aus der Frucht gehebelt, sondern etwa ein L\u00f6ffel genutzt werden. Sollte zudem das Fruchtfleisch gew\u00fcrfelt werden, m\u00fcsse die Avocado zwingend auf dem Schneidebrett liegen bleiben, hie\u00df es.<\/p>\n","protected":false},"excerpt":{"rendered":"Notaufnahmedaten &#8222;Avocado-Hand&#8220;-F\u00e4lle am UKSH steigen \u2013 Mehr Frauen betroffen Aktualisiert am 10.08.2026 &#8211; 05:00 UhrLesedauer: 2 Min. Die&hellip;\n","protected":false},"author":2,"featured_media":1227497,"comment_status":"","ping_status":"","sticky":false,"template":"","format":"standard","meta":{"footnotes":"","_share_on_mastodon":"0"},"categories":[1852],"tags":[115999,3364,29,548,663,3934,30,13,4949,2858,14,15,254868,12,1971,67428,247056],"class_list":["post-1227496","post","type-post","status-publish","format-standard","has-post-thumbnail","category-kiel","tag-avocado","tag-de","tag-deutschland","tag-eu","tag-europa","tag-europe","tag-germany","tag-headlines","tag-kiel","tag-luebeck","tag-nachrichten","tag-news","tag-notaufnahmedaten","tag-schlagzeilen","tag-schleswig-holstein","tag-schnittverletzung","tag-universitaetsklinikum-schleswig-holstein"],"share_on_mastodon":{"url":"https:\/\/pubeurope.com\/@de\/117069162350405663","error":""},"_links":{"self":[{"href":"https:\/\/www.europesays.com\/de\/wp-json\/wp\/v2\/posts\/1227496","targetHints":{"allow":["GET"]}}],"collection":[{"href":"https:\/\/www.europesays.com\/de\/wp-json\/wp\/v2\/posts"}],"about":[{"href":"https:\/\/www.europesays.com\/de\/wp-json\/wp\/v2\/types\/post"}],"author":[{"embeddable":true,"href":"https:\/\/www.europesays.com\/de\/wp-json\/wp\/v2\/users\/2"}],"replies":[{"embeddable":true,"href":"https:\/\/www.europesays.com\/de\/wp-json\/wp\/v2\/comments?post=1227496"}],"version-history":[{"count":0,"href":"https:\/\/www.europesays.com\/de\/wp-json\/wp\/v2\/posts\/1227496\/revisions"}],"wp:featuredmedia":[{"embeddable":true,"href":"https:\/\/www.europesays.com\/de\/wp-json\/wp\/v2\/media\/1227497"}],"wp:attachment":[{"href":"https:\/\/www.europesays.com\/de\/wp-json\/wp\/v2\/media?parent=1227496"}],"wp:term":[{"taxonomy":"category","embeddable":true,"href":"https:\/\/www.europesays.com\/de\/wp-json\/wp\/v2\/categories?post=1227496"},{"taxonomy":"post_tag","embeddable":true,"href":"https:\/\/www.europesays.com\/de\/wp-json\/wp\/v2\/tags?post=1227496"}],"curies":[{"name":"wp","href":"https:\/\/api.w.org\/{rel}","templated":true}]}}