{"id":122751,"date":"2025-05-19T11:51:08","date_gmt":"2025-05-19T11:51:08","guid":{"rendered":"https:\/\/www.europesays.com\/de\/122751\/"},"modified":"2025-05-19T11:51:08","modified_gmt":"2025-05-19T11:51:08","slug":"vfb-stuttgart-im-dfb-pokal-finale-guenther-schaefer-die-vfb-legende-die-mal-ein-bielefelder-war","status":"publish","type":"post","link":"https:\/\/www.europesays.com\/de\/122751\/","title":{"rendered":"VfB Stuttgart im DFB-Pokal-Finale: G\u00fcnther Sch\u00e4fer \u2013 die VfB-Legende, die mal ein Bielefelder war"},"content":{"rendered":"<p>\t\t\t\t\t\t\t\t\t\t\t\t\t\t\t\t\t\t\t\t\t\t\t\t\t\t\t\t      \t\t            \t\t             \t\t\t\t   \t\t\t\t\t   <img decoding=\"async\" id=\"article-image\" fetchpriority=\"high\" alt=\"VfB Stuttgart im DFB-Pokal-Finale: G\u00fcnther Sch\u00e4fer \u2013 die VfB-Legende, die mal ein Bielefelder war\" title=\"VfB Stuttgart im DFB-Pokal-Finale: G\u00fcnther Sch\u00e4fer \u2013 die VfB-Legende, die mal ein Bielefelder war\" src=\"https:\/\/www.europesays.com\/de\/wp-content\/uploads\/2025\/05\/media.media.4e518a58-209e-45f8-bd5a-da1461adb6e3.16x9_700.jpg\" data-linkto=\"https:\/\/www.stuttgarter-nachrichten.de\/javascript:void(0);\"\/>\t\t\t\t\t\t\t\t\t\t\t\t\t\t\t\t\t\t\t\t\t\t\t\tG\u00fcnther Sch\u00e4fer machte f\u00fcr den VfB 331 Bundesligapartien \u2013 spielte aber auch zwei Saisons f\u00fcr Arminia Bielefeld (hier im Duell mit Giovane Elber).\u00a0Foto: imago sportfotodienst\t\t\t<\/p>\n<p>Verteidiger G\u00fcnther Sch\u00e4fer hat sich in die Jahrhundertelf des VfB und von Arminia Bielefeld gespielt. Jetzt kommt es im Pokalfinale zum Rendezvous mit der eigenen Vergangenheit.<\/p>\n<p>In der Bundesliga hat nur einer h\u00e4ufiger als er das Trikot des <a href=\"https:\/\/www.stuttgarter-nachrichten.de\/thema\/VfB_Stuttgart\" title=\"VfB Stuttgart\" class=\"art_thema\" target=\"_blank\" rel=\"noopener\">VfB Stuttgart<\/a> getragen, das war Karl Allg\u00f6wer mit 338 Eins\u00e4tzen. Doch mit nur sieben Partien weniger folgt <a href=\"https:\/\/www.stuttgarter-nachrichten.de\/thema\/G%C3%BCnther_Sch%C3%A4fer\" title=\"G\u00fcnther Sch\u00e4fer\" class=\"art_thema\" target=\"_blank\" rel=\"noopener\">G\u00fcnther Sch\u00e4fer<\/a> als Zweitplatzierter mit kurzem Abstand. Der ehemalige Verteidiger Sch\u00e4fer, der zweifache deutsche Meister von 1992 und 1984, hat beim VfB bereits viele Rollen besetzt. Er war Leiter der Fu\u00dfballschule, Teammanager, Co-Trainer und ist aktuell wie Peter Reichert Teambetreuer der Profis beim VfB. <\/p>\n","protected":false},"excerpt":{"rendered":"G\u00fcnther Sch\u00e4fer machte f\u00fcr den VfB 331 Bundesligapartien \u2013 spielte aber auch zwei Saisons f\u00fcr Arminia Bielefeld (hier&hellip;\n","protected":false},"author":2,"featured_media":122752,"comment_status":"","ping_status":"","sticky":false,"template":"","format":"standard","meta":{"footnotes":""},"categories":[1830],"tags":[2368,1634,296,3364,29,1264,30,46332,34297,4111,1441,2915],"class_list":{"0":"post-122751","1":"post","2":"type-post","3":"status-publish","4":"format-standard","5":"has-post-thumbnail","7":"category-stuttgart","8":"tag-arminia-bielefeld","9":"tag-baden-wuerttemberg","10":"tag-berlin","11":"tag-de","12":"tag-deutschland","13":"tag-dfb-pokal","14":"tag-germany","15":"tag-guenther-schaefer","16":"tag-mtv-video-music-awards","17":"tag-pokalfinale","18":"tag-stuttgart","19":"tag-vfb-stuttgart"},"share_on_mastodon":{"url":"https:\/\/pubeurope.com\/@de\/114534356272478264","error":""},"_links":{"self":[{"href":"https:\/\/www.europesays.com\/de\/wp-json\/wp\/v2\/posts\/122751","targetHints":{"allow":["GET"]}}],"collection":[{"href":"https:\/\/www.europesays.com\/de\/wp-json\/wp\/v2\/posts"}],"about":[{"href":"https:\/\/www.europesays.com\/de\/wp-json\/wp\/v2\/types\/post"}],"author":[{"embeddable":true,"href":"https:\/\/www.europesays.com\/de\/wp-json\/wp\/v2\/users\/2"}],"replies":[{"embeddable":true,"href":"https:\/\/www.europesays.com\/de\/wp-json\/wp\/v2\/comments?post=122751"}],"version-history":[{"count":0,"href":"https:\/\/www.europesays.com\/de\/wp-json\/wp\/v2\/posts\/122751\/revisions"}],"wp:featuredmedia":[{"embeddable":true,"href":"https:\/\/www.europesays.com\/de\/wp-json\/wp\/v2\/media\/122752"}],"wp:attachment":[{"href":"https:\/\/www.europesays.com\/de\/wp-json\/wp\/v2\/media?parent=122751"}],"wp:term":[{"taxonomy":"category","embeddable":true,"href":"https:\/\/www.europesays.com\/de\/wp-json\/wp\/v2\/categories?post=122751"},{"taxonomy":"post_tag","embeddable":true,"href":"https:\/\/www.europesays.com\/de\/wp-json\/wp\/v2\/tags?post=122751"}],"curies":[{"name":"wp","href":"https:\/\/api.w.org\/{rel}","templated":true}]}}